{"id":519881,"date":"2025-11-08T05:49:40","date_gmt":"2025-11-08T05:49:40","guid":{"rendered":"https:\/\/www.europesays.com\/fr\/519881\/"},"modified":"2025-11-08T05:49:40","modified_gmt":"2025-11-08T05:49:40","slug":"compositions-chaine-tv-heure-et-cotes-28","status":"publish","type":"post","link":"https:\/\/www.europesays.com\/fr\/519881\/","title":{"rendered":"Compositions, Cha\u00eene TV, Heure et Cotes"},"content":{"rendered":"<p style=\"text-align: justify;\"><strong>LIGUE 1 2025-2026 \u2013 \u00c0 quelle heure et sur quelle cha\u00eene TV suivre le match de Ligue 1 entre le RC Strasbourg et le Lille OSC ? Retrouvez \u00e9galement les compositions des deux \u00e9quipes.<\/strong><\/p>\n<p style=\"text-align: justify;\">La rencontre entre le <strong>RC Strasbourg<\/strong>\u00a0et le <strong>Lille OSC<\/strong>, comptant pour la douzi\u00e8me journ\u00e9e de Ligue 1 2025\/2026, aura lieu le dimanche 9 novembre 2025 \u00e0 17h15, au Stade de La Meinau de Strasbourg.<\/p>\n<p>Fortunes diverses en Europe<\/p>\n<p style=\"text-align: justify;\"><strong>Strasbourg<\/strong> semble \u00e0 sa place en ce d\u00e9but de saison, si\u00e9geant en 7\u00e8me position au classement de Ligue 1. Mais les Alsaciens ne comptent qu\u2019une victoire sur leurs quatre derniers matchs, et se sont \u00e9croul\u00e9s \u00e0 Rennes dimanche dernier. N\u00e9anmoins, ils ont rebondi ce jeudi en allant chercher une victoire <strong>1-2<\/strong> \u00e0 H\u00e4cken, qui les placent en position id\u00e9ale pour une place dans le Top 8 de Ligue Conf\u00e9rence. Reste \u00e0 savoir s\u2019ils pourront encha\u00eener avant la tr\u00eave.<\/p>\n<p style=\"text-align: justify;\"><strong>Lille<\/strong>, de son c\u00f4t\u00e9, a \u00e9galement jou\u00e9 sur la sc\u00e8ne continentale cette semaine, mais avec un r\u00e9sultat diff\u00e9rent. Les Dogues se sont inclin\u00e9s <strong>1-0<\/strong> sur la pelouse de l\u2019\u00c9toile Rouge de Belgrade, pour une deuxi\u00e8me d\u00e9faite d\u2019affil\u00e9e en Ligue Europa. Mais sur le plan national, le LOSC est en quatri\u00e8me place, \u00e0 quatre points de la t\u00eate, et a remport\u00e9 trois de ses quatre derniers matchs de Ligue 1. Un succ\u00e8s en Alsace pourrait \u00e9ventuellement permettre de passer la tr\u00eave internationale sur le podium.<\/p>\n<p><a href=\"https:\/\/dicodusport.fr\/blog\/ligue-europa-2025-2026-j4-lille-craque-en-fin-de-match-et-enchaine-une-deuxieme-defaite-europeenne\/\" class=\"vlp-link\" title=\"Ligue Europa 2025\/2026 (J4) : Lille craque en fin de match et encha\u00eene une deuxi\u00e8me d\u00e9faite europ\u00e9enne\" target=\"_blank\" rel=\"noopener\"><img loading=\"lazy\" decoding=\"async\" style=\"max-width: 792px;\" width=\"792\" height=\"445\" class=\"attachment-800x445 size-800x445 perfmatters-lazy\" alt=\"Ligue Europa 20252026 (J4) Lille craque en fin de match et encha\u00eene une deuxi\u00e8me d\u00e9faite europ\u00e9enne\" src=\"https:\/\/www.europesays.com\/fr\/wp-content\/uploads\/2025\/11\/Ligue-Europa-20252026-J4-Lille-craque-en-fin-de-match-et-enchaine-une-deuxieme-defaite-europeenne.pn.png\"  data-\/><\/p>\n<p>Ligue Europa 2025\/2026 (J4) : Lille craque en fin de match et encha\u00eene une deuxi\u00e8me d\u00e9faite europ\u00e9enne<\/p>\n<p>Dans le froid polaire de Belgrade, Lille s\u2019est inclin\u00e9 1-0 face \u00e0 l\u2019\u00c9toile Rouge, sur un penalty conc\u00e9d\u00e9 par Berke \u00d6zer. Un nouveau revers frustrant pour les Dogues.<\/p>\n<p>Lire l&rsquo;article<\/p>\n<p>dicodusport.fr<\/p>\n<p style=\"text-align: justify;\">La saison derni\u00e8re, les deux \u00e9quipes s\u2019\u00e9taient s\u00e9par\u00e9es sur un nul spectaculaire <strong>3-3<\/strong> dans le Nord, mais Strasbourg avait remport\u00e9 la deuxi\u00e8me manche <strong>2-1<\/strong> \u00e0 domicile. Chez les bookmakers, Lille est un timide favori pour cette rencontre.<\/p>\n<p>Ligue 1 : Le programme TV de Strasbourg \u2013 Lille<br \/>\nDimanche 9 novembre 2025<\/p>\n<p style=\"text-align: justify;\"><b>Match diffus\u00e9 sur Ligue 1+ <\/b>: D\u00e9but du match \u00e0<strong> 17h15.<\/strong><\/p>\n<p>Les compositions officielles de Strasbourg \u2013 Lille<br \/>\nLa composition de Strasbourg<\/p>\n<p style=\"text-align: justify;\">\u00c0 venir<\/p>\n<p>La composition de Lille<\/p>\n<p style=\"text-align: justify;\">\u00c0 venir<\/p>\n<p>Les cotes de Strasbourg \u2013 Lille<\/p>\n<tr style=\"height: 16px;\">\n<td style=\"background-color: #404040; border-color: #ededed; width: 840px; text-align: left;\" colspan=\"3\"><strong><img loading=\"lazy\" decoding=\"async\" class=\"alignnone wp-image-512842 perfmatters-lazy\" alt=\"\" width=\"14\" height=\"13\" src=\"https:\/\/www.europesays.com\/fr\/wp-content\/uploads\/2025\/05\/Logo-Winamax.png\"  data-\/> Dimanche 9 novembre 17h15<\/strong><\/td>\n<\/tr>\n<tr style=\"height: 24px;\">\n<td style=\"background-color: #ffffff; border-color: #ededed; vertical-align: middle; text-align: center; width: 266px;\"><strong>Strasbourg<br \/><\/strong><a href=\"https:\/\/www.winamax.fr\/paris-sportifs\/match\/61526192?banid=33423\" class=\"su-button su-button-style-flat su-button-wide\" style=\"color:#fff;background-color:#0860ff;border-color:#074dcc;border-radius:5px\" target=\"_blank\" rel=\"noopener noreferrer\"> 2.55<\/a><\/td>\n<td style=\"background-color: #ffffff; border-color: #ededed; vertical-align: middle; text-align: center; width: 266px;\"><strong>Match nul<\/strong><br \/><a href=\"https:\/\/www.winamax.fr\/paris-sportifs\/match\/61526192?banid=33423\" class=\"su-button su-button-style-flat su-button-wide\" style=\"color:#fff;background-color:#0860ff;border-color:#074dcc;border-radius:5px\" target=\"_blank\" rel=\"noopener noreferrer\"> 3.45<\/a><\/td>\n<td style=\"background-color: #ffffff; border-color: #ededed; vertical-align: middle; text-align: center; width: 266px;\"><strong>Lille<\/strong><br \/><a href=\"https:\/\/www.winamax.fr\/paris-sportifs\/match\/61526192?banid=33423\" class=\"su-button su-button-style-flat su-button-wide\" style=\"color:#fff;background-color:#0860ff;border-color:#074dcc;border-radius:5px\" target=\"_blank\" rel=\"noopener noreferrer\"> 2.40<\/a><\/td>\n<\/tr>\n<p style=\"text-align: justify;\">Tentez votre chance en profitant de votre <a href=\"https:\/\/www.winamax.fr\/registration\/landing\/affiliation_Bonus100?banid=33423\" target=\"_blank\" rel=\"noopener\">1er d\u00e9p\u00f4t doubl\u00e9 jusqu\u2019\u00e0 100 \u20ac<\/a> direct en paris gratuits sur Winamax !<\/p>\n<p>\n<a href=\"https:\/\/dicodusport.fr\/blog\/offres\/abonnements-sans-pub\/\" target=\"_blank\" rel=\"noopener\"><img loading=\"lazy\" decoding=\"async\" class=\"alignnone size-full wp-image-501284 perfmatters-lazy\" alt=\"\" width=\"1200\" height=\"200\" src=\"https:\/\/www.europesays.com\/fr\/wp-content\/uploads\/2025\/04\/Abonnements-sans-pubs-Dicodusport.png\"\/><\/a><\/p>\n","protected":false},"excerpt":{"rendered":"LIGUE 1 2025-2026 \u2013 \u00c0 quelle heure et sur quelle cha\u00eene TV suivre le match de Ligue 1&hellip;\n","protected":false},"author":2,"featured_media":519882,"comment_status":"","ping_status":"","sticky":false,"template":"","format":"standard","meta":{"footnotes":""},"categories":[2815],"tags":[1111,11,2113,1777,674,63,1011,27,811,66,1307,44780,12,502,28836,25],"class_list":{"0":"post-519881","1":"post","2":"type-post","3":"status-publish","4":"format-standard","5":"has-post-thumbnail","7":"category-lille","8":"tag-actu","9":"tag-actualites","10":"tag-breve","11":"tag-eu","12":"tag-europe","13":"tag-football","14":"tag-fr","15":"tag-france","16":"tag-hauts-de-france","17":"tag-ligue-1","18":"tag-lille","19":"tag-lille-osc","20":"tag-news","21":"tag-programme-tv","22":"tag-rc-strasbourg-alsace","23":"tag-republique-francaise"},"share_on_mastodon":{"url":"https:\/\/pubeurope.com\/@fr\/115512513193724908","error":""},"_links":{"self":[{"href":"https:\/\/www.europesays.com\/fr\/wp-json\/wp\/v2\/posts\/519881","targetHints":{"allow":["GET"]}}],"collection":[{"href":"https:\/\/www.europesays.com\/fr\/wp-json\/wp\/v2\/posts"}],"about":[{"href":"https:\/\/www.europesays.com\/fr\/wp-json\/wp\/v2\/types\/post"}],"author":[{"embeddable":true,"href":"https:\/\/www.europesays.com\/fr\/wp-json\/wp\/v2\/users\/2"}],"replies":[{"embeddable":true,"href":"https:\/\/www.europesays.com\/fr\/wp-json\/wp\/v2\/comments?post=519881"}],"version-history":[{"count":0,"href":"https:\/\/www.europesays.com\/fr\/wp-json\/wp\/v2\/posts\/519881\/revisions"}],"wp:featuredmedia":[{"embeddable":true,"href":"https:\/\/www.europesays.com\/fr\/wp-json\/wp\/v2\/media\/519882"}],"wp:attachment":[{"href":"https:\/\/www.europesays.com\/fr\/wp-json\/wp\/v2\/media?parent=519881"}],"wp:term":[{"taxonomy":"category","embeddable":true,"href":"https:\/\/www.europesays.com\/fr\/wp-json\/wp\/v2\/categories?post=519881"},{"taxonomy":"post_tag","embeddable":true,"href":"https:\/\/www.europesays.com\/fr\/wp-json\/wp\/v2\/tags?post=519881"}],"curies":[{"name":"wp","href":"https:\/\/api.w.org\/{rel}","templated":true}]}}