{"id":519891,"date":"2025-11-08T05:55:15","date_gmt":"2025-11-08T05:55:15","guid":{"rendered":"https:\/\/www.europesays.com\/fr\/519891\/"},"modified":"2025-11-08T05:55:15","modified_gmt":"2025-11-08T05:55:15","slug":"le-port-du-masque-redevient-obligatoire-dans-les-hopitaux-de-paris-a-cause-dun-virus-tres-contagieux","status":"publish","type":"post","link":"https:\/\/www.europesays.com\/fr\/519891\/","title":{"rendered":"Le port du masque redevient obligatoire dans les h\u00f4pitaux de Paris \u00e0 cause d&rsquo;un virus tr\u00e8s contagieux"},"content":{"rendered":"<p>            Par<br \/>\n        <strong><br \/>\n            <a href=\"https:\/\/actu.fr\/auteur\/thomas-martin\" title=\"Consulter tous les articles de Thomas Martin\" target=\"_blank\" rel=\"noopener\">Thomas Martin<\/a><br \/>\n        <\/strong><\/p>\n<p>        Publi\u00e9 le<\/p>\n<p>            8 nov. 2025 \u00e0 6h14        <\/p>\n<p>La consigne est claire : \u00ab\u00a0un <strong>masque chirurgical<\/strong> doit \u00eatre port\u00e9 par tous \u00e0 l\u2019h\u00f4pital\u00a0\u00bb. Depuis fin octobre, l\u2019Assistance publique \u2013 H\u00f4pitaux de Paris (<a href=\"https:\/\/actu.fr\/tag\/aphp\" target=\"_blank\" rel=\"noopener\">AP-HP<\/a>) oblige toutes les personnes de plus de six ans \u00e0 \u00eatre masqu\u00e9es d\u00e8s l\u2019entr\u00e9e, \u00ab\u00a0au sein des espaces dans lesquels circulent des patients\u00a0\u00bb. \u00ab\u00a0Ces recommandations seront mises \u00e0 jour pour tenir compte de l\u2019\u00e9volution des \u00e9pid\u00e9mies hivernales\u00a0\u00bb, pr\u00e9cise l\u2019AP-HP sur son site.\u00a0<\/p>\n<p>Qui doit porter le masque ?\u00a0<\/p>\n<p class=\" wall-content\">Concr\u00e8tement, le masque doit donc \u00eatre port\u00e9 par les professionnels, les patients dans leur chambre mais \u00e9galement dans les salles d\u2019attente et lorsqu\u2019ils circulent dans l\u2019h\u00f4pital, les intervenants au contact des patients y compris les ambulanciers et les b\u00e9n\u00e9voles ainsi que les visiteurs et accompagnants.\u00a0<\/p>\n<p class=\" wall-content\">La raison de cette prise de d\u00e9cision ? Officiellement, le <a href=\"https:\/\/actu.fr\/societe\/coronavirus\" target=\"_blank\" rel=\"noopener\">Covid<\/a> ou la <a href=\"https:\/\/actu.fr\/tag\/grippe\" target=\"_blank\" rel=\"noopener\">grippe<\/a> ne sont pas en cause. La raison invoqu\u00e9e par les H\u00f4pitaux de Paris est le passage de la r\u00e9gion \u00cele-de-France en phase d\u2019\u00e9pid\u00e9mie de virus respiratoire syncytial. Un virus tr\u00e8s courant pendant la p\u00e9riode hivernal et tr\u00e8s contagieux.\u00a0<\/p>\n<p>Le nez, la gorge et les poumons touch\u00e9s<\/p>\n<p class=\" wall-content\">Celui-ci se transmet par voie a\u00e9rienne via la toux et les \u00e9ternuements des personnes infect\u00e9es ; par contact direct avec une personne infect\u00e9e ou par contact indirect avec des objets ou des surfaces infect\u00e9s (jouet, mouchoir, t\u00e9l\u00e9phone, meuble etc.).<\/p>\n<p class=\" wall-content\">Ce virus infecte les voies respiratoires sup\u00e9rieures (nez et gorge) et peut aussi toucher les poumons.<\/p>\n<p class=\" wall-content\">\u00ab\u00a0Le plus souvent, chez les grands enfants et les adultes notamment, le virus provoque des sympt\u00f4mes l\u00e9gers, semblables \u00e0 ceux du rhume : encombrement et \u00e9coulement nasal, irritation de la gorge, toux, fi\u00e8vre, etc\u2026, d\u00e9crit l\u2019<a href=\"https:\/\/ansm.sante.fr\/dossiers-thematiques\/le-virus-respiratoire-syncytial-vrs\" target=\"_blank\" rel=\"noopener\">Association nationale de s\u00e9curit\u00e9 du m\u00e9dicament et des produits de sant\u00e9<\/a> sur son site.\u00a0 Ces sympt\u00f4mes gu\u00e9rissent au bout de quelques jours mais les gestes barri\u00e8res sont essentiels, comme avec tout virus, car le VRS est contagieux au cours de cette p\u00e9riode\u00a0\u00bb.<\/p>\n<p class=\" wall-content\">Chez les enfants de moins de deux ans, il peut provoquer des infections des voies respiratoires inf\u00e9rieures diagnostiqu\u00e9es majoritairement comme une bronchiolite.<\/p>\n<p class=\" wall-content\">Personnalisez votre actualit\u00e9 en ajoutant vos villes et m\u00e9dias en favori avec <a href=\"https:\/\/moncompte.actu.fr\" title=\"D\u00e9couvez Mon Actu\" rel=\"nofollow noopener\" data-trk=\"{&quot;cta&quot;:{&quot;action&quot;:&quot;https:\\\/\\\/moncompte.actu.fr&quot;,&quot;category&quot;:&quot;mon compte&quot;,&quot;from&quot;:&quot;article footer&quot;,&quot;name&quot;:&quot;Mon actu&quot;,&quot;type&quot;:&quot;cta&quot;}}\" target=\"_blank\">Mon Actu<\/a>.<\/p>\n","protected":false},"excerpt":{"rendered":"Par Thomas Martin Publi\u00e9 le 8 nov. 2025 \u00e0 6h14 La consigne est claire : \u00ab\u00a0un masque chirurgical&hellip;\n","protected":false},"author":2,"featured_media":519892,"comment_status":"","ping_status":"","sticky":false,"template":"","format":"standard","meta":{"footnotes":""},"categories":[1592],"tags":[1111,11,15182,1777,674,1011,27,662,61204,12,626,25,71,104],"class_list":{"0":"post-519891","1":"post","2":"type-post","3":"status-publish","4":"format-standard","5":"has-post-thumbnail","7":"category-ile-de-france","8":"tag-actu","9":"tag-actualites","10":"tag-aphp","11":"tag-eu","12":"tag-europe","13":"tag-fr","14":"tag-france","15":"tag-ile-de-france","16":"tag-masque","17":"tag-news","18":"tag-paris","19":"tag-republique-francaise","20":"tag-sante","21":"tag-societe"},"share_on_mastodon":{"url":"https:\/\/pubeurope.com\/@fr\/115512536371278867","error":""},"_links":{"self":[{"href":"https:\/\/www.europesays.com\/fr\/wp-json\/wp\/v2\/posts\/519891","targetHints":{"allow":["GET"]}}],"collection":[{"href":"https:\/\/www.europesays.com\/fr\/wp-json\/wp\/v2\/posts"}],"about":[{"href":"https:\/\/www.europesays.com\/fr\/wp-json\/wp\/v2\/types\/post"}],"author":[{"embeddable":true,"href":"https:\/\/www.europesays.com\/fr\/wp-json\/wp\/v2\/users\/2"}],"replies":[{"embeddable":true,"href":"https:\/\/www.europesays.com\/fr\/wp-json\/wp\/v2\/comments?post=519891"}],"version-history":[{"count":0,"href":"https:\/\/www.europesays.com\/fr\/wp-json\/wp\/v2\/posts\/519891\/revisions"}],"wp:featuredmedia":[{"embeddable":true,"href":"https:\/\/www.europesays.com\/fr\/wp-json\/wp\/v2\/media\/519892"}],"wp:attachment":[{"href":"https:\/\/www.europesays.com\/fr\/wp-json\/wp\/v2\/media?parent=519891"}],"wp:term":[{"taxonomy":"category","embeddable":true,"href":"https:\/\/www.europesays.com\/fr\/wp-json\/wp\/v2\/categories?post=519891"},{"taxonomy":"post_tag","embeddable":true,"href":"https:\/\/www.europesays.com\/fr\/wp-json\/wp\/v2\/tags?post=519891"}],"curies":[{"name":"wp","href":"https:\/\/api.w.org\/{rel}","templated":true}]}}