{"id":519893,"date":"2025-11-08T05:56:10","date_gmt":"2025-11-08T05:56:10","guid":{"rendered":"https:\/\/www.europesays.com\/fr\/519893\/"},"modified":"2025-11-08T05:56:10","modified_gmt":"2025-11-08T05:56:10","slug":"une-injustice-pour-un-employe-qui-lance-une-petition","status":"publish","type":"post","link":"https:\/\/www.europesays.com\/fr\/519893\/","title":{"rendered":"\u00ab une injustice \u00bb pour un employ\u00e9, qui lance une p\u00e9tition"},"content":{"rendered":"<p>            Par<br \/>\n        <strong><br \/>\n            <a href=\"https:\/\/actu.fr\/auteur\/thomas-rideau\" title=\"Consulter tous les articles de Thomas Rideau\" target=\"_blank\" rel=\"noopener\">Thomas Rideau<\/a><br \/>\n        <\/strong><\/p>\n<p>        Publi\u00e9 le<\/p>\n<p>            8 nov. 2025 \u00e0 6h40        <\/p>\n<p>C\u2019est la fin de <strong>Gibert Joseph<\/strong> dans le 13\u1d49 arrondissement de <a href=\"https:\/\/actu.fr\/paris\/\" target=\"_blank\" rel=\"noopener\">Paris<\/a>. Le bail commercial ne sera pas renouvel\u00e9, a annonc\u00e9 la direction du groupe \u00e0 <a href=\"https:\/\/actualitte.com\/article\/127111\/librairie\/gibert-joseph-dans-le-13e-les-moyens-humains-et-materiels-n-etaient-pas-suffisants\" target=\"_blank\" rel=\"noopener\">ActuaLitt\u00e9<\/a>. L\u2019embl\u00e9matique enseigne de livres d\u2019occasion fermera ses portes pour de bon <strong>en juin\u00a02026<\/strong>. Un cr\u00e8ve-c\u0153ur pour l\u2019un des salari\u00e9s,<strong> Pascal Deynat<\/strong>, libraire depuis presque 30\u00a0ans, qui a pris la parole et <a href=\"https:\/\/petitions.assemblee-nationale.fr\/initiatives\/i-4443?fbclid=IwZXh0bgNhZW0CMTAAYnJpZBExcDVCZGV6Q2pZbnd3RlY0eHNydGMGYXBwX2lkEDIyMjAzOTE3ODgyMDA4OTIAAR6K4butjWL2zZ-7JjvRT1n86FxvkUdC8Og5pBBn3qMf4DuJMa79n8d5fHsBZA_aem_t3G8B0482o5ga-YUQ1OrXg\" target=\"_blank\" rel=\"noopener\">lanc\u00e9 une p\u00e9tition<\/a> pour que cette situation ne se reproduise plus.<\/p>\n<p>Un loyer trop \u00e9lev\u00e9\u2009?<\/p>\n<p class=\" wall-content\">\u00ab\u2009Crise du Covid, d\u00e9saffection de la client\u00e8le, concurrence d\u2019Internet, le secteur de la librairie a subi ces derni\u00e8res ann\u00e9es une s\u00e9rie de lames de fond destructrices\u2009\u00bb, <strong>d\u00e9plore le libraire <\/strong>de la boutique de la rue Marie-Andr\u00e9e-Lagroua-Weill-Hall\u00e9, sur le site des p\u00e9titions de <strong>l\u2019Assembl\u00e9e nationale<\/strong>.<\/p>\n<p class=\" wall-content\">\u00ab\u2009Dans ce quartier pourtant id\u00e9alement plac\u00e9 \u00e0 proximit\u00e9 des universit\u00e9s Paris Cit\u00e9, l\u2019universit\u00e9 de Chicago, l\u2019Inalco (Institut national des langues et civilisations orientales) et autres <strong>\u00e9tablissements prestigieux<\/strong>\u2009\u00bb, le commerce n\u2019a pas r\u00e9ussi \u00e0 tirer son \u00e9pingle du jeu. Mais, d\u2019apr\u00e8s Pascal Deynat, c\u2019est surtout le loyer qui a fait office de dernier clou dans le cercueil de la boutique.<\/p>\n<p>Amertume pour le libraire<\/p>\n<p class=\" wall-content\">\u00ab\u2009Avec un loyer \u00e9gal \u00e0 notre chiffre d\u2019affaires,<strong> soit plus de 30\u2009000\u00a0euros<\/strong> mensuels, il \u00e9tait impossible de maintenir le cap\u2009\u00bb, regrette-t-il am\u00e8rement. \u00c0 noter qu\u2019il est g\u00e9n\u00e9ralement admis qu\u2019<a href=\"https:\/\/actu.fr\/normandie\/rouen_76540\/il-nous-a-empeches-de-vivre-le-loyer-des-commerces-est-il-trop-eleve-dans-le-centre-ville-rouen_63198088.html\" target=\"_blank\" rel=\"noopener\">un loyer commercial doit \u00eatre \u00e9gal \u00e0 5\u2009%<\/a> du chiffre d\u2019affaires, 7\u2009% si la boutique est id\u00e9alement plac\u00e9e.<\/p>\n<p class=\" wall-content\">Une situation rageante pour le libraire qui souhaite voir la loi changer pour \u00e9viter ce genre de situation dans le futur. Pour cela, <strong>il a lanc\u00e9 une p\u00e9tition<\/strong>. \u00ab\u2009Les exemples d\u2019augmentations ind\u00e9centes des baux commerciaux sont nombreux et, chaque jour, de nouvelles librairies et lieux culturels sont oblig\u00e9s de fermer pour cette raison\u2009\u00bb, pr\u00e9cise-t-il, qualifiant cette situation \u00ab\u2009injuste\u2009\u00bb.<\/p>\n<blockquote class=\"ac-article-quote wall-content\">\n<p>C\u2019est l\u2019avenir de notre vie quotidienne qui risque d\u2019\u00eatre impact\u00e9 \u00e0 plus ou moins br\u00e8ves \u00e9ch\u00e9ances si les bailleurs ne reviennent pas \u00e0 la raison<\/p>\n<p>    <strong>Pascal Deynat<\/strong><br \/>\n        Libraire chez Gibert-Joseph    <\/p><\/blockquote>\n<p class=\" wall-content\">Pr\u00e9cis\u00e9ment, via sa p\u00e9tition, il demande <strong>l\u2019encadrement des loyers<\/strong> des commerces \u00e0 hauteur de 10\u2009% du chiffre d\u2019affaires. Et m\u00eame s\u2019il se fait peu d\u2019illusion sur la r\u00e9ussite de sa d\u00e9marche, il veut \u00ab\u2009mettre un peu de lumi\u00e8re sur ceux dont les comp\u00e9tences et le sourire les d\u00e9marquent de la froideur d\u2019Internet\u2009\u00bb.<\/p>\n<p>Votre r\u00e9gion, votre actu !<\/p>\n<p>Recevez chaque jour les infos qui comptent pour vous.<\/p>\n<p>\t<a href=\"https:\/\/actu.fr\/newsletter\" class=\"ac-btn ac-btn--corner ac-btn--medium ac-btn--blue800\" target=\"_blank\" rel=\"noopener\">S&rsquo;incrire<\/a><\/p>\n<p class=\" wall-content\">Concr\u00e8tement, sa p\u00e9tition doit d\u2019abord d\u00e9passer<strong> les 100\u2009000 signatures<\/strong> pour passer un premier cap et \u00eatre discut\u00e9e en commission par les d\u00e9put\u00e9s. Et si les 500\u2009000 sont d\u00e9pass\u00e9s, sa proposition doit alors \u00eatre d\u00e9battue dans l\u2019h\u00e9micycle. Et si la fermeture d\u2019un Gibert dans le 13e d\u00e9bouchait sur une loi utile pour les commer\u00e7ants\u2009?<\/p>\n<p class=\" wall-content\">Contact\u00e9e, la librairie Gibert Joseph n\u2019a, pour l\u2019instant, pas donn\u00e9 suite \u00e0 nos questions. Selon le m\u00e9dia sp\u00e9cialis\u00e9 ActuaLitt\u00e9, <strong>les salari\u00e9s<\/strong> de la boutique du 13\u1d49 arrondissement seront r\u00e9affect\u00e9s dans les autres librairies du groupe.<\/p>\n<p class=\" wall-content\">Personnalisez votre actualit\u00e9 en ajoutant vos villes et m\u00e9dias en favori avec <a href=\"https:\/\/moncompte.actu.fr\" title=\"D\u00e9couvez Mon Actu\" rel=\"nofollow noopener\" data-trk=\"{&quot;cta&quot;:{&quot;action&quot;:&quot;https:\\\/\\\/moncompte.actu.fr&quot;,&quot;category&quot;:&quot;mon compte&quot;,&quot;from&quot;:&quot;article footer&quot;,&quot;name&quot;:&quot;Mon actu&quot;,&quot;type&quot;:&quot;cta&quot;}}\" target=\"_blank\">Mon Actu<\/a>.<\/p>\n","protected":false},"excerpt":{"rendered":"Par Thomas Rideau Publi\u00e9 le 8 nov. 2025 \u00e0 6h40 C\u2019est la fin de Gibert Joseph dans le&hellip;\n","protected":false},"author":2,"featured_media":519894,"comment_status":"","ping_status":"","sticky":false,"template":"","format":"standard","meta":{"footnotes":""},"categories":[1888],"tags":[1111,1928,11,1927,215,33,1777,674,1011,27,1380,12,1926,626,1925,25],"class_list":{"0":"post-519893","1":"post","2":"type-post","3":"status-publish","4":"format-standard","5":"has-post-thumbnail","7":"category-paris","8":"tag-actu","9":"tag-actu-paris","10":"tag-actualites","11":"tag-actualites-paris","12":"tag-commerce","13":"tag-economie","14":"tag-eu","15":"tag-europe","16":"tag-fr","17":"tag-france","18":"tag-livres","19":"tag-news","20":"tag-news-paris","21":"tag-paris","22":"tag-paris-news","23":"tag-republique-francaise"},"share_on_mastodon":{"url":"https:\/\/pubeurope.com\/@fr\/115512540140400013","error":""},"_links":{"self":[{"href":"https:\/\/www.europesays.com\/fr\/wp-json\/wp\/v2\/posts\/519893","targetHints":{"allow":["GET"]}}],"collection":[{"href":"https:\/\/www.europesays.com\/fr\/wp-json\/wp\/v2\/posts"}],"about":[{"href":"https:\/\/www.europesays.com\/fr\/wp-json\/wp\/v2\/types\/post"}],"author":[{"embeddable":true,"href":"https:\/\/www.europesays.com\/fr\/wp-json\/wp\/v2\/users\/2"}],"replies":[{"embeddable":true,"href":"https:\/\/www.europesays.com\/fr\/wp-json\/wp\/v2\/comments?post=519893"}],"version-history":[{"count":0,"href":"https:\/\/www.europesays.com\/fr\/wp-json\/wp\/v2\/posts\/519893\/revisions"}],"wp:featuredmedia":[{"embeddable":true,"href":"https:\/\/www.europesays.com\/fr\/wp-json\/wp\/v2\/media\/519894"}],"wp:attachment":[{"href":"https:\/\/www.europesays.com\/fr\/wp-json\/wp\/v2\/media?parent=519893"}],"wp:term":[{"taxonomy":"category","embeddable":true,"href":"https:\/\/www.europesays.com\/fr\/wp-json\/wp\/v2\/categories?post=519893"},{"taxonomy":"post_tag","embeddable":true,"href":"https:\/\/www.europesays.com\/fr\/wp-json\/wp\/v2\/tags?post=519893"}],"curies":[{"name":"wp","href":"https:\/\/api.w.org\/{rel}","templated":true}]}}