{"id":519897,"date":"2025-11-08T05:58:18","date_gmt":"2025-11-08T05:58:18","guid":{"rendered":"https:\/\/www.europesays.com\/fr\/519897\/"},"modified":"2025-11-08T05:58:18","modified_gmt":"2025-11-08T05:58:18","slug":"une-adolescente-meurt-electrocutee-en-utilisant-son-telephone-dans-son-bain","status":"publish","type":"post","link":"https:\/\/www.europesays.com\/fr\/519897\/","title":{"rendered":"une adolescente meurt \u00e9lectrocut\u00e9e en utilisant son t\u00e9l\u00e9phone dans son bain"},"content":{"rendered":"<p>            Par<br \/>\n        <strong><br \/>\n            <a href=\"https:\/\/actu.fr\/auteur\/julie-bossart-actu-fr\" title=\"Consulter tous les articles de Julie Bossart\" rel=\"nofollow noopener\" target=\"_blank\">Julie Bossart<\/a><br \/>\n        <\/strong><\/p>\n<p>        Publi\u00e9 le<\/p>\n<p>            7 nov. 2025 \u00e0 16h32        <\/p>\n<p>Un dramatique accident a emport\u00e9 une adolescente \u00e0 <a href=\"https:\/\/actu.fr\/paris\/dernieres-actus\" rel=\"nofollow noopener\" target=\"_blank\">Paris<\/a>. La jeune fille de 17\u00a0ans est morte \u00e9lectrocut\u00e9e dans son bain, a r\u00e9v\u00e9l\u00e9 <a href=\"https:\/\/www.bfmtv.com\/societe\/video-une-adolescente-meurt-dans-son-bain-electrocutee-a-cause-de-son-telephone_VN-202511060606.html\" rel=\"nofollow noopener\" target=\"_blank\">BFMTV<\/a>. Elle utilisait alors son t\u00e9l\u00e9phone portable qui \u00e9tait en charge. Une information confirm\u00e9e ce vendredi 7\u00a0novembre \u00e0 actu, qui a par ailleurs appris que les faits se sont d\u00e9roul\u00e9s le 31\u00a0octobre 2025, dans le 15e arrondissement.<\/p>\n<p>\u00ab\u00a0On sait qu\u2019il y a des trucs \u00e0 ne pas faire avec son t\u00e9l\u00e9phone\u00a0\u00bb<\/p>\n<p class=\" wall-content\">Contact\u00e9, le rectorat n\u2019a pas souhait\u00e9 communiquer sur cet \u00e9v\u00e9nement qui s\u2019est \u00ab\u2009d\u00e9roul\u00e9 hors du temps scolaire\u2009\u00bb. Aux abords de l\u2019\u00e9tablissement o\u00f9 \u00e9tait scolaris\u00e9e la jeune victime, le lyc\u00e9e Victor-Duruy (7e), \u00e0 l\u2019\u00e9vocation du drame, les sourires qui \u00e9clairaient le visage des \u00e9l\u00e8ves pr\u00eats \u00e0 partir en week-end disparaissent subitement.<\/p>\n<p class=\" wall-content\">Dans ce petit groupe, tout le monde a entendu parler des circonstances tragiques de la disparition de leur camarade. Difficile de savoir si une cellule de soutien psychologique a \u00e9t\u00e9 mise en place, la direction du lyc\u00e9e comme un syndicat de parents d\u2019\u00e9l\u00e8ves nous expliquant \u00e0 leur tour qu\u2019ils ne s\u2019exprimeraient pas. Une jeune fille l\u00e2che\u2009: \u00ab\u2009Oui, oui, on sait qu\u2019il y a des trucs \u00e0 ne pas faire avec son t\u00e9l\u00e9phone.\u2009\u00bb<\/p>\n<p class=\" wall-content\">\u00c0 nos confr\u00e8res de BFMTV, un \u00e9l\u00e8ve confiait\u2009: \u00ab\u2009\u00c7a perturbe quand m\u00eame parce que \u00e7a nous rappelle qu\u2019on est toujours en danger malgr\u00e9 toutes les s\u00e9curit\u00e9s qui peuvent \u00eatre mises en place devant nous.\u2009\u00bb<\/p>\n<p class=\" wall-content\">Selon le <a href=\"https:\/\/www.diagnostiqueur-immobilier.fr\/wp-content\/uploads\/2024\/04\/ONSE-Baro2024.pdf\" rel=\"nofollow noopener\" target=\"_blank\">barom\u00e8tre 2024<\/a> de l\u2019Observatoire national de la s\u00e9curit\u00e9 \u00e9lectrique (ONSE), chaque ann\u00e9e en France, 3\u2009000 passages aux urgences sont dus \u00e0 des \u00e9lectrisations. Quatre \u00e9lectrisations sur cinq ont lieu au domicile. Trente \u00e0 quarante personnes des d\u00e9c\u00e8s accidentels le sont par \u00e9lectrocution.<\/p>\n<p class=\" wall-content\">Personnalisez votre actualit\u00e9 en ajoutant vos villes et m\u00e9dias en favori avec <a href=\"https:\/\/moncompte.actu.fr\" title=\"D\u00e9couvez Mon Actu\" rel=\"nofollow noopener\" data-trk=\"{&quot;cta&quot;:{&quot;action&quot;:&quot;https:\\\/\\\/moncompte.actu.fr&quot;,&quot;category&quot;:&quot;mon compte&quot;,&quot;from&quot;:&quot;article footer&quot;,&quot;name&quot;:&quot;Mon actu&quot;,&quot;type&quot;:&quot;cta&quot;}}\" target=\"_blank\">Mon Actu<\/a>.<\/p>\n","protected":false},"excerpt":{"rendered":"Par Julie Bossart Publi\u00e9 le 7 nov. 2025 \u00e0 16h32 Un dramatique accident a emport\u00e9 une adolescente \u00e0&hellip;\n","protected":false},"author":2,"featured_media":519898,"comment_status":"","ping_status":"","sticky":false,"template":"","format":"standard","meta":{"footnotes":""},"categories":[1888],"tags":[29011,119,11,1777,674,118,1011,27,12,626,25],"class_list":{"0":"post-519897","1":"post","2":"type-post","3":"status-publish","4":"format-standard","5":"has-post-thumbnail","7":"category-paris","8":"tag-academie-de-paris","9":"tag-accident","10":"tag-actualites","11":"tag-eu","12":"tag-europe","13":"tag-faits-divers","14":"tag-fr","15":"tag-france","16":"tag-news","17":"tag-paris","18":"tag-republique-francaise"},"share_on_mastodon":{"url":"https:\/\/pubeurope.com\/@fr\/115512548065343858","error":""},"_links":{"self":[{"href":"https:\/\/www.europesays.com\/fr\/wp-json\/wp\/v2\/posts\/519897","targetHints":{"allow":["GET"]}}],"collection":[{"href":"https:\/\/www.europesays.com\/fr\/wp-json\/wp\/v2\/posts"}],"about":[{"href":"https:\/\/www.europesays.com\/fr\/wp-json\/wp\/v2\/types\/post"}],"author":[{"embeddable":true,"href":"https:\/\/www.europesays.com\/fr\/wp-json\/wp\/v2\/users\/2"}],"replies":[{"embeddable":true,"href":"https:\/\/www.europesays.com\/fr\/wp-json\/wp\/v2\/comments?post=519897"}],"version-history":[{"count":0,"href":"https:\/\/www.europesays.com\/fr\/wp-json\/wp\/v2\/posts\/519897\/revisions"}],"wp:featuredmedia":[{"embeddable":true,"href":"https:\/\/www.europesays.com\/fr\/wp-json\/wp\/v2\/media\/519898"}],"wp:attachment":[{"href":"https:\/\/www.europesays.com\/fr\/wp-json\/wp\/v2\/media?parent=519897"}],"wp:term":[{"taxonomy":"category","embeddable":true,"href":"https:\/\/www.europesays.com\/fr\/wp-json\/wp\/v2\/categories?post=519897"},{"taxonomy":"post_tag","embeddable":true,"href":"https:\/\/www.europesays.com\/fr\/wp-json\/wp\/v2\/tags?post=519897"}],"curies":[{"name":"wp","href":"https:\/\/api.w.org\/{rel}","templated":true}]}}