{"id":519911,"date":"2025-11-08T06:05:15","date_gmt":"2025-11-08T06:05:15","guid":{"rendered":"https:\/\/www.europesays.com\/fr\/519911\/"},"modified":"2025-11-08T06:05:15","modified_gmt":"2025-11-08T06:05:15","slug":"afrique-bresil-europe-la-jeunesse-est-dans-la-place-a-salvador-de-bahia","status":"publish","type":"post","link":"https:\/\/www.europesays.com\/fr\/519911\/","title":{"rendered":"Afrique, Br\u00e9sil, Europe, la jeunesse est dans la place \u00e0 Salvador de Bahia"},"content":{"rendered":"<p>\n                                                En ce mois de la conscience noire au Br\u00e9sil, plus de 300 participants au Forum Notre Futur* sont r\u00e9unis pour \u00e9changer autour des questions de climat (en pr\u00e9paration de la Cop de Bel\u00e9m), de d\u00e9mocratie et de diversit\u00e9 afin de renouveler les relations entre les Afriques, le Br\u00e9sil et l\u2019Europe.\u00a0Essentiel pour le Festival, l\u2019espace d\u00e9di\u00e9 aux jeunes activistes afin qu\u2019ils partagent leurs questions et leurs revendications au moment o\u00f9 la Gen Z donne de la voix aux quatre coins de la plan\u00e8te.                    <\/p>\n<p>Pour cet \u00e9pisode de La marche du monde enregistr\u00e9 en public \u00e0 Salvador, nous \u00e9coutons les messages port\u00e9s par <strong>Nof\u00e9rima Fofana<\/strong>, championne du monde de slam, <strong>Senny Camara<\/strong>, premi\u00e8re femme \u00e0 jouer de la kora, ou encore <strong>Zola Kondamambou<\/strong>, commissaire d\u2019exposition et m\u00e9diatrice culturelle afin d\u2019interroger les exp\u00e9riences innovantes de nos trois invit\u00e9s :<\/p>\n<p><strong>&#8211; Karim Bouamrane,<\/strong> maire de Saint-Ouen, venu en d\u00e9l\u00e9gation avec 18 jeunes investis sur la justice sociale et le climat dont les plaidoyers sont prononc\u00e9s par Faissal Ma\u00efga, sc\u00e9nariste, acteur et mannequin et Hanine-allah Meftahi, \u00e9tudiante en sciences sociales et sanitaires<\/p>\n<p><strong>&#8211; Ileana Santos,<\/strong> co-fondatrice du Think Tank <strong><a target=\"_blank\" href=\"https:\/\/www.jmafrique.org\/\" rel=\"nofollow noopener\">\u00abJe m\u2019engage pour l\u2019Afrique\u00bb<\/a><\/strong><\/p>\n<p><strong>&#8211; Dr\u00edade Priscilla Aguiar,<\/strong> r\u00e9dactrice en chef du <strong><a target=\"_blank\" href=\"https:\/\/midianinja.org\/\" rel=\"nofollow noopener\">m\u00e9dia social Midia Ninja<\/a>.<\/strong><\/p>\n<p>Ici \u00e0 Salvador, dans l\u2019ancienne capitale coloniale <strong><a target=\"_self\" href=\"https:\/\/www.rfi.fr\/fr\/tag\/esclavage\/\" rel=\"nofollow noopener\">esclavagiste<\/a><\/strong> du Br\u00e9sil, les afro-descendants affirment leur pr\u00e9sence au Forum afin de revisiter le pass\u00e9 de la traite atlantique et imaginer de nouvelles relations au sein de la jeunesse du monde noir. Lors de la soir\u00e9e du 5 novembre, ouverture du Festival Notre futur, le <strong><a target=\"_self\" href=\"https:\/\/www.rfi.fr\/fr\/tag\/emmanuel-macron\/\" rel=\"nofollow noopener\">pr\u00e9sident Macron<\/a><\/strong> a invit\u00e9 les citoyens africains, br\u00e9siliens et europ\u00e9ens \u00e0 cultiver de nouvelles relations afin que \u00able triangle douloureux devienne un triangle amoureux\u00bb, en r\u00e9f\u00e9rence au commerce triangulaire de l\u2019esclavage.<\/p>\n<p>Le Br\u00e9sil a \u00e9t\u00e9 le dernier \u00c9tat des Am\u00e9riques \u00e0 abolir l\u2019esclavage en 1888 apr\u00e8s avoir \u00e9t\u00e9 la destination de 4 millions d\u2019Africains d\u00e9port\u00e9s, ce qui repr\u00e9sente la moiti\u00e9 des victimes du commerce triangulaire.<\/p>\n<p>*Inspir\u00e9 par le rapport remis par Achille Mbembe au pr\u00e9sident Macron en 2021 sur la relation entre la France et l\u2019Afrique, dont l\u2019une des pr\u00e9conisations invite \u00e0 nouer des relations avec les soci\u00e9t\u00e9s civiles africaines et diasporiques, les Forums Notre Futur lanc\u00e9s d\u00e8s 2022 \u00e0 Johannesburg en d\u2019Afrique du Sud par Sophie Renaud et son \u00e9quipe de <strong>l\u2019Institut fran\u00e7ais<\/strong> propose des espaces d\u2019\u00e9changes et des ateliers afin de nourrir le dialogue entre les Afriques et l\u2019Europe.<\/p>\n<p>Le Festival Notre Futur \u00e0 Salvador, c\u2018est \u00e9galement des concerts et une programmation de cin\u00e9ma africain\u00a0:<\/p>\n<p><strong><a target=\"_blank\" href=\"https:\/\/francabrasil2025.com\/evento\/trace-fest-salvador\/\" rel=\"nofollow noopener\">Trace Fest Salvador<\/a><\/strong><\/p>\n<p><strong><a target=\"_blank\" href=\"https:\/\/www.institutfrancais.com\/fr\/magazine\/debat-didees\/notre-futur-salvador-bahia-du-5-8-novembre-2025-nos-lieux-partage\" rel=\"nofollow noopener\">Festival de Cin\u00e9ma<\/a>.<\/strong><\/p>\n<p>\u00a0<\/p>\n<p><img decoding=\"async\" fetchpriority=\"low\" src=\"https:\/\/www.europesays.com\/fr\/wp-content\/uploads\/2025\/11\/marchemonde08112025-invites-ok.jpg\"   alt=\"Zola Kondamambou, Ileana Santos, Karim Bouamrane, Val\u00e9rie Nivelon et Dr\u00edade Priscilla Aguiar.\" style=\"max-height:478px\" loading=\"lazy\" class=\"a-img \"\/><\/p>\n<p>                Zola Kondamambou, Ileana Santos, Karim Bouamrane, Val\u00e9rie Nivelon et Dr\u00edade Priscilla Aguiar.                \u00a9 Institut fran\u00e7ais            <\/p>\n","protected":false},"excerpt":{"rendered":"En ce mois de la conscience noire au Br\u00e9sil, plus de 300 participants au Forum Notre Futur* sont&hellip;\n","protected":false},"author":2,"featured_media":519912,"comment_status":"","ping_status":"","sticky":false,"template":"","format":"standard","meta":{"footnotes":""},"categories":[1586],"tags":[11,879,2548,1777,674,1011,27,4075,64074,74,12,25],"class_list":{"0":"post-519911","1":"post","2":"type-post","3":"status-publish","4":"format-standard","5":"has-post-thumbnail","7":"category-europe","8":"tag-actualites","9":"tag-afrique","10":"tag-bresil","11":"tag-eu","12":"tag-europe","13":"tag-fr","14":"tag-france","15":"tag-jeunesse","16":"tag-la-marche-du-monde","17":"tag-monde","18":"tag-news","19":"tag-republique-francaise"},"share_on_mastodon":{"url":"https:\/\/pubeurope.com\/@fr\/115512576054765595","error":""},"_links":{"self":[{"href":"https:\/\/www.europesays.com\/fr\/wp-json\/wp\/v2\/posts\/519911","targetHints":{"allow":["GET"]}}],"collection":[{"href":"https:\/\/www.europesays.com\/fr\/wp-json\/wp\/v2\/posts"}],"about":[{"href":"https:\/\/www.europesays.com\/fr\/wp-json\/wp\/v2\/types\/post"}],"author":[{"embeddable":true,"href":"https:\/\/www.europesays.com\/fr\/wp-json\/wp\/v2\/users\/2"}],"replies":[{"embeddable":true,"href":"https:\/\/www.europesays.com\/fr\/wp-json\/wp\/v2\/comments?post=519911"}],"version-history":[{"count":0,"href":"https:\/\/www.europesays.com\/fr\/wp-json\/wp\/v2\/posts\/519911\/revisions"}],"wp:featuredmedia":[{"embeddable":true,"href":"https:\/\/www.europesays.com\/fr\/wp-json\/wp\/v2\/media\/519912"}],"wp:attachment":[{"href":"https:\/\/www.europesays.com\/fr\/wp-json\/wp\/v2\/media?parent=519911"}],"wp:term":[{"taxonomy":"category","embeddable":true,"href":"https:\/\/www.europesays.com\/fr\/wp-json\/wp\/v2\/categories?post=519911"},{"taxonomy":"post_tag","embeddable":true,"href":"https:\/\/www.europesays.com\/fr\/wp-json\/wp\/v2\/tags?post=519911"}],"curies":[{"name":"wp","href":"https:\/\/api.w.org\/{rel}","templated":true}]}}