{"id":519913,"date":"2025-11-08T06:06:16","date_gmt":"2025-11-08T06:06:16","guid":{"rendered":"https:\/\/www.europesays.com\/fr\/519913\/"},"modified":"2025-11-08T06:06:16","modified_gmt":"2025-11-08T06:06:16","slug":"jai-eu-trois-decollements-de-retine","status":"publish","type":"post","link":"https:\/\/www.europesays.com\/fr\/519913\/","title":{"rendered":"J\u2019ai eu trois d\u00e9collements de r\u00e9tine"},"content":{"rendered":"<p>Huit mois apr\u00e8s la victoire historique <a href=\"https:\/\/www.programme-tv.net\/news\/tv\/375100-cecile-et-marion-remportent-l-un-des-pires-gains-de-l-histoire-de-pekin-express-0-ou-100-000-le-but-est-de-gagner\/\" data-api-deeplink=\"teleloisirs:\/\/news\/375100\" target=\"_blank\" rel=\"noopener\">(en termes de gains)<\/a> de C\u00e9cile et Marion, P\u00e9kin Express est d\u00e9j\u00e0 de retour \u00e0 l&rsquo;antenne pour <a href=\"https:\/\/www.programme-tv.net\/news\/tv\/389838-pekin-express-la-route-des-glaces-attention-cette-saison-sera-plus-courte-voici-pourquoi\/\" data-api-deeplink=\"teleloisirs:\/\/news\/389838\" target=\"_blank\" rel=\"noopener\">une 21e saison in\u00e9dite<\/a> lanc\u00e9e par St\u00e9phane Rotenberg ce vendredi 7\u00a0novembre sur M6. Seize candidats sont partis sur<a href=\"https:\/\/www.programme-tv.net\/news\/tv\/389878-pekin-express-la-route-des-glaces-date-de-diffusion-candidats-lieu-de-tournage-toutes-les-infos-sur-la-saison-21\/\" data-api-deeplink=\"teleloisirs:\/\/news\/389878\" target=\"_blank\" rel=\"noopener\"> La route des glaces<\/a> et se livrent une comp\u00e9tition sans merci dans des conditions extr\u00eames. Le parcours se d\u00e9roule, en effet, au Kazakhstan, pays dans lequel les temp\u00e9ratures peuvent descendre jusqu&rsquo;\u00e0 -28\u00a0\u00b0C. Un froid glacial que Francis et Philippe, les v\u00e9t\u00e9rans de cette \u00e9dition, ont r\u00e9ussi \u00e0 braver lors du trek avec une boule de neige en main.<\/p>\n<p>Pas vu \u00e0 la t\u00e9l\u00e9 dans P\u00e9kin Express\u00a0: Francis et Philippe r\u00e9v\u00e8lent les probl\u00e8mes qu&rsquo;ils ont rencontr\u00e9s avec un chauffeur<\/p>\n<p>Performants la veille,<a href=\"https:\/\/www.programme-tv.net\/news\/tv\/389745-pekin-express-la-route-des-glaces-voici-les-candidats-et-ils-sont-moins-nombreux-que-d-habitude-photos\/\" data-api-deeplink=\"teleloisirs:\/\/news\/389745\" target=\"_blank\" rel=\"noopener\"> les papys motards <\/a>n&rsquo;ont pas r\u00e9ussi la seconde course organis\u00e9e le lendemain. Si bien que les deux hommes de 67 et 72 ans n&rsquo;ont pas d\u00e9coll\u00e9 du bas du classement durant toute l&rsquo;\u00e9pop\u00e9e\u00a0! <a href=\"https:\/\/www.programme-tv.net\/news\/tv\/391463-francis-et-philippe-premiers-elimines-de-pekin-express-la-route-des-glaces-cest-une-enorme-deception\/\" data-api-deeplink=\"teleloisirs:\/\/news\/391463\" target=\"_blank\" rel=\"noopener\">Au cours d&rsquo;une interview qu&rsquo;il nous a accord\u00e9e avec son bin\u00f4me<\/a>, Francis a r\u00e9v\u00e9l\u00e9 plusieurs soucis qui n&rsquo;ont pas \u00e9t\u00e9 diffus\u00e9s \u00e0 la t\u00e9l\u00e9\u00a0: \u00ab\u00a0D\u00e8s le d\u00e9part, la difficult\u00e9 a \u00e9t\u00e9 de se faire prendre en stop. Malheureusement, <b>la derni\u00e8re voiture prise pour se rendre au lieu de rendez-vous \u00e9tait dans un \u00e9tat abominable, c\u2019\u00e9tait une Volvo qui devait \u00eatre plus vieille que moi<\/b>\u00ab\u00a0, avoue l&rsquo;ex-ing\u00e9nieur avant de dresser la liste des probl\u00e8mes qui ont ralenti leur progression. Et d&rsquo;ajouter : \u00ab\u00a0Quand j\u2019ai ouvert le capot pour mettre nos sacs \u00e0 dos \u00e0 l\u2019int\u00e9rieur, le capot m\u2019est rest\u00e9 dans les mains\u00a0! Pour entrer dans la voiture, il fallait tirer la porti\u00e8re avec une ficelle et un morceau de bois. <b>Le conducteur avait un pare-brise \u00e9clat\u00e9, il tenait le volant et la porte pour ne pas tomber. L\u2019embrayage \u00e9tait mort, donc on roulait \u00e0 30\u00a0km\/h. <\/b>On est arriv\u00e9s \u00e0 quelques secondes des avant-derniers, mais on n\u2019a vraiment pas eu de chance\u00a0\u00bb.<\/p>\n<p>                        Francis (<b>P\u00e9kin Express, La Route des glaces<\/b>) se confie sur ses probl\u00e8mes de vue : \u00ab\u00a0<b>J\u2019ai eu deux cataractes et trois d\u00e9collements de r\u00e9tine\u00a0\u00bb<\/b><\/p>\n<p>Derniers sortis de leur voiture et arriv\u00e9s au lieu de rendez-vous, Philippe et son ami ont d\u00fb d\u00e9signer un duo \u00e0 affronter lors du duel final. Mais l\u00e0 encore, le sort s&rsquo;est acharn\u00e9 contre eux. Francis nous a expliqu\u00e9\u00a0: \u00ab\u00a0On voulait se mesurer aux plus jeunes, en tant que doyen du jeu, j\u2019ai choisi la plus jeune avec l&rsquo;espoir de gagner un duel physique\u00a0! Malheureusement pour moi, \u00e7a a \u00e9t\u00e9 une \u00e9preuve d\u2019acuit\u00e9 visuelle [retrouver le chiffre diff\u00e9rent dans une pi\u00e8ce tapiss\u00e9e de chiffres similaires, NDLR.].<b> \u00c0 mon grand \u00e2ge, j\u2019ai eu deux cataractes et trois d\u00e9collements de r\u00e9tine<\/b>, donc quand je suis rentr\u00e9 dans la pi\u00e8ce avec tous les chiffres, <b>\u00e7a a \u00e9t\u00e9 un cauchemar<\/b>\u00ab\u00a0. Le septuag\u00e9naire est tout de m\u00eame parvenu \u00e0 remplir sa mission \u00e0 quelques secondes pr\u00e8s\u2026<\/p>\n<p>            Une fin de jeu in\u00e9vitable pour Francis et Philippe dans P\u00e9kin Express, La route des glaces<\/p>\n<p>Finalement, Francis et Philippe ont \u00e9t\u00e9 \u00e9limin\u00e9s, malgr\u00e9 leurs efforts. \u00ab\u00a0On est arriv\u00e9s pratiquement ensemble devant St\u00e9phane Rotenberg, j\u2019ai eu la chance d\u2019\u00eatre pris rapidement en stop, elle \u00e9tait \u00e0 20 m\u00e8tres de moi, Ly\u00e7aona\u2026 Mais malheureusement, la situation a \u00e9t\u00e9 abominable\u2026\u00a0\u00bb, a d\u00e9plor\u00e9 le retrait\u00e9 esp\u00e9rant \u00eatre un jour rappel\u00e9 par la production.<\/p>\n","protected":false},"excerpt":{"rendered":"Huit mois apr\u00e8s la victoire historique (en termes de gains) de C\u00e9cile et Marion, P\u00e9kin Express est d\u00e9j\u00e0&hellip;\n","protected":false},"author":2,"featured_media":519914,"comment_status":"","ping_status":"","sticky":false,"template":"","format":"standard","meta":{"footnotes":""},"categories":[1586],"tags":[11,244,1777,674,1779,1011,27,64075,2173,64076,494,12,64077,25,23898,1778,364,1630],"class_list":{"0":"post-519913","1":"post","2":"type-post","3":"status-publish","4":"format-standard","5":"has-post-thumbnail","7":"category-europe","8":"tag-actualites","9":"tag-commentaire","10":"tag-eu","11":"tag-europe","12":"tag-european-union","13":"tag-fr","14":"tag-france","15":"tag-francis-et-philippe-pu00e9kin-express","16":"tag-interview","17":"tag-la-route-des-glaces","18":"tag-m6","19":"tag-news","20":"tag-pu00e9kin-express","21":"tag-republique-francaise","22":"tag-stu00e9phane-rotenberg","23":"tag-ue","24":"tag-union-europeenne","25":"tag-zapping"},"share_on_mastodon":{"url":"https:\/\/pubeurope.com\/@fr\/115512579484224024","error":""},"_links":{"self":[{"href":"https:\/\/www.europesays.com\/fr\/wp-json\/wp\/v2\/posts\/519913","targetHints":{"allow":["GET"]}}],"collection":[{"href":"https:\/\/www.europesays.com\/fr\/wp-json\/wp\/v2\/posts"}],"about":[{"href":"https:\/\/www.europesays.com\/fr\/wp-json\/wp\/v2\/types\/post"}],"author":[{"embeddable":true,"href":"https:\/\/www.europesays.com\/fr\/wp-json\/wp\/v2\/users\/2"}],"replies":[{"embeddable":true,"href":"https:\/\/www.europesays.com\/fr\/wp-json\/wp\/v2\/comments?post=519913"}],"version-history":[{"count":0,"href":"https:\/\/www.europesays.com\/fr\/wp-json\/wp\/v2\/posts\/519913\/revisions"}],"wp:featuredmedia":[{"embeddable":true,"href":"https:\/\/www.europesays.com\/fr\/wp-json\/wp\/v2\/media\/519914"}],"wp:attachment":[{"href":"https:\/\/www.europesays.com\/fr\/wp-json\/wp\/v2\/media?parent=519913"}],"wp:term":[{"taxonomy":"category","embeddable":true,"href":"https:\/\/www.europesays.com\/fr\/wp-json\/wp\/v2\/categories?post=519913"},{"taxonomy":"post_tag","embeddable":true,"href":"https:\/\/www.europesays.com\/fr\/wp-json\/wp\/v2\/tags?post=519913"}],"curies":[{"name":"wp","href":"https:\/\/api.w.org\/{rel}","templated":true}]}}