{"id":519915,"date":"2025-11-08T06:07:15","date_gmt":"2025-11-08T06:07:15","guid":{"rendered":"https:\/\/www.europesays.com\/fr\/519915\/"},"modified":"2025-11-08T06:07:15","modified_gmt":"2025-11-08T06:07:15","slug":"blesse-au-quadriceps-le-defenseur-lillois-alexsandro-va-subir-une-operation-lequipe","status":"publish","type":"post","link":"https:\/\/www.europesays.com\/fr\/519915\/","title":{"rendered":"Bless\u00e9 au quadriceps, le d\u00e9fenseur lillois Alexsandro va subir une op\u00e9ration &#8211; L&#039;\u00c9quipe"},"content":{"rendered":"<ol>\n<li><a href=\"https:\/\/news.google.com\/rss\/articles\/CBMixAFBVV95cUxOc1N2NVRzTHloaWk0QUs0VW45TEZZUGUxVTc0TnhGMlhpZllWUUFSWU9tRWg1QzRvLXNzU0xsdkwzM2lZTDNsQjZuLUlJZDE5aFAtRlgxSE1wY2xuNTR5TFRBMWVaSnpWWmpOc3BweWhWRXZOVVI5NjhhdXFPazFCOXdWUTJ6T1BLVzVxUThiMWJpZHpMZzI5RW9GYkp3YTAxN0dZaHNBYklFV0JlUnBraUs5d25IMGs3bTNLY1lKWHUxQVZ2?oc=5\" target=\"_blank\" rel=\"noopener\">Bless\u00e9 au quadriceps, le d\u00e9fenseur lillois Alexsandro va subir une op\u00e9ration<\/a>&nbsp;&nbsp;L&rsquo;\u00c9quipe<\/li>\n<li><a href=\"https:\/\/news.google.com\/rss\/articles\/CBMi5wFBVV95cUxNVFh4TmZSVzg2OGw1enRzaFNqWFJoaFltSVpqZTJCQy1YdndxYmlvaHUtNHE2VmFOMnZSd001TW9BWXk5Z3JIYjItWnRNM0FLRzhCU0gtekRVVGZ1Tl94MVFodUdqSzFlRU90REdjTkpVOS1QVmdOenFoTkd1Z0N5aW1IRDQxQWhGSHMwWlpDS3BFOFV6anhSOHROUGQwNTc5OTlwa2xRa3I3Sk5vUTZkQVVpNnlWTER0X3J6QWxiOEZQMFQ0WkdjakhzODlRX0dlaGVTWFpPWTlkQXZXS1NQNGZaYVNKbFXSAeYBQVVfeXFMTjdKd0JvdDdHbTlwWmN1aXBrdi1rYW96UkpFMTJ0cDJ0ckM4SnBfYUd1alpNT01OMmplelZJdkNjdVUtMWpud3lmWHpnY0otOXZWRE1PcjZLQy1hc2hfTnliVjhyWXBuVlhfZmllMkJobHlhQkJKLXZDTHZWVnpQNVVDUkxUd0JCLVNtakQyaW43RS1Cc1JwUTE3Smd5LWlrak1hNXVQYXBheVRyanZacEZQWWRLTnRHMEQ5YkpoRll3UkY0Ykt2WXhqWTFGZV9iU1JGa0ZaajV1UlE5eGhqSWYwRnlJY2c?oc=5\" target=\"_blank\" rel=\"noopener\">Ligue Europa (J4) : Bouaddi, \u00d6zer, Giroud&#8230; Les tops\/flops d&rsquo;Etoile Rouge &#8211; Lille : Sports &#8211; Orange<\/a>&nbsp;&nbsp;Sports &#8211; Orange<\/li>\n<li><a href=\"https:\/\/news.google.com\/rss\/articles\/CBMi1wFBVV95cUxQT01oMWREMlkzcVBQeHBlek14ajVQakVJT1FSazlGQ2d0Mi10b1NfcEY2S1NaNW90NGRya3Y0dDVCcXR3Y1UxbWhMLTltZmRvNGVPT2I0bU9uYV9QY3lIR3AxYnU4ckh0M2hYYUdHaG9NTk10MXZGMi1WSmxNbzBJdTFqTDdjQWMzUHU3eXdRZUVZbXJwSEZmUkxmUTh3bWpKTVR1NWR3bVhrY3dKTUtQbUphRUcwcnFHcFJMY19HcTZZRUN6WGlMQ2RxV0lyOHZxM3FkMzNJaw?oc=5\" target=\"_blank\" rel=\"noopener\">Lille pi\u00e9g\u00e9 \u00e0 Belgrade<\/a>&nbsp;&nbsp;Eurosport<\/li>\n<li><a href=\"https:\/\/news.google.com\/rss\/articles\/CBMiggFBVV95cUxQQXZrbEZULWw5S251S0JRaFhkOFdXdnpES0RMUHZWek52OE9lZkMwaHhuMld3cURmUGM5Nzdvd2x3TF9EeEt1ckVHTDVoWUQ4SW9Fci1sTWY1Q2Vqemh2OGI4NG83NGY2SE54M0dBclZwVE56X3ZKUkw2Tk1xcW95U2pn?oc=5\" target=\"_blank\" rel=\"noopener\">Le r\u00e9sum\u00e9 vid\u00e9o d&rsquo;Etoile Rouge-LOSC<\/a>&nbsp;&nbsp;LOSC.FR<\/li>\n<li><a href=\"https:\/\/news.google.com\/rss\/articles\/CBMiwgFBVV95cUxPcDNzTGdHbkVCbjFrZnQ2LWtPbnJaYkRUNmZVNmg0Wi1MVnkxTnAxZ2wxNTJTVWZXNHVELWxaT19aMlU3SG5qX2cwTVRmMHJfZEV4T1ZfcFJuUS10Q2VOVGYzNENrWnhLa3lTQVJOTGlTd0xVYXBGQWw5SFBrOFdzMlk3WnVUM1FTRWJGbVYwLTBMSExMMmNWQmNaZy1oNmpGNnBtT2VRUTNua0tCQ3FXTWZjeVFLSFdZeTUzcTdZck5qZw?oc=5\" target=\"_blank\" rel=\"noopener\">Ligue Europa : le LOSC chute \u00e0 Belgrade, Fribourg enfonce encore plus l\u2019OGC Nice<\/a>&nbsp;&nbsp;Foot Mercato<\/li>\n<\/ol>\n","protected":false},"excerpt":{"rendered":"Bless\u00e9 au quadriceps, le d\u00e9fenseur lillois Alexsandro va subir une op\u00e9ration&nbsp;&nbsp;L&rsquo;\u00c9quipe Ligue Europa (J4) : Bouaddi, \u00d6zer, Giroud&#8230;&hellip;\n","protected":false},"author":2,"featured_media":519916,"comment_status":"","ping_status":"","sticky":false,"template":"","format":"standard","meta":{"footnotes":""},"categories":[2],"tags":[11,1011,27,12,25],"class_list":{"0":"post-519915","1":"post","2":"type-post","3":"status-publish","4":"format-standard","5":"has-post-thumbnail","7":"category-actualites","8":"tag-actualites","9":"tag-fr","10":"tag-france","11":"tag-news","12":"tag-republique-francaise"},"share_on_mastodon":{"url":"https:\/\/pubeurope.com\/@fr\/115512583346256221","error":""},"_links":{"self":[{"href":"https:\/\/www.europesays.com\/fr\/wp-json\/wp\/v2\/posts\/519915","targetHints":{"allow":["GET"]}}],"collection":[{"href":"https:\/\/www.europesays.com\/fr\/wp-json\/wp\/v2\/posts"}],"about":[{"href":"https:\/\/www.europesays.com\/fr\/wp-json\/wp\/v2\/types\/post"}],"author":[{"embeddable":true,"href":"https:\/\/www.europesays.com\/fr\/wp-json\/wp\/v2\/users\/2"}],"replies":[{"embeddable":true,"href":"https:\/\/www.europesays.com\/fr\/wp-json\/wp\/v2\/comments?post=519915"}],"version-history":[{"count":0,"href":"https:\/\/www.europesays.com\/fr\/wp-json\/wp\/v2\/posts\/519915\/revisions"}],"wp:featuredmedia":[{"embeddable":true,"href":"https:\/\/www.europesays.com\/fr\/wp-json\/wp\/v2\/media\/519916"}],"wp:attachment":[{"href":"https:\/\/www.europesays.com\/fr\/wp-json\/wp\/v2\/media?parent=519915"}],"wp:term":[{"taxonomy":"category","embeddable":true,"href":"https:\/\/www.europesays.com\/fr\/wp-json\/wp\/v2\/categories?post=519915"},{"taxonomy":"post_tag","embeddable":true,"href":"https:\/\/www.europesays.com\/fr\/wp-json\/wp\/v2\/tags?post=519915"}],"curies":[{"name":"wp","href":"https:\/\/api.w.org\/{rel}","templated":true}]}}