{"id":519921,"date":"2025-11-08T06:10:16","date_gmt":"2025-11-08T06:10:16","guid":{"rendered":"https:\/\/www.europesays.com\/fr\/519921\/"},"modified":"2025-11-08T06:10:16","modified_gmt":"2025-11-08T06:10:16","slug":"matthieu-pavon-retrouve-la-lumiere-dans-le-2e-tour-du-world-wide-technology-au-mexique","status":"publish","type":"post","link":"https:\/\/www.europesays.com\/fr\/519921\/","title":{"rendered":"Matthieu Pavon retrouve la lumi\u00e8re dans le 2e tour du World Wide Technology au Mexique !"},"content":{"rendered":"<p>\t\t\t\t\t\t<img width=\"770\" height=\"556\" src=\"https:\/\/www.europesays.com\/fr\/wp-content\/uploads\/2025\/11\/matthieu-pavon-pga-tour-world-wide-technology-770x556.jpg\" class=\"img-responsive wp-post-image\" alt=\"Matthieu Pavon of France Orlando Ramirez\/Getty Images\/AFP\" decoding=\"async\" fetchpriority=\"high\"  \/>\t\t\t\t\t<\/p>\n<p>\t\t\t\t\t\t Partager cet article <\/p>\n<p class=\"screen-reader-text juiz_sps_maybe_hidden_text\">Partager la publication \u00ab\u00a0Matthieu Pavon retrouve la lumi\u00e8re dans le 2e tour du World Wide Technology au Mexique !\u00a0\u00bb<\/p>\n<p><strong>Auteur de la deuxi\u00e8me meilleure carte du jour (64) vendredi sur le parcours d\u2019 El Cardonal at Diamante \u00e0 Cabo San Lucas au Mexique, le Bordelais Matthieu Pavon a fait un bond au classement du World Wide Technology. Il s\u2019est surtout rassur\u00e9 \u00e0 l\u2019occasion de son retour \u00e0 la comp\u00e9tition apr\u00e8s plusieurs semaines de repos.<\/strong><\/p>\n<p>\t\t\t\t\t<a id=\"190395\" href=\"https:\/\/moroccofairmontcup.com\/marrakech\/\" target=\"_blank\" rel=\"sponsorised nofollow noopener\"><img decoding=\"async\" src=\"data:image\/svg+xml,%3Csvg%20xmlns=\" http:=\"\" class=\"img-responsive\" alt=\"\" data-lazy-src=\"https:\/\/www.europesays.com\/fr\/wp-content\/uploads\/2025\/10\/fairmont-2025-e01-golf-cup-1170x275-1.jpg\"\/><\/a><\/p>\n<p>Avec un peu plus de r\u00e9ussite au retour sur les greens le Fran\u00e7ais<strong> Matthieu Pavon<\/strong> aurait tr\u00e8s bien pu \u00e9galer lui aussi le record du parcours comme ce fut le cas la veille pour Sami Valimacki et l\u2019Am\u00e9ricain Nick Dunlap.<\/p>\n<p>13 fairways sur 14, 18 greens en r\u00e9gulation, les stats du Bordelais en disent long sur le niveau de jeu produit par l\u2019\u00e9l\u00e8ve de Jamie Gough*.<\/p>\n<p>Gr\u00e2ce \u00e0 6 birdies en 8 trous, Pavon a franchi l\u2019aller en 30 mais n\u2019est pas parvenu \u00e0 tenir le rythme de deux birdies tous les trois trous jusqu\u2019au bout. Sa carte de 64 lui permet de faire un bond de 50 places au classement, et d\u2019int\u00e9grer le top 25 \u00e0 mi-tournoi.<\/p>\n<p>A noter que l\u2019ex-num\u00e9ro 1 fran\u00e7ais a manqu\u00e9 deux birdies sur deux des quatre par 5, class\u00e9s parmi les plus faciles du parcours (14e et 17e trous les plus scorables).\u00a0\u00a0<\/p>\n<p><img loading=\"lazy\" decoding=\"async\" class=\"wp-image-191069 size-image-largeur-770\" src=\"data:image\/svg+xml,%3Csvg%20xmlns=\" http:=\"\" alt=\"\" width=\"770\" height=\"144\" data-lazy- data-lazy- data-lazy-src=\"https:\/\/www.europesays.com\/fr\/wp-content\/uploads\/2025\/11\/capture-2025-11-07-a-23.54.51-e1762556139194-770x144.jpg\"\/><\/p>\n<p>\t\t\t\t\t<a id=\"190113\" href=\"https:\/\/abacussportswear.com\/en\/france\" target=\"_blank\" rel=\"sponsorised nofollow noopener\"><img decoding=\"async\" src=\"data:image\/svg+xml,%3Csvg%20xmlns=\" http:=\"\" class=\"img-responsive\" alt=\"\" data-lazy-src=\"https:\/\/www.europesays.com\/fr\/wp-content\/uploads\/2025\/10\/abacus-e06-portrush-1170x275-1.gif\"\/><\/a><\/p>\n<p>*Jamie Gough est l\u2019entraineur Sud Africain avec lequel Matthieu Pavon a renou\u00e9 apr\u00e8s une exp\u00e9rience mitig\u00e9e avec Mark Blackburn en 2025.<\/p>\n<p>\u00a9Orlando Ramirez\/Getty Images\/AFP<\/p>\n","protected":false},"excerpt":{"rendered":"Partager cet article Partager la publication \u00ab\u00a0Matthieu Pavon retrouve la lumi\u00e8re dans le 2e tour du World Wide&hellip;\n","protected":false},"author":2,"featured_media":519922,"comment_status":"","ping_status":"","sticky":false,"template":"","format":"standard","meta":{"footnotes":""},"categories":[1418],"tags":[1011,27,1472,60],"class_list":{"0":"post-519921","1":"post","2":"type-post","3":"status-publish","4":"format-standard","5":"has-post-thumbnail","7":"category-golf","8":"tag-fr","9":"tag-france","10":"tag-golf","11":"tag-sports"},"share_on_mastodon":{"url":"https:\/\/pubeurope.com\/@fr\/115512595795655381","error":""},"_links":{"self":[{"href":"https:\/\/www.europesays.com\/fr\/wp-json\/wp\/v2\/posts\/519921","targetHints":{"allow":["GET"]}}],"collection":[{"href":"https:\/\/www.europesays.com\/fr\/wp-json\/wp\/v2\/posts"}],"about":[{"href":"https:\/\/www.europesays.com\/fr\/wp-json\/wp\/v2\/types\/post"}],"author":[{"embeddable":true,"href":"https:\/\/www.europesays.com\/fr\/wp-json\/wp\/v2\/users\/2"}],"replies":[{"embeddable":true,"href":"https:\/\/www.europesays.com\/fr\/wp-json\/wp\/v2\/comments?post=519921"}],"version-history":[{"count":0,"href":"https:\/\/www.europesays.com\/fr\/wp-json\/wp\/v2\/posts\/519921\/revisions"}],"wp:featuredmedia":[{"embeddable":true,"href":"https:\/\/www.europesays.com\/fr\/wp-json\/wp\/v2\/media\/519922"}],"wp:attachment":[{"href":"https:\/\/www.europesays.com\/fr\/wp-json\/wp\/v2\/media?parent=519921"}],"wp:term":[{"taxonomy":"category","embeddable":true,"href":"https:\/\/www.europesays.com\/fr\/wp-json\/wp\/v2\/categories?post=519921"},{"taxonomy":"post_tag","embeddable":true,"href":"https:\/\/www.europesays.com\/fr\/wp-json\/wp\/v2\/tags?post=519921"}],"curies":[{"name":"wp","href":"https:\/\/api.w.org\/{rel}","templated":true}]}}