{"id":519923,"date":"2025-11-08T06:12:12","date_gmt":"2025-11-08T06:12:12","guid":{"rendered":"https:\/\/www.europesays.com\/fr\/519923\/"},"modified":"2025-11-08T06:12:12","modified_gmt":"2025-11-08T06:12:12","slug":"pro-d2-valence-romans-en-totale-maitrise-face-a-aurillac","status":"publish","type":"post","link":"https:\/\/www.europesays.com\/fr\/519923\/","title":{"rendered":"Pro D2 \u2013 Valence-Romans en totale ma\u00eetrise face \u00e0 Aurillac"},"content":{"rendered":"<p>\n                Valence-Romans s\u2019est parfaitement rebell\u00e9 apr\u00e8s avoir re\u00e7u une gifle \u00e0 Vannes. Contre Aurillac, les hommes de Fabien Fortassin ont une nouvelle fois \u00e9t\u00e9 s\u00e9duisants \u00e0 domicile (53-22).\n            <\/p>\n<p>Il n\u2019y a jamais vraiment eu match au stade Georges-Pompidou de Valence-Romans. Entre Aurillac (8\u00e8me avant la dixi\u00e8me journ\u00e9e) et le VRDR (4\u00e8me), le public dr\u00f4mois pouvait l\u00e9gitimement s\u2019attendre \u00e0 une rencontre serr\u00e9e ou tout au moins haletante. Mais il n\u2019en fut rien tant les hommes de Fabien Fortassin ont \u00e9t\u00e9 impitoyables proches de l\u2019en-but aurillacois. D\u00e8s la huiti\u00e8me minute, les locaux ont concr\u00e9tis\u00e9 leur domination territoriale avec une succession de temps de jeu avec les avants. Derri\u00e8re, les trois-quarts ont pu se mettre en route et Lucas M\u00e9ret en profita pour ouvrir le score de la partie. Malheureux sur sa tentative de transformation, l\u2019ouvreur s\u2019est ensuite rattrap\u00e9 face aux perches (4\/5 en premi\u00e8re p\u00e9riode).<\/p>\n<p>Quelques minutes apr\u00e8s le premier essai du VRDR, les partenaires de Matteo Rodor ont continu\u00e9 de marquer au fer rouge les hommes de Romeo Gontineac. Apr\u00e8s la r\u00e9alisation de M\u00e9ret, les avants se sont cette fois illustr\u00e9s apr\u00e8s une \u00e9norme s\u00e9rie de picks and go \u00e0 quelques m\u00e8tres de la ligne d\u2019en-but aurillacoise. Au bout de cette s\u00e9quence, Hugo Fabr\u00e8gue a su percer le rideau cantalien pour marquer le deuxi\u00e8me essai du VRDR (12-0, 14\u00e8me minute). Les Aurillacois ont bien tent\u00e9 de r\u00e9agir, avec une p\u00e9nalit\u00e9 de Barreau, mais M\u00e9ret s\u2019est \u00e9galement illustr\u00e9 avant que les Cantaliens ne craquent \u00e0 la fin de la premi\u00e8re p\u00e9riode. En deux minutes, les partenaires de\u00a0Mehdi Slamani ont conc\u00e9d\u00e9 un doubl\u00e9 de Louis Marrou \u00e0 la suite de deux actions de grande classe. Apr\u00e8s une \u00e9norme perc\u00e9e du talonneur Pena, le jeu s\u2019est poursuivi jusque vers le centre qui s\u2019est arrach\u00e9 pour marquer (25-3, 34e).<\/p>\n<p>Des cartons jaunes fatals pour Aurillac<\/p>\n<p>Quelques instants plus tard, Mathieu Guillomot a profit\u00e9 du carton jaune de Lucas Oudard pour cr\u00e9er un d\u00e9s\u00e9quilibre sur l\u2019aile gauche d\u2019Aurillac avec une feinte de passe bien sentie. Et apr\u00e8s une chist\u00e9ra de Rodor, Marrou marquait donc l\u2019essai du KO en permettant \u00e0 ses co\u00e9quipiers de compter vingt-neuf points d\u2019avance \u00e0 la pause (32-3). Et le VRDR a gard\u00e9 le pied sur l\u2019acc\u00e9l\u00e9rateur dans le deuxi\u00e8me acte, bien aid\u00e9 par l\u2019indiscipline cantalienne et une faute grossi\u00e8re de Tim De Jong, avec pour sanction un carton jaune (49e). Suite \u00e0 un en-avant volontaire, le troisi\u00e8me ligne a laiss\u00e9 ses partenaires \u00e0 quatorze, laissant de nouveaux espaces \u00e0 d\u00e9vorer pour les locaux. Et malgr\u00e9 deux r\u00e9actions d\u2019orgueil, avec des essais de Lucas Oudard, Hugo Bastard et Thomas Delpeuch, le Stade aurillacois n\u2019a jamais pu rivaliser avec Valence-Romans qui continue d\u2019impressionner \u00e0 domicile.<\/p>\n<p>Avec cette nouvelle victoire bonifi\u00e9e \u00e0 Georges-Pompidou, le VRDR continue de s\u2019installer en haut du championnat. Invaincus dans leur antre depuis janvier\u00a02025, les hommes de Fabien Fortassin font forte impression et seront maintenant attendus \u00e0 l\u2019ext\u00e9rieur, sur la pelouse du promu carcassonnais la semaine prochaine. Les Cantaliens quant \u00e0 eux recevront un pr\u00e9tendant \u00e0 la mont\u00e9e, Provence Rugby, afin de se remettre la t\u00eate \u00e0 l\u2019endroit et continuer de croire au top 6. Les deux rencontres d\u00e9buteront vendredi 14\u00a0novembre \u00e0 19h30 et seront \u00e0 suivre sur Rugbyrama.<\/p>\n","protected":false},"excerpt":{"rendered":"Valence-Romans s\u2019est parfaitement rebell\u00e9 apr\u00e8s avoir re\u00e7u une gifle \u00e0 Vannes. Contre Aurillac, les hommes de Fabien Fortassin&hellip;\n","protected":false},"author":2,"featured_media":519924,"comment_status":"","ping_status":"","sticky":false,"template":"","format":"standard","meta":{"footnotes":""},"categories":[1416],"tags":[1011,27,479,1468,60],"class_list":{"0":"post-519923","1":"post","2":"type-post","3":"status-publish","4":"format-standard","5":"has-post-thumbnail","7":"category-rugby","8":"tag-fr","9":"tag-france","10":"tag-rugby","11":"tag-rugby-football","12":"tag-sports"},"share_on_mastodon":{"url":"","error":""},"_links":{"self":[{"href":"https:\/\/www.europesays.com\/fr\/wp-json\/wp\/v2\/posts\/519923","targetHints":{"allow":["GET"]}}],"collection":[{"href":"https:\/\/www.europesays.com\/fr\/wp-json\/wp\/v2\/posts"}],"about":[{"href":"https:\/\/www.europesays.com\/fr\/wp-json\/wp\/v2\/types\/post"}],"author":[{"embeddable":true,"href":"https:\/\/www.europesays.com\/fr\/wp-json\/wp\/v2\/users\/2"}],"replies":[{"embeddable":true,"href":"https:\/\/www.europesays.com\/fr\/wp-json\/wp\/v2\/comments?post=519923"}],"version-history":[{"count":0,"href":"https:\/\/www.europesays.com\/fr\/wp-json\/wp\/v2\/posts\/519923\/revisions"}],"wp:featuredmedia":[{"embeddable":true,"href":"https:\/\/www.europesays.com\/fr\/wp-json\/wp\/v2\/media\/519924"}],"wp:attachment":[{"href":"https:\/\/www.europesays.com\/fr\/wp-json\/wp\/v2\/media?parent=519923"}],"wp:term":[{"taxonomy":"category","embeddable":true,"href":"https:\/\/www.europesays.com\/fr\/wp-json\/wp\/v2\/categories?post=519923"},{"taxonomy":"post_tag","embeddable":true,"href":"https:\/\/www.europesays.com\/fr\/wp-json\/wp\/v2\/tags?post=519923"}],"curies":[{"name":"wp","href":"https:\/\/api.w.org\/{rel}","templated":true}]}}