{"id":519925,"date":"2025-11-08T06:13:11","date_gmt":"2025-11-08T06:13:11","guid":{"rendered":"https:\/\/www.europesays.com\/fr\/519925\/"},"modified":"2025-11-08T06:13:11","modified_gmt":"2025-11-08T06:13:11","slug":"novak-djokovic-rallie-la-finale-de-latp-250-dathenes","status":"publish","type":"post","link":"https:\/\/www.europesays.com\/fr\/519925\/","title":{"rendered":"Novak Djokovic rallie la finale de l&rsquo;ATP 250 d&rsquo;Ath\u00e8nes"},"content":{"rendered":"<p>Novak Djokovic (5e mondial) s&rsquo;est qualifi\u00e9 ce vendredi pour la finale de l&rsquo;ATP 250 d&rsquo;Ath\u00e8nes. Le Serbe affrontera Sebastian Korda ou Lorenzo Musetti avec l&rsquo;objectif de d\u00e9crocher un 101e titre.<\/p>\n<p>Inusable. Premi\u00e8re t\u00eate de s\u00e9rie de <a href=\"https:\/\/rmcsport.bfmtv.com\/tennis\/atp\/l-atp-250-d-athenes-plutot-que-le-masters-1000-de-paris-et-un-gros-doute-pour-les-atp-finals-a-quoi-joue-novak-djokovic-en-cette-fin-de-saison_AV-202511030743.html\" title=\"L&#039;ATP 250 d&#039;Ath\u00e8nes plut\u00f4t que le Masters 1000 de Paris, et un gros doute pour les ATP Finals: \u00e0 quoi joue Novak Djokovic en cette fin de saison?\" class=\"internal_link\" rel=\"nofollow noopener\" target=\"_blank\">l&rsquo;ATP 250 d&rsquo;Ath\u00e8nes<\/a>, <a href=\"https:\/\/rmcsport.bfmtv.com\/tennis\/novak-djokovic_DN-201503030236.html\" title=\"Novak Djokovic\" class=\"internal_link\" rel=\"nofollow noopener\" target=\"_blank\">Novak Djokovic<\/a> (5e mondial) s&rsquo;est qualifi\u00e9 ce vendredi pour la finale du tournoi sur dur en \u00e9cartant l&rsquo;Allemand Yannick Hanfmann (117e), en deux manches (6-3, 6-4).<\/p>\n<p>Le Serbe de 38 ans affrontera pour le titre l&rsquo;Am\u00e9ricain Sebastian Korda (52e) ou la deuxi\u00e8me t\u00eate de s\u00e9rie, l&rsquo;Italien Lorenzo Musetti (9e), contraint de remporter le tournoi pour garantir sa participation au Masters de Turin, qui d\u00e9marre d\u00e8s dimanche.<\/p>\n<p>Djokovic tentera ce samedi de d\u00e9crocher un 101e troph\u00e9e sur le circuit principal, apr\u00e8s avoir perdu la finale du Masters 1000 de Miami en mars contre le Tch\u00e8que Jakub Mensik (19e) et gagn\u00e9 celle du plus modeste ATP 250 de Gen\u00e8ve en mai contre le Polonais Hubert Hurkacz (ex-6e mondial, actuel 78e). Une victoire le placerait \u00e0 deux longueurs de son ex-rival suisse Roger Federer (103 titres) et \u00e0 huit de l&rsquo;Am\u00e9ricain Jimmy Connors (109).<\/p>\n<p>La fin d&rsquo;une mauvaise s\u00e9rie<\/p>\n<p>Contre Hanfmann, Djokovic a mis fin \u00e0 une s\u00e9rie de quatre d\u00e9faites en demi-finales d&rsquo;affil\u00e9e, \u00e0 <a href=\"https:\/\/rmcsport.bfmtv.com\/tennis\/roland-garros\/tirage-au-sort-places-limitees-nouveautes-le-mode-d-emploi-et-les-dates-de-la-billetterie-de-roland-garros-2026_AV-202511060776.html\" title=\"Tirage au sort, places limit\u00e9es, nouveaut\u00e9s... le mode d&#039;emploi et les dates de la billetterie de Roland-Garros 2026\" class=\"internal_link\" rel=\"nofollow noopener\" target=\"_blank\">Roland-Garros<\/a>, Wimbledon, l&rsquo;US Open puis au Masters 1000 de Shanghai. Apr\u00e8s avoir manqu\u00e9 une premi\u00e8re occasion de breaker l&rsquo;Allemand issu des qualifications \u00e0 2-1 dans la premi\u00e8re manche, Djokovic a fait mouche \u00e0 3-2 et conserv\u00e9 son break d&rsquo;avance jusqu&rsquo;\u00e0 la fin du set, gagn\u00e9 6-3.<\/p>\n<p>Dans le second acte, l&rsquo;homme aux 24 titres record en Grand Chelem a perdu sa mise en jeu \u00e0 2-1, mais aussit\u00f4t r\u00e9pliqu\u00e9 pour recoller \u00e0 3-3. Djokovic a une nouvelle fois break\u00e9 Hanfmann dans le jeu suivant (4-3) pour s&rsquo;envoler vers la victoire, acquise au bout d&rsquo;1h18 sur un ultime service gagnant.<\/p>\n","protected":false},"excerpt":{"rendered":"Novak Djokovic (5e mondial) s&rsquo;est qualifi\u00e9 ce vendredi pour la finale de l&rsquo;ATP 250 d&rsquo;Ath\u00e8nes. Le Serbe affrontera&hellip;\n","protected":false},"author":2,"featured_media":519926,"comment_status":"","ping_status":"","sticky":false,"template":"","format":"standard","meta":{"footnotes":""},"categories":[1415],"tags":[1011,27,60,1467],"class_list":{"0":"post-519925","1":"post","2":"type-post","3":"status-publish","4":"format-standard","5":"has-post-thumbnail","7":"category-tennis","8":"tag-fr","9":"tag-france","10":"tag-sports","11":"tag-tennis"},"share_on_mastodon":{"url":"https:\/\/pubeurope.com\/@fr\/115512606877179690","error":""},"_links":{"self":[{"href":"https:\/\/www.europesays.com\/fr\/wp-json\/wp\/v2\/posts\/519925","targetHints":{"allow":["GET"]}}],"collection":[{"href":"https:\/\/www.europesays.com\/fr\/wp-json\/wp\/v2\/posts"}],"about":[{"href":"https:\/\/www.europesays.com\/fr\/wp-json\/wp\/v2\/types\/post"}],"author":[{"embeddable":true,"href":"https:\/\/www.europesays.com\/fr\/wp-json\/wp\/v2\/users\/2"}],"replies":[{"embeddable":true,"href":"https:\/\/www.europesays.com\/fr\/wp-json\/wp\/v2\/comments?post=519925"}],"version-history":[{"count":0,"href":"https:\/\/www.europesays.com\/fr\/wp-json\/wp\/v2\/posts\/519925\/revisions"}],"wp:featuredmedia":[{"embeddable":true,"href":"https:\/\/www.europesays.com\/fr\/wp-json\/wp\/v2\/media\/519926"}],"wp:attachment":[{"href":"https:\/\/www.europesays.com\/fr\/wp-json\/wp\/v2\/media?parent=519925"}],"wp:term":[{"taxonomy":"category","embeddable":true,"href":"https:\/\/www.europesays.com\/fr\/wp-json\/wp\/v2\/categories?post=519925"},{"taxonomy":"post_tag","embeddable":true,"href":"https:\/\/www.europesays.com\/fr\/wp-json\/wp\/v2\/tags?post=519925"}],"curies":[{"name":"wp","href":"https:\/\/api.w.org\/{rel}","templated":true}]}}