{"id":519931,"date":"2025-11-08T06:19:11","date_gmt":"2025-11-08T06:19:11","guid":{"rendered":"https:\/\/www.europesays.com\/fr\/519931\/"},"modified":"2025-11-08T06:19:11","modified_gmt":"2025-11-08T06:19:11","slug":"je-suis-trop-heureux-orelsan-apres-avoir-ete-tacle-par-kylian-mbappe-sa-reponse-parfaite","status":"publish","type":"post","link":"https:\/\/www.europesays.com\/fr\/519931\/","title":{"rendered":"\u00ab\u00a0Je suis trop heureux\u00a0\u00bb, Orelsan : apr\u00e8s avoir \u00e9t\u00e9 tacl\u00e9 par Kylian Mbapp\u00e9, sa r\u00e9ponse parfaite"},"content":{"rendered":"<p>Presque quatre ans jour pour jour apr\u00e8s la sortie de son dernier album <strong>\u00ab\u00a0Civilisation\u00a0\u00bb<\/strong>, <a href=\"https:\/\/www.public.fr\/tag\/orelsan\" target=\"_blank\" rel=\"noopener\">Orelsan<\/a> vient de d\u00e9voiler son nouveau projet, ce vendredi 7 novembre 2025, baptis\u00e9 <strong>\u00ab\u00a0La fuite en avant\u00a0\u00bb<\/strong>. Un nouvel opus compos\u00e9 de 17 morceaux pour une dur\u00e9e totale de 58 minutes.\u00a0<\/p>\n<p>Au fil de ce projet, le chanteur raconte l\u2019histoire d\u2019une star \u00e9puis\u00e9e par le star-system et fait part de ses inqui\u00e9tudes \u00e0 venir par rapport au r\u00f4le qu\u2019il s\u2019appr\u00eatait \u00e0 endosser lorsque son album se trouvait en pr\u00e9paration : celui de papa.<\/p>\n<p>En effet Orelsan, qui a longtemps lutt\u00e9 avec sa compagne pour devenir parents, a enfin endoss\u00e9 l\u2019un des plus beaux r\u00f4les d\u2019une vie comme il le r\u00e9v\u00e9lait lors de l\u2019avant-premi\u00e8re de son film <strong>\u00ab\u00a0Yoro\u00ef\u00a0\u00bb<\/strong> \u00e0 Bordeaux : <a href=\"https:\/\/www.public.fr\/jai-deja-un-enfant-orelsan-revele-etre-papa-depuis-2-ans\" target=\"_blank\" rel=\"noopener\">celui de papa<\/a>.<\/p>\n<p>Kylian Mbapp\u00e9 \u00ab\u00a0attaqu\u00e9\u00a0\u00bb dans une chanson d&rsquo;OrelSan ? <\/p>\n<p>Un nouveau r\u00f4le qui ne l\u2019a toutefois pas emp\u00each\u00e9 de travailler sur son nouveau projet et sur son film, diffus\u00e9 au cin\u00e9ma depuis le 29 octobre dernier. D\u00e9sormais, malgr\u00e9 un agenda charg\u00e9 ces derniers mois, Orelsan va pouvoir se reposer et profiter de son succ\u00e8s. M\u00eame s\u2019il va devoir r\u00e9gler <strong>une querelle avec Kylian Mbapp\u00e9.<\/strong><\/p>\n<p>Car le joueur de l\u2019\u00c9quipe de France <a href=\"https:\/\/www.public.fr\/il-a-pas-un-rond-kylian-mbappe-fracasse-orelsan-sur-x-apres-une-mauvaise-interpretation-des-paroles-de-sa-chanson-la-petite-voix\" target=\"_blank\" rel=\"noopener\">vient de s\u2019attaquer au rappeur<\/a>, quelques heures apr\u00e8s la sortie de son album. La faute \u00e0 un morceau de l\u2019artiste dans lequel il \u00ab\u00a0attaque\u00a0\u00bb le joueur du Real Madrid. Ou plut\u00f4t, sa version mal\u00e9fique.<\/p>\n<p>En effet, dans la chanson <strong>\u00ab\u00a0La petite voix\u00a0\u00bb,<\/strong> Orelsan ne cesse de se critiquer : \u00ab\u00a0<strong>Regarde la v\u00e9rit\u00e9 en vrai, c&rsquo;que t&rsquo;es devenu.\u00a0<\/strong>Vois c&rsquo;que t&rsquo;aurais pu \u00eatre en vrai, tu t&rsquo;es perdu. Arr\u00eate de faire le mec rang\u00e9, personne n&rsquo;est dupe [&#8230;]\u00a0<strong>T&rsquo;es qu&rsquo;une merde, mon p&rsquo;tit Aur\u00e9lien, en vrai, tu m&rsquo;as d\u00e9\u00e7u<\/strong>\u00ab\u00a0, entonne-t-il pour commencer.<\/p>\n<p>Avant de l\u00e2cher \u00ab\u00a0<strong>Fais pas semblant d&rsquo;aimer ta ville<\/strong>, elle est claqu\u00e9e [&#8230;] Elle est remplie d&rsquo;ploucs que tu peux m\u00eame pas saquer. Ouais,\u00a0<strong>tu vas faire couler ta ville comme les Mbapp\u00e9<\/strong>\u00ab\u00a0. Une punchline que n\u2019a visiblement pas compris le footballeur. Sur son compte X, le principal int\u00e9ress\u00e9 a r\u00e9agir et s\u2019est attaqu\u00e9 au rappeur.\u00a0<\/p>\n<p>Le rappeur \u00ab\u00a0trop heureux\u00a0\u00bb malgr\u00e9 son \u00ab\u00a0clash\u00a0\u00bb avec le joueur<\/p>\n<p>\u00ab\u00a0<strong>T\u2019es le bienvenu pour &lsquo;sauver&rsquo; la ville que tu aimes tant<\/strong>\u00ab\u00a0, a d\u2019abord l\u00e2ch\u00e9 Kylian Mbapp\u00e9,\u00a0propri\u00e9taire du Stade Malherbe de Caen depuis l&rsquo;\u00e9t\u00e9 2024, avant de balancer : \u00ab\u00a0PS : Le mec a fait que nous supplier pour entrer avec 1% sans payer\u00a0<strong>parce qu\u2019il a pas un rond<\/strong>\u00a0mais pour avoir la bonne image du petit gars de Normandie\u00a0\u00bb. Une sortie qui a valu de nombreuses moqueries au sportif, accus\u00e9 de ne pas comprendre le sens de la chanson et le second degr\u00e9.<\/p>\n<p>Mais visiblement, cela n\u2019a pas vraiment affect\u00e9 Orelsan. En effet, si certains attendaient une r\u00e9action de sa part suite \u00e0 l\u2019attaque du joueur de l\u2019Equipe de France, l\u2019artiste a pr\u00e9f\u00e9r\u00e9 se contenter de remerciement pour toutes les personnes ayant collabor\u00e9 sur son album.\u00a0<\/p>\n<p><strong>\u00ab\u00a0La fuite en avant est sorti. J\u2019suis trop heureux. On est de retour\u00a0\u00bb<\/strong>, a d\u2019abord \u00e9crit le rappeur sur son compte X, avant de poursuivre : \u00ab\u00a0Merci Skread, Eddie et Phazz, pour la r\u00e9al et les prods incoyables. Merci Ablaye pour les travaux, merci NKF pour le mix, merci Lilas pour la gr\u00e2ce. Mais aussi merci Yam\u00ea pour l\u2019aura. Merci FIFTY FIFTY pour la perf\u2019. Merci SDM pour la puissance. Et enfin merci Thomas Bangalter pour la l\u00e9gende. Merci Raegular et Felix pour les visus\u00a0\u00bb, a-t-il \u00e9crit, sans avoir un mot pour Kylian Mbapp\u00e9.\u00a0<\/p>\n<blockquote class=\"twitter-tweet\">\n<p>La fuite en avant est sorti<br \/>J\u2019suis trop heureux <br \/>On est de retour <br \/>Merci Skread, Eddie et Phazz, pour la r\u00e9al et les prods incoyables<br \/>Merci Ablaye pour les travaux<br \/>Merci NKF pour le mix<br \/>Merci Lilas pour la gr\u00e2ce <br \/>Merci Yam\u00ea pour l\u2019aura<br \/>Merci FIFTY FIFTY pour la perf\u2019<br \/>Merci SDM\u2026 <a href=\"https:\/\/t.co\/Ty2MYfAsmF\">pic.twitter.com\/Ty2MYfAsmF<\/a><\/p>\n<p>\u2014 OrelSan (@Orel_san) <a href=\"https:\/\/twitter.com\/Orel_san\/status\/1986821871229104593?ref_src=twsrc%5Etfw\" target=\"_blank\" rel=\"noopener\">November 7, 2025<\/a><\/p><\/blockquote>\n<p>\n          Hits &amp; People en continu\n        <\/p>\n<p>\n          Public Radio\n        <\/p>\n<p>      Mentionn\u00e9s dans cet article<\/p>\n<p>      Sur le m\u00eame sujet<\/p>\n<p>  <script async src=\"https:\/\/platform.twitter.com\/widgets.js\" charset=\"utf-8\"><\/script><\/p>\n","protected":false},"excerpt":{"rendered":"Presque quatre ans jour pour jour apr\u00e8s la sortie de son dernier album \u00ab\u00a0Civilisation\u00a0\u00bb, Orelsan vient de d\u00e9voiler&hellip;\n","protected":false},"author":2,"featured_media":519932,"comment_status":"","ping_status":"","sticky":false,"template":"","format":"standard","meta":{"footnotes":""},"categories":[1359],"tags":[1692,58,59,64,1011,27,6477,21953,973,4790],"class_list":{"0":"post-519931","1":"post","2":"type-post","3":"status-publish","4":"format-standard","5":"has-post-thumbnail","7":"category-people","8":"tag-album","9":"tag-divertissement","10":"tag-entertainment","11":"tag-equipe-de-france","12":"tag-fr","13":"tag-france","14":"tag-kylian-mbappe","15":"tag-orelsan","16":"tag-people","17":"tag-real-madrid"},"share_on_mastodon":{"url":"https:\/\/pubeurope.com\/@fr\/115512630559788330","error":""},"_links":{"self":[{"href":"https:\/\/www.europesays.com\/fr\/wp-json\/wp\/v2\/posts\/519931","targetHints":{"allow":["GET"]}}],"collection":[{"href":"https:\/\/www.europesays.com\/fr\/wp-json\/wp\/v2\/posts"}],"about":[{"href":"https:\/\/www.europesays.com\/fr\/wp-json\/wp\/v2\/types\/post"}],"author":[{"embeddable":true,"href":"https:\/\/www.europesays.com\/fr\/wp-json\/wp\/v2\/users\/2"}],"replies":[{"embeddable":true,"href":"https:\/\/www.europesays.com\/fr\/wp-json\/wp\/v2\/comments?post=519931"}],"version-history":[{"count":0,"href":"https:\/\/www.europesays.com\/fr\/wp-json\/wp\/v2\/posts\/519931\/revisions"}],"wp:featuredmedia":[{"embeddable":true,"href":"https:\/\/www.europesays.com\/fr\/wp-json\/wp\/v2\/media\/519932"}],"wp:attachment":[{"href":"https:\/\/www.europesays.com\/fr\/wp-json\/wp\/v2\/media?parent=519931"}],"wp:term":[{"taxonomy":"category","embeddable":true,"href":"https:\/\/www.europesays.com\/fr\/wp-json\/wp\/v2\/categories?post=519931"},{"taxonomy":"post_tag","embeddable":true,"href":"https:\/\/www.europesays.com\/fr\/wp-json\/wp\/v2\/tags?post=519931"}],"curies":[{"name":"wp","href":"https:\/\/api.w.org\/{rel}","templated":true}]}}