{"id":519933,"date":"2025-11-08T06:20:27","date_gmt":"2025-11-08T06:20:27","guid":{"rendered":"https:\/\/www.europesays.com\/fr\/519933\/"},"modified":"2025-11-08T06:20:27","modified_gmt":"2025-11-08T06:20:27","slug":"au-guilvinec-le-festival-de-photos-lhomme-et-la-mer-va-changer-de-nom","status":"publish","type":"post","link":"https:\/\/www.europesays.com\/fr\/519933\/","title":{"rendered":"Au\u00a0Guilvinec, le festival de photos L\u2019homme et la mer va changer de nom"},"content":{"rendered":"<p>Apr\u00e8s 15 ans d\u2019existence, le festival de photographies L\u2019homme et la mer au Guilvinec garde le m\u00eame cap mais change de nom. Place d\u00e9sormais au festival du Guilvinec. Un nouvel en t\u00eate pour \u00ab\u00a0clarifier et renforcer l\u2019identit\u00e9 du festival qui signe le fort ancrage au Guilvinec et \u00e0 L\u00e9chiagat\u00a0\u00bb, appuie le pr\u00e9sident Ren\u00e9-Claude Daniel. Un nouveau nom qui s\u2019accompagnera d\u2019un logo lui aussi renouvel\u00e9, \u00e0 d\u00e9couvrir prochainement sur tous les m\u00e9dias.<\/p>\n<p>Nouveau nom mais m\u00eame ADN<\/p>\n<p>Le rendez-vous photographique de l\u2019\u00e9t\u00e9 conserve en revanche le m\u00eame ADN, celui \u00ab\u00a0d\u2019explorer la culture maritime sous tous les angles, pourvu que l\u2019humain en soit le c\u0153ur battant\u00a0\u00bb. Un soutien \u00e0 la cr\u00e9ation photographique comme aux pratiques amateurs et \u00e0 l\u2019\u00e9ducation \u00e0 l\u2019image devenu un \u00e9v\u00e9nement culturel. Pour cette nouvelle \u00e9dition, la th\u00e9matique sera \u00ab\u00a0La mer en partage\u00a0\u00bb annonce Ren\u00e9-Claude Daniel. \u00ab\u00a0Partage des ressources, des routes maritimes, des territoires marins, des connaissances\u2026 La mer pourrait-elle donner des le\u00e7ons \u00e0 la terre\u00a0?\u00a0\u00bb, s\u2019interroge le comit\u00e9 artistique.<\/p>\n<p>Entre 15 et 17 expositions, environ 300 clich\u00e9s, seront affich\u00e9s sur les deux rives du Guilvinec et L\u00e9chiagat, issues d\u2019une quinzaine de photographes s\u00e9lectionn\u00e9s par le comit\u00e9. Le vernissage du festival aura lieu le week-end du 29 mai 2026 au centre de loisirs et de culture du Guilvinec, en pr\u00e9sence de photographes pour un temps d\u2019\u00e9change, de conf\u00e9rences aupr\u00e8s du public. Suivront, pendant l\u2019\u00e9t\u00e9, des animations, rencontres, visites comment\u00e9es sans oublier le cycle des conf\u00e9rences et projections les mercredis de juillet et d\u2019ao\u00fbt.<\/p>\n<p><b>Pratique<\/b><\/p>\n<p class=\"note\">Candidatures ouvertes jusqu\u2019au 15 d\u00e9cembre. Annonce des laur\u00e9ats \u00e0 la mi-janvier 2026. Contact\u00a0: m\u00e9l. comite-artistique@festivalphotoduguilvinec.bzh\u00a0; Informations\u00a0: www.festivalphotoduguilvinec.bzh\/appel-a-candidatures-2026<\/p>\n","protected":false},"excerpt":{"rendered":"Apr\u00e8s 15 ans d\u2019existence, le festival de photographies L\u2019homme et la mer au Guilvinec garde le m\u00eame cap&hellip;\n","protected":false},"author":2,"featured_media":519934,"comment_status":"","ping_status":"","sticky":false,"template":"","format":"standard","meta":{"footnotes":""},"categories":[1358],"tags":[1063,1348,1384,1385,1386,58,59,1011,27,26333,1393,1756,3323],"class_list":{"0":"post-519933","1":"post","2":"type-post","3":"status-publish","4":"format-standard","5":"has-post-thumbnail","7":"category-arts-et-design","8":"tag-animations","9":"tag-arts","10":"tag-arts-and-design","11":"tag-arts-et-design","12":"tag-design","13":"tag-divertissement","14":"tag-entertainment","15":"tag-fr","16":"tag-france","17":"tag-guilvinec","18":"tag-loisirs","19":"tag-photographie","20":"tag-pont-labbe"},"share_on_mastodon":{"url":"https:\/\/pubeurope.com\/@fr\/115512634431115837","error":""},"_links":{"self":[{"href":"https:\/\/www.europesays.com\/fr\/wp-json\/wp\/v2\/posts\/519933","targetHints":{"allow":["GET"]}}],"collection":[{"href":"https:\/\/www.europesays.com\/fr\/wp-json\/wp\/v2\/posts"}],"about":[{"href":"https:\/\/www.europesays.com\/fr\/wp-json\/wp\/v2\/types\/post"}],"author":[{"embeddable":true,"href":"https:\/\/www.europesays.com\/fr\/wp-json\/wp\/v2\/users\/2"}],"replies":[{"embeddable":true,"href":"https:\/\/www.europesays.com\/fr\/wp-json\/wp\/v2\/comments?post=519933"}],"version-history":[{"count":0,"href":"https:\/\/www.europesays.com\/fr\/wp-json\/wp\/v2\/posts\/519933\/revisions"}],"wp:featuredmedia":[{"embeddable":true,"href":"https:\/\/www.europesays.com\/fr\/wp-json\/wp\/v2\/media\/519934"}],"wp:attachment":[{"href":"https:\/\/www.europesays.com\/fr\/wp-json\/wp\/v2\/media?parent=519933"}],"wp:term":[{"taxonomy":"category","embeddable":true,"href":"https:\/\/www.europesays.com\/fr\/wp-json\/wp\/v2\/categories?post=519933"},{"taxonomy":"post_tag","embeddable":true,"href":"https:\/\/www.europesays.com\/fr\/wp-json\/wp\/v2\/tags?post=519933"}],"curies":[{"name":"wp","href":"https:\/\/api.w.org\/{rel}","templated":true}]}}