{"id":519937,"date":"2025-11-08T06:24:18","date_gmt":"2025-11-08T06:24:18","guid":{"rendered":"https:\/\/www.europesays.com\/fr\/519937\/"},"modified":"2025-11-08T06:24:18","modified_gmt":"2025-11-08T06:24:18","slug":"je-me-suis-entraine-pendant-huit-ans-orelsan-devoile-son-incroyable-preparation-pour-yoroi-son-premier-film","status":"publish","type":"post","link":"https:\/\/www.europesays.com\/fr\/519937\/","title":{"rendered":"\u00ab\u00a0Je me suis entra\u00een\u00e9 pendant huit ans\u00a0\u00bb\u00a0: Orelsan d\u00e9voile son incroyable pr\u00e9paration pour Yoro\u00ef, son premier film"},"content":{"rendered":"<p><strong><\/p>\n<p class=\"question r-question\">Dans ce film qui s\u2019appelle Yoro\u00ef, vous jouez votre propre personnage, vous allez au Japon, vous vous retrouvez confront\u00e9 \u00e0 une s\u00e9rie de monstres. Pourquoi vous fuyez la France\u00a0?<\/p>\n<p><\/strong><\/p>\n<p class=\"reponse r-reponse\">D\u00e9j\u00e0, c\u2019est de la fiction. Donc m\u00eame si je joue le personnage d\u2019Orelsan, on voulait utiliser un peu tout ce que j\u2019avais fait jusqu\u2019\u00e0 maintenant dans ce cadre du Japon. En fait, dans l\u2019histoire, ma femme est enceinte. Je suis mari\u00e9 \u00e0 une franco-japonaise dans le film. Mon personnage est au bord du burn-out et il a besoin de nouvelles choses. Et comme sa femme est enceinte, il se dit, \u00ab\u00a0Tiens, je vais partir \u00e0 l\u2019\u00e9tranger pour essayer d\u2019\u00eatre au calme, de d\u00e9couvrir quelque chose de nouveau\u00a0\u00bb.<\/p>\n<p><strong><\/p>\n<p>&#13;<br \/>\n&#13;<\/p>\n<p>&#13;<br \/>\n&#13;<\/p>\n<p class=\"question r-question\">Il y a beaucoup d\u2019humour dans ce film. Votre personnage est toujours un petit peu cynique. Est-ce que c\u2019est une carapace pour ne pas affronter la r\u00e9alit\u00e9\u00a0?<\/p>\n<p><\/strong><\/p>\n<p class=\"reponse r-reponse\">Oui, c\u2019est le personnage qui est comme \u00e7a. Comme c\u2019est un personnage qui a fui, il va souvent traiter les choses avec d\u00e9rision. D\u2019ailleurs, \u00e7a lui est reproch\u00e9 \u00e0 un moment. Apr\u00e8s, on voulait que le film soit une sorte de com\u00e9die d\u2019aventure, un peu comme dans les ann\u00e9es 90. Et donc, l\u2019id\u00e9e \u00e9tait de m\u00e9langer plusieurs styles, tout en les distinguant bien. Quand il y a de l\u2019humour, c\u2019est vraiment de l\u2019humour. Quand il y a de l\u2019action, c\u2019est vraiment de l\u2019action. Et quand il y a du premier degr\u00e9, il y a du premier degr\u00e9. Tout en essayant quand m\u00eame de raconter des choses. Il y a aussi toute une r\u00e9flexion autour des peurs et des \u00e9motions.<\/p>\n<p><strong><\/p>\n<p class=\"question r-question\">Il y a aussi la question de l\u2019artiste qui est un peu en filigrane dans le film. Est-ce qu\u2019\u00eatre artiste, c\u2019est vou\u00e9 \u00e0 \u00eatre \u00ab\u00a0intranquille\u00a0\u00bb\u00a0?<\/p>\n<p><\/strong><\/p>\n<p>&#13;<br \/>\n&#13;<\/p>\n<p>&#13;<br \/>\n&#13;<\/p>\n<p class=\"reponse r-reponse\">Je pense que chacun peut g\u00e9rer un peu comme il veut. Ce qu\u2019on aimait bien avec David, celui avec qui j\u2019ai co\u00e9crit le film, c\u2019est d\u2019utiliser la c\u00e9l\u00e9brit\u00e9 un peu comme une loupe. Parce que la c\u00e9l\u00e9brit\u00e9 qui a quand m\u00eame un effet grossissant. Tu vas avoir plus de contacts, plus de relations, plus de projets, plus d\u2019argent, plus de tout. Et aussi plus de probl\u00e8mes, certainement. Donc on aimait bien traiter de ce sujet-l\u00e0.<\/p>\n<p><strong><\/p>\n<p class=\"question r-question\">Dans le film, votre \u00e9pouse est enceinte. C\u2019est ce qui vous est aussi arriv\u00e9 dans la vraie vie. Est-ce que cette nouvelle \u00e9tape de la grossesse, de la paternit\u00e9, change le rapport qu\u2019on a aux choses\u00a0?<\/p>\n<p><\/strong><\/p>\n<p class=\"reponse r-reponse\">Oui, compl\u00e8tement. Moi, \u00e7a a chang\u00e9 beaucoup de choses, dans le sens o\u00f9 avant je ne connaissais pas et maintenant je connais. Quand on a commenc\u00e9 \u00e0 \u00e9crire le film, ma femme n\u2019\u00e9tait pas enceinte. Elle est tomb\u00e9e enceinte pendant l\u2019\u00e9criture. Et \u00e7a m\u2019a permis d\u2019\u00eatre plus juste et de mieux raconter les choses. On voulait aussi raconter cet aspect de la grossesse qui est souvent un peu caricatural dans des films d\u00e9di\u00e9s \u00e0 \u00e7a, mais qui n\u2019est pas toujours pr\u00e9sent dans plein de films. Il y a un c\u00f4t\u00e9 un peu com\u00e9die romantique fun l\u00e0-dedans.<\/p>\n<p><strong><\/p>\n<p class=\"question r-question\">Dans le film, on voit Aur\u00e9lien, Orelsan, assailli, comme la star que vous \u00eates aussi dans la vraie vie. Quelle est la relation que vous avez avec le public\u00a0?<\/p>\n<p><\/strong><\/p>\n<p class=\"reponse r-reponse\">Moi, j\u2019ai de la chance. C\u2019est \u00e7a aussi la diff\u00e9rence avec le personnage\u00a0: l\u2019id\u00e9e c\u2019\u00e9tait d\u2019avoir une \u00e9volution. Parce que ce qui est int\u00e9ressant dans un film, c\u2019est quand le personnage change et \u00e9volue. On le fait partir sur une base o\u00f9 il est tr\u00e8s d\u00e9pit\u00e9, pour apr\u00e8s se construire diff\u00e9remment. Personnellement, je trouve que j\u2019ai beaucoup de chance de faire ce m\u00e9tier. Les gens, dans la vie de tous les jours, sont tellement gentils avec moi. Il y a tellement de choses positives que j\u2019essaie de me concentrer l\u00e0-dessus.<\/p>\n<p><strong><\/p>\n<p class=\"question r-question\">Et le fait d\u2019\u00eatre suivi, de parler \u00e0 autant de g\u00e9n\u00e9rations, \u00e7a fait du bien ou \u00e7a met la pression\u00a0?<\/p>\n<p><\/strong><\/p>\n<p class=\"reponse r-reponse\">C\u2019est fou. \u00c7a me met la pression, bien s\u00fbr. Mais par exemple, on a mis quatre ans \u00e0 faire le film. \u00c0 chaque fois que je sors un projet, je mets tout ce que j\u2019ai dedans, parce que j\u2019ai envie que les gens disent que c\u2019est bien. Je me sens aussi une responsabilit\u00e9. Et puis, j\u2019investis simplement mon temps, donc j\u2019ai envie que ce soit investi de la bonne fa\u00e7on. Mais \u00e7a met la pression parce que j\u2019ai vraiment la croyance que le r\u00f4le d\u2019artiste, c\u2019est de faire r\u00e9fl\u00e9chir \u00e0 travers ses \u0153uvres. Et donc, \u00e7a met plus la pression par rapport \u00e0 mon travail, que par rapport \u00e0 ma vie priv\u00e9e. Dans ma vie priv\u00e9e, m\u00eame ma vie publique, je reste assez focus sur ce que je fais.<\/p>\n<p>\n  &#13;<br \/>\n  \u00c0 lire aussi&#13;<br \/>\n  &#13;<\/p>\n<p>  <img decoding=\"async\" data-copyright=\"Joel Saget et Oscar Del Pozo \/ AFP\" class=\"r-img\"  typeof=\"foaf:Image\" src=\"https:\/\/www.europesays.com\/fr\/wp-content\/uploads\/2025\/11\/53867238.jpeg\" alt=\"Montage montrant Orelsan et Kylian Mbapp\u00e9\"\/><br \/>\n        <a class=\"r-stories--link\" href=\"https:\/\/www.rtl.be\/sport\/football\/football-etranger\/orelsan-clashe-la-famille-mbappe-propos-de-sa-gestion-calamiteuse-de-caen-et-la\/2025-11-07\/article\/769724\" target=\"_blank\" rel=\"noopener\">\u00ab Le mec a pas un rond \u00bb : Mbapp\u00e9 clashe le rappeur Orelsan apr\u00e8s des paroles de chanson le concernant<\/a>&#13;<br \/>\n  &#13;<br \/>\n&#13;\n<\/p>\n<p><strong><\/p>\n<p class=\"question r-question\">Qu\u2019est-ce que vous avez d\u00fb apprendre pour ce film\u00a0? Le taekwondo, les arts martiaux\u00a0? Les cascades, parce que \u00e7a bastonne quand m\u00eame pas mal\u00a0?<\/p>\n<p><\/strong><\/p>\n<p class=\"reponse r-reponse\">Je me suis entra\u00een\u00e9 pendant huit ans pour faire les cascades, avec une \u00e9quipe de cascadeurs. Il y a huit ans, j\u2019ai rencontr\u00e9 une team de cascadeurs et je me suis entra\u00een\u00e9 avec eux dans l\u2019espoir de faire un film d\u2019action un jour. Dans les entra\u00eenements, il y avait un peu de taekwondo. De mon c\u00f4t\u00e9, j\u2019ai fait pas mal de boxe tha\u00efe et de boxe anglaise. Et apr\u00e8s, c\u2019\u00e9tait vraiment apprendre \u00e0 faire de la cascade. On s\u2019entra\u00eene \u00e0 faire des chor\u00e9graphies de combat. C\u2019est un peu comme un m\u00e9lange entre une danse et un combat.<\/p>\n<p><strong><\/p>\n<p class=\"question r-question\">Les parents veulent souvent que leur enfant ne fasse pas la m\u00eame chose qu\u2019eux. Votre personnage dit notamment qu\u2019il esp\u00e8re que son fils ne fera pas du rap. Est-ce que vous vous posez vraiment cette question\u00a0?<\/p>\n<p><\/strong><\/p>\n<p class=\"reponse r-reponse\">C\u2019est un peu une caricature dans le film. Moi, ce dont j\u2019ai envie, c\u2019est qu\u2019e mon enfant soit heureux. S\u2019il est heureux en \u00e9tant un rappeur nul, tant mieux pour lui. C\u2019est comme si vous avez un enfant journaliste et qu\u2019en fait, il \u00e9tait un mauvais journaliste. Il y a toujours un truc qui te met la pression. Mais c\u2019est plut\u00f4t pour caricaturer.<\/p>\n<p><strong><\/p>\n<p class=\"question r-question\">Et de rap, il est question avec votre nouvel album \u00ab\u00a0La fuite en avant\u00a0\u00bb. Est-ce qu\u2019il y a un lien avec le film ou pas\u00a0?<\/p>\n<p><\/strong><\/p>\n<p class=\"reponse r-reponse\">C\u2019est compl\u00e8tement li\u00e9 au film. Apr\u00e8s, ce n\u2019est pas la musique du film, c\u2019est-\u00e0-dire que ce n\u2019est pas la bande originale du film. Mais il y a des morceaux sur les m\u00eames th\u00e9matiques qui vont amener des compl\u00e9mentarit\u00e9s par rapport au film. On reprend aussi des bouts de musique du film qui sont dans l\u2019album. C\u2019est parce qu\u2019on a con\u00e7u les deux en m\u00eame temps. On voulait faire un projet un peu transm\u00e9dia, ce qui n\u2019est pas encore tr\u00e8s courant, o\u00f9 tu peux avoir les deux qui se r\u00e9pondent.<\/p>\n<p><strong><\/p>\n<p class=\"question r-question\">Quels sont les grands th\u00e8mes de cet album\u00a0?<\/p>\n<p><\/strong><\/p>\n<p class=\"reponse r-reponse\">Comment g\u00e9rer ses peurs, les responsabilit\u00e9s, le burn-out, le lien \u00e0 son pays, et \u00e9videmment la paternit\u00e9 puisqu\u2019il y a une chanson sur la grossesse. Partir aussi. En tout, il y a 17 morceaux, donc il y a beaucoup de th\u00e8mes. On retrouve un peu ce qu\u2019on retrouve dans mes albums d\u2019avant, mais sous un autre angle.<\/p>\n<p><strong><\/p>\n<p class=\"question r-question\">Vous avez vendu 300.000 billets de concert en 24 heures. Trois Palais 12, et ING Arena, ce qui fait plus ou moins 35.000 places en quelques minutes. Content de retourner sur sc\u00e8ne\u00a0?<\/p>\n<p><\/strong><\/p>\n<p class=\"reponse r-reponse\">Je suis trop press\u00e9. J\u2019ai h\u00e2te. L\u00e0, on vient de l\u2019annoncer, mais ce sont des \u00e9v\u00e8nements qu\u2019on pr\u00e9pare depuis six mois, voire un an. J\u2019ai des nouveaux morceaux et une nouvelle sc\u00e9nographie qui est folle. L\u00e0, j\u2019attaque les r\u00e9p\u00e9titions, puisque la promotion commence \u00e0 \u00eatre finie, et j\u2019ai trop h\u00e2te d\u2019y \u00eatre.<\/p>\n<p><strong><\/p>\n<p class=\"question r-question\">En regardant le film, je me suis demand\u00e9, c\u2019est quand la meilleure p\u00e9riode de la vie\u00a0?<\/p>\n<p><\/strong><\/p>\n<p class=\"reponse r-reponse\">Chaque p\u00e9riode est diff\u00e9rente. Il y en a qui vont probablement dire que c\u2019\u00e9tait l\u2019enfance. Moi, je suis heureux maintenant. Je suis content, j\u2019arrive \u00e0 travailler, \u00e0 faire ma passion. Je pense que c\u2019est quand on est bien dans sa t\u00eate.<\/p>\n","protected":false},"excerpt":{"rendered":"Dans ce film qui s\u2019appelle Yoro\u00ef, vous jouez votre propre personnage, vous allez au Japon, vous vous retrouvez&hellip;\n","protected":false},"author":2,"featured_media":519938,"comment_status":"","ping_status":"","sticky":false,"template":"","format":"standard","meta":{"footnotes":""},"categories":[1355],"tags":[58,59,1011,27,1361,873,63397],"class_list":{"0":"post-519937","1":"post","2":"type-post","3":"status-publish","4":"format-standard","5":"has-post-thumbnail","7":"category-musique","8":"tag-divertissement","9":"tag-entertainment","10":"tag-fr","11":"tag-france","12":"tag-music","13":"tag-musique","14":"tag-rtl-info"},"share_on_mastodon":{"url":"https:\/\/pubeurope.com\/@fr\/115512650237354413","error":""},"_links":{"self":[{"href":"https:\/\/www.europesays.com\/fr\/wp-json\/wp\/v2\/posts\/519937","targetHints":{"allow":["GET"]}}],"collection":[{"href":"https:\/\/www.europesays.com\/fr\/wp-json\/wp\/v2\/posts"}],"about":[{"href":"https:\/\/www.europesays.com\/fr\/wp-json\/wp\/v2\/types\/post"}],"author":[{"embeddable":true,"href":"https:\/\/www.europesays.com\/fr\/wp-json\/wp\/v2\/users\/2"}],"replies":[{"embeddable":true,"href":"https:\/\/www.europesays.com\/fr\/wp-json\/wp\/v2\/comments?post=519937"}],"version-history":[{"count":0,"href":"https:\/\/www.europesays.com\/fr\/wp-json\/wp\/v2\/posts\/519937\/revisions"}],"wp:featuredmedia":[{"embeddable":true,"href":"https:\/\/www.europesays.com\/fr\/wp-json\/wp\/v2\/media\/519938"}],"wp:attachment":[{"href":"https:\/\/www.europesays.com\/fr\/wp-json\/wp\/v2\/media?parent=519937"}],"wp:term":[{"taxonomy":"category","embeddable":true,"href":"https:\/\/www.europesays.com\/fr\/wp-json\/wp\/v2\/categories?post=519937"},{"taxonomy":"post_tag","embeddable":true,"href":"https:\/\/www.europesays.com\/fr\/wp-json\/wp\/v2\/tags?post=519937"}],"curies":[{"name":"wp","href":"https:\/\/api.w.org\/{rel}","templated":true}]}}