{"id":519939,"date":"2025-11-08T06:25:27","date_gmt":"2025-11-08T06:25:27","guid":{"rendered":"https:\/\/www.europesays.com\/fr\/519939\/"},"modified":"2025-11-08T06:25:27","modified_gmt":"2025-11-08T06:25:27","slug":"mois-du-doc-decouvrez-la-selection-des-films-diffuses-dans-le-pays-bigouden","status":"publish","type":"post","link":"https:\/\/www.europesays.com\/fr\/519939\/","title":{"rendered":"Mois du doc\u00a0: d\u00e9couvrez la s\u00e9lection des films diffus\u00e9s dans le Pays bigouden"},"content":{"rendered":"<p>La 26e \u00e9dition du Mois du doc, coordonn\u00e9e par l\u2019association Daoulagad Breizh bas\u00e9e \u00e0 Douarnenez, est lanc\u00e9e sur le th\u00e8me des m\u00e9tamorphoses. En juin, les b\u00e9n\u00e9voles des biblioth\u00e8ques avaient visionn\u00e9 huit films afin d\u2019en s\u00e9lectionner un qui sera diffus\u00e9 dans leur \u00e9tablissement, en pr\u00e9sence du r\u00e9alisateur ou d\u2019un membre de l\u2019\u00e9quipe. Dans le Pays bigouden, les repr\u00e9sentants des m\u00e9diath\u00e8ques de sont r\u00e9unis mercredi 5 novembre \u00e0 la biblioth\u00e8que de Plomeur pour d\u00e9voiler leur choix.<\/p>\n<p>Plomeur projettera \u00ab\u00a0Le village qui voulait replanter des arbres\u00a0\u00bb de Brigitte Chevet, le dimanche 9 novembre \u00e0 15\u00a0h \u00e0 la salle polyvalente. Le film \u00e9voque le travail d\u2019une technicienne de bocage qui replante sur le territoire de la Roche aux f\u00e9es, les haies massivement arrach\u00e9es lors du remembrement il y a 50 ans.<\/p>\n<p>Alzheimer, loup, artiste\u2026<\/p>\n<p class=\"empty\">Les biblioth\u00e8ques de Landudec et Loctudy ont s\u00e9lectionn\u00e9 \u00ab\u00a0Les esprits libres\u00a0\u00bb, o\u00f9 patients atteints de la maladie d\u2019Alzheimer et soignants se rejoignent au manoir de Kerpaul \u00e0 Loctudy. <a href=\"https:\/\/www.letelegramme.fr\/finistere\/loctudy-29750\/a-loctudy-lamicale-laique-ouvre-un-cine-club-et-diffuse-les-esprits-libres-en-ouverture-du-mois-du-doc-6923483.php\" rel=\"nofollow noopener\" target=\"_blank\">Le documentaire sera diffus\u00e9 le dimanche 16 novembre, \u00e0 17\u00a0h\u00a030, au manoir de Kerpaul \u00e0 Loctudy<\/a>, et le vendredi 21 novembre, \u00e0 21\u00a0h, \u00e0 la biblioth\u00e8que de Landudec.<\/p>\n<p class=\"empty\">La biblioth\u00e8que de Ploz\u00e9vet a choisi \u00ab\u00a0Une maison, une artiste\u00a0: Ella Maillart, au sommet du monde\u00a0\u00bb de Nathalie Plicot et Val\u00e9riane Cariou, retra\u00e7ant le parcours de l\u2019exploratrice. Le film sera projet\u00e9 le vendredi 21 novembre, \u00e0 19\u00a0h, au centre culturel Avel Dro.<\/p>\n<p class=\"empty\">L\u2019\u00e9quipe de la m\u00e9diath\u00e8que de Combrit-Sainte-Marine a choisi \u00ab\u00a0Loup y es-tu\u00a0\u00bb, de Mathurin Peschet, qui relate le retour du pr\u00e9dateur dans les Monts-d\u2019Arr\u00e9e. Le film sera diffus\u00e9 le dimanche 30 novembre, \u00e0 17\u00a0h, au centre sportif Croas Ver.<\/p>\n<p><b>Pratique<\/b><\/p>\n","protected":false},"excerpt":{"rendered":"La 26e \u00e9dition du Mois du doc, coordonn\u00e9e par l\u2019association Daoulagad Breizh bas\u00e9e \u00e0 Douarnenez, est lanc\u00e9e sur&hellip;\n","protected":false},"author":2,"featured_media":519940,"comment_status":"","ping_status":"","sticky":false,"template":"","format":"standard","meta":{"footnotes":""},"categories":[1354],"tags":[650,25991,251,9383,58,59,1346,1011,27,51608,1335,1360,22629,22626,29015,24222,3323,45661],"class_list":{"0":"post-519939","1":"post","2":"type-post","3":"status-publish","4":"format-standard","5":"has-post-thumbnail","7":"category-films","8":"tag-cinema","9":"tag-combrit","10":"tag-culture","11":"tag-culture-bretonne","12":"tag-divertissement","13":"tag-entertainment","14":"tag-films","15":"tag-fr","16":"tag-france","17":"tag-landudec","18":"tag-loctudy","19":"tag-movies","20":"tag-penmarch","21":"tag-plomeur","22":"tag-ploneour-lanvern","23":"tag-plozevet","24":"tag-pont-labbe","25":"tag-pouldreuzic"},"share_on_mastodon":{"url":"","error":""},"_links":{"self":[{"href":"https:\/\/www.europesays.com\/fr\/wp-json\/wp\/v2\/posts\/519939","targetHints":{"allow":["GET"]}}],"collection":[{"href":"https:\/\/www.europesays.com\/fr\/wp-json\/wp\/v2\/posts"}],"about":[{"href":"https:\/\/www.europesays.com\/fr\/wp-json\/wp\/v2\/types\/post"}],"author":[{"embeddable":true,"href":"https:\/\/www.europesays.com\/fr\/wp-json\/wp\/v2\/users\/2"}],"replies":[{"embeddable":true,"href":"https:\/\/www.europesays.com\/fr\/wp-json\/wp\/v2\/comments?post=519939"}],"version-history":[{"count":0,"href":"https:\/\/www.europesays.com\/fr\/wp-json\/wp\/v2\/posts\/519939\/revisions"}],"wp:featuredmedia":[{"embeddable":true,"href":"https:\/\/www.europesays.com\/fr\/wp-json\/wp\/v2\/media\/519940"}],"wp:attachment":[{"href":"https:\/\/www.europesays.com\/fr\/wp-json\/wp\/v2\/media?parent=519939"}],"wp:term":[{"taxonomy":"category","embeddable":true,"href":"https:\/\/www.europesays.com\/fr\/wp-json\/wp\/v2\/categories?post=519939"},{"taxonomy":"post_tag","embeddable":true,"href":"https:\/\/www.europesays.com\/fr\/wp-json\/wp\/v2\/tags?post=519939"}],"curies":[{"name":"wp","href":"https:\/\/api.w.org\/{rel}","templated":true}]}}