{"id":51994,"date":"2025-04-25T14:53:09","date_gmt":"2025-04-25T14:53:09","guid":{"rendered":"https:\/\/www.europesays.com\/fr\/51994\/"},"modified":"2025-04-25T14:53:09","modified_gmt":"2025-04-25T14:53:09","slug":"le-pentagone-dans-un-chaos-total","status":"publish","type":"post","link":"https:\/\/www.europesays.com\/fr\/51994\/","title":{"rendered":"le Pentagone dans un \u00ab chaos total \u00bb"},"content":{"rendered":"<p>L&rsquo;\u00e9tau se resserre autour de Pete Hegseth, le\u00a0secr\u00e9taire am\u00e9ricain \u00e0 la D\u00e9fense. L&rsquo;ancien pr\u00e9sentateur de la cha\u00eene conservatrice Fox News, nomm\u00e9 par Donald Trump, encha\u00eene les scandales au sein de son minist\u00e8re, entre fuites d&rsquo;information, menaces et d\u00e9parts \u00e0 la cha\u00eene.<\/p>\n<p>Parmi les derniers coups d&rsquo;\u00e9clat : une information selon laquelle une r\u00e9union \u00e9tait pr\u00e9vue en mars dernier avec Elon Musk pour lui partager des informations classifi\u00e9es sur la Chine. Un projet qui aurait irrit\u00e9 Donald Trump au regard du conflit d&rsquo;int\u00e9r\u00eats engendr\u00e9 par une telle r\u00e9union, le patron de Tesla ayant des liens commerciaux avec P\u00e9kin.<\/p>\n<p>Cette fuite a entra\u00een\u00e9 une v\u00e9ritable chasse aux sorci\u00e8res en interne. \u00ab Je vais vous faire passer au d\u00e9tecteur de mensonges ! \u00bb, aurait notamment menac\u00e9 Pete Hegseth au pr\u00e9sident par int\u00e9rim de l&rsquo;\u00e9tat-major interarm\u00e9es, Christopher Grady, rapporte\u00a0le\u00a0<a href=\"https:\/\/www.wsj.com\/politics\/national-security\/pete-hegseth-pentagon-fired-aides-cfa9e0d5?st=dkytZn\" target=\"_blank\" rel=\"noopener\">Wall Street Journal<\/a>.<\/p>\n<p>Si Christopher Grady a r\u00e9ussi \u00e0 \u00e9chapper au polygraphe, le secr\u00e9taire \u00e0 la D\u00e9fense aurait ensuite menac\u00e9 le lieutenant g\u00e9n\u00e9ral Doug Sims, directeur de l&rsquo;\u00e9tat-major interarm\u00e9es, de passer \u00e9galement au d\u00e9tecteur.<\/p>\n<p>Fuites en cascade<\/p>\n<p>Les d\u00e9boires de Pete Hegseth ont commenc\u00e9\u00a0il y a un mois.\u00a0Il partage alors sur l&rsquo;application Signal des informations confidentielles \u00e0 propos d&rsquo;une frappe am\u00e9ricaine au Y\u00e9men, sur les rebelles houthis, qui a lieu le 15 mars. Dans cette conversation cr\u00e9e par Mike Waltz, le conseiller \u00e0 la s\u00e9curit\u00e9 nationale, figure \u00e9galement le vice-pr\u00e9sident JD Vance et un invit\u00e9 ajout\u00e9 par m\u00e9garde\u00a0: le r\u00e9dacteur en chef du journal <a href=\"https:\/\/www.theatlantic.com\/politics\/archive\/2025\/03\/signal-group-chat-attack-plans-hegseth-goldberg\/682176\/\" target=\"_blank\" rel=\"noopener\">The Atlantic<\/a>. Ce dernier r\u00e9v\u00e8le une dizaine de jours plus tard les conversations \u00e9chang\u00e9es. De quoi interroger sur les mesures de s\u00e9curit\u00e9s prises par les hauts fonctionnaires. Pete Hegseth fait ainsi l&rsquo;objet d&rsquo;une enqu\u00eate de l&rsquo;inspecteur g\u00e9n\u00e9ral du Pentagone.<\/p>\n<p>Depuis ce premier coup d&rsquo;\u00e9clat, les fuites n&rsquo;en finissent plus. L&rsquo;agence de presse Associated Press r\u00e9v\u00e8le cette semaine que le secr\u00e9taire am\u00e9ricain \u00e0 la D\u00e9fense disposerait d&rsquo;une connexion Internet non s\u00e9curis\u00e9e afin de contourner les protocoles de s\u00e9curit\u00e9, lui permettant d&rsquo;utiliser Signal. Fin de semaine derni\u00e8re, c&rsquo;est le New York Times qui d\u00e9voile\u00a0que Pete Hegseth a cr\u00e9\u00e9 une deuxi\u00e8me conversation sur Signal, sur laquelle il a partag\u00e9 des informations sur les frappes au Y\u00e9men avec des collaborateurs mais aussi des proches comme son avocat personnel, son fr\u00e8re et m\u00eame sa femme. Cette derni\u00e8re aurait \u00e9galement assist\u00e9 \u00e0 des r\u00e9unions entre son conjoint et des homologues militaires \u00e9trangers o\u00f9 des informations sensibles auraient \u00e9t\u00e9 \u00e9chang\u00e9es.<\/p>\n<p>Des responsables am\u00e9ricains ont aussi souffl\u00e9 \u00e0 la cha\u00eene NBC que la Maison-Blanche aurait demand\u00e9 des plans \u00e0 l&rsquo;arm\u00e9e am\u00e9ricaine pour augmenter les troupes am\u00e9ricaines au Panama. Et la liste continue.<\/p>\n<p>D\u00e9parts \u00e0 la cha\u00eene<\/p>\n<p>Des b\u00e9vues de moins en moins pardonnables pour le minist\u00e8re qui dispose du budget militaire le plus important dans le monde\u00a0: plus de 800 milliards de dollars. Et qui entra\u00eenent de nombreux d\u00e9parts. Le chef du cabinet du minist\u00e8re de la D\u00e9fense, Joe Kasper, va quitter son poste, a confi\u00e9 un haut responsable ce jeudi.<\/p>\n<p>La\u00a0semaine derni\u00e8re, trois hauts fonctionnaires ont \u00e9galement \u00e9t\u00e9 renvoy\u00e9s apr\u00e8s l&rsquo;ouverture d&rsquo;une enqu\u00eate en interne sur des fuites\u00a0: Darin Selnick, Dan Caldwell et Colin Carroll. Dans un communiqu\u00e9, ils ont argu\u00e9 qu&rsquo;ils ne connaissent toujours pas \u00ab\u00a0la raison exacte\u00a0\u00bb de leur d\u00e9part et se demandent \u00ab\u00a0s&rsquo;il y a eu une v\u00e9ritable enqu\u00eate sur les \u00ab\u00a0fuites\u00a0\u00bb\u00bb. \u00ab\u00a0Hegseth pr\u00e9side d\u00e9sormais une purge \u00e9trange et d\u00e9concertante\u00a0\u00bb, d\u00e9nonce John Ullyot, ex-porte-parole du Pentagone au d\u00e9but du mandat de Pete Hegseth, dans une tribune publi\u00e9e sur <a href=\"https:\/\/www.politico.com\/news\/magazine\/2025\/04\/20\/pentagon-chaos-ullyot-hegseth-00205594\" target=\"_blank\" rel=\"noopener\">Politico<\/a>.<\/p>\n<p>De son c\u00f4t\u00e9, Donald Trump continue, pour le moment, \u00e0 ne pas tarir d&rsquo;\u00e9loge au sujet de son prot\u00e9g\u00e9. Il \u00ab\u00a0fait un travail formidable\u00a0\u00bb a-t-il encore r\u00e9p\u00e9t\u00e9 lundi \u00e0 la Maison-Blanche. Il a \u00e9galement rejet\u00e9 la responsabilit\u00e9 des fuites sur des \u00ab\u00a0employ\u00e9s m\u00e9contents\u00a0\u00bb. Mais jusqu&rsquo;\u00e0 quand le pr\u00e9sident am\u00e9ricain pourra-t-il le soutenir\u00a0? D&rsquo;apr\u00e8s le Wall Street Journal, le pr\u00e9sident aurait commencer \u00e0 poser des questions autour de lui sur la performance de son secr\u00e9taire \u00e0 la D\u00e9fense, et ses conseillers scruteraient avec attention les apparitions de Pete Hegseth dans les m\u00e9dias.<\/p>\n<p>\u00ab\u00a0Malheureusement, apr\u00e8s un mois d\u00e9sastreux, le Pentagone ne se concentre plus sur la guerre, mais sur un drame sans fin\u00a0\u00bb, argue\u00a0dans sa tribune John Ullyot. \u00ab\u00a0Cela fait un mois que le Pentagone est plong\u00e9 dans un chaos total\u00a0\u00bb. Ambiance.<\/p>\n","protected":false},"excerpt":{"rendered":"L&rsquo;\u00e9tau se resserre autour de Pete Hegseth, le\u00a0secr\u00e9taire am\u00e9ricain \u00e0 la D\u00e9fense. L&rsquo;ancien pr\u00e9sentateur de la cha\u00eene conservatrice&hellip;\n","protected":false},"author":2,"featured_media":51995,"comment_status":"","ping_status":"","sticky":false,"template":"","format":"standard","meta":{"footnotes":""},"categories":[5],"tags":[17,11,14506,14505,1446,14502,33,1011,27,14504,14,14503,12,1068,28],"class_list":{"0":"post-51994","1":"post","2":"type-post","3":"status-publish","4":"format-standard","5":"has-post-thumbnail","7":"category-international","8":"tag-17","9":"tag-actualites","10":"tag-chaos","11":"tag-dinformations","12":"tag-dans","13":"tag-detecteur","14":"tag-economie","15":"tag-fr","16":"tag-france","17":"tag-fuites","18":"tag-international","19":"tag-mensonges","20":"tag-news","21":"tag-pentagone","22":"tag-world"},"share_on_mastodon":{"url":"https:\/\/pubeurope.com\/@fr\/114399176566367299","error":""},"_links":{"self":[{"href":"https:\/\/www.europesays.com\/fr\/wp-json\/wp\/v2\/posts\/51994","targetHints":{"allow":["GET"]}}],"collection":[{"href":"https:\/\/www.europesays.com\/fr\/wp-json\/wp\/v2\/posts"}],"about":[{"href":"https:\/\/www.europesays.com\/fr\/wp-json\/wp\/v2\/types\/post"}],"author":[{"embeddable":true,"href":"https:\/\/www.europesays.com\/fr\/wp-json\/wp\/v2\/users\/2"}],"replies":[{"embeddable":true,"href":"https:\/\/www.europesays.com\/fr\/wp-json\/wp\/v2\/comments?post=51994"}],"version-history":[{"count":0,"href":"https:\/\/www.europesays.com\/fr\/wp-json\/wp\/v2\/posts\/51994\/revisions"}],"wp:featuredmedia":[{"embeddable":true,"href":"https:\/\/www.europesays.com\/fr\/wp-json\/wp\/v2\/media\/51995"}],"wp:attachment":[{"href":"https:\/\/www.europesays.com\/fr\/wp-json\/wp\/v2\/media?parent=51994"}],"wp:term":[{"taxonomy":"category","embeddable":true,"href":"https:\/\/www.europesays.com\/fr\/wp-json\/wp\/v2\/categories?post=51994"},{"taxonomy":"post_tag","embeddable":true,"href":"https:\/\/www.europesays.com\/fr\/wp-json\/wp\/v2\/tags?post=51994"}],"curies":[{"name":"wp","href":"https:\/\/api.w.org\/{rel}","templated":true}]}}