{"id":519956,"date":"2025-11-08T06:34:10","date_gmt":"2025-11-08T06:34:10","guid":{"rendered":"https:\/\/www.europesays.com\/fr\/519956\/"},"modified":"2025-11-08T06:34:10","modified_gmt":"2025-11-08T06:34:10","slug":"passe-darmes-entre-la-metropole-et-saint-etienne","status":"publish","type":"post","link":"https:\/\/www.europesays.com\/fr\/519956\/","title":{"rendered":"passe d&rsquo;armes entre la M\u00e9tropole et Saint-\u00c9tienne"},"content":{"rendered":"<p>            Par<br \/>\n        <strong><br \/>\n            <a href=\"https:\/\/actu.fr\/auteur\/mathias-souteyrat\" title=\"Consulter tous les articles de Mathias Souteyrat\" target=\"_blank\" rel=\"noopener\">Mathias Souteyrat<\/a><br \/>\n        <\/strong><\/p>\n<p>        Publi\u00e9 le<\/p>\n<p>            8 nov. 2025 \u00e0 6h22        <\/p>\n<p>Le d\u00e9bat fait toujours rage sur l\u2019instauration d\u2019un QR code pour <a href=\"https:\/\/actu.fr\/auvergne-rhone-alpes\/saint-etienne_42218\/saint-etienne-l-acces-aux-decheteries-bouleverse-voici-les-changements_61834522.html\" target=\"_blank\" rel=\"noopener\">acc\u00e9der aux d\u00e9ch\u00e8teries de la m\u00e9tropole st\u00e9phanoise<\/a>, satisfaite du dispositif, \u00e0 contrario de l\u2019adjointe \u00e0 la mairie de <a href=\"https:\/\/actu.fr\/saint-etienne\/\" target=\"_blank\" rel=\"noopener\">Saint-Etienne<\/a>. <br \/>Le 1\u1d49\u02b3 novembre 2025, la m\u00e9tropole a dress\u00e9 un premier bilan pour les nouvelles modalit\u00e9s d\u2019acc\u00e8s en d\u00e9ch\u00e8terie. Satisfaction de l\u2019institution : \u00ab\u00a0des habitants au rendez-vous, des objectifs atteints, avec de nouvelles am\u00e9liorations \u00e0 apporter qui sont en projet\u00a0\u00bb.<br \/>Cyrine Makhlouf, adjointe au maire de la ville, charg\u00e9e de la propret\u00e9, \u00ab\u00a0ne partage pas le satisfecit de Saint-Etienne M\u00e9tropole\u00a0\u00bb et tient \u00e0 pr\u00e9ciser un certain nombre de points. <strong>\u00ab\u00a0Manifestement, nous ne vivons pas la m\u00eame r\u00e9alit\u00e9.\u00a0\u00bb<\/strong><\/p>\n<p>Un dispositif trop complexe pour la mairie<\/p>\n<p class=\" wall-content\">La m\u00e9tropole rappelle \u00ab\u00a0que les visites tr\u00e8s occasionnelles ne n\u00e9cessitent pas de QR Code : l\u2019acc\u00e8s exceptionnel en d\u00e9ch\u00e8terie est autoris\u00e9 deux fois par an (sur la base du relev\u00e9 de la plaque d\u2019immatriculation)\u00a0\u00bb.\u00a0<\/p>\n<blockquote class=\"ac-article-quote wall-content\">\n<p>Depuis novembre 2024, les usagers r\u00e9guliers des 13 d\u00e9ch\u00e8teries de Saint-Etienne M\u00e9tropole sont invit\u00e9s \u00e0 cr\u00e9er leur compte d\u2019acc\u00e8s. Un an apr\u00e8s, pr\u00e8s de 80 000 m\u00e9nages ont cr\u00e9\u00e9 leur compte, un nombre bien sup\u00e9rieur au nombre de maisons individuelles (67 000) des 53 communes de Saint-Etienne M\u00e9tropole. De nombreux habitants qui r\u00e9sident en appartement ont en effet \u00e9galement cr\u00e9\u00e9 leur compte car eux aussi peuvent avoir besoin d\u2019acc\u00e9der en d\u00e9ch\u00e8terie.<\/p>\n<p>    <strong>M\u00e9tropole st\u00e9phanoise<\/strong>\n            <\/p><\/blockquote>\n<p class=\" wall-content\">Selon l\u2019adjointe \u00e0 la mairie, \u00ab\u00a0force est de constater que le syst\u00e8me qui a \u00e9t\u00e9 retenu \u00e9vince, de fait, toute une partie de la population, \u00e0 travers notamment la <strong>fracture num\u00e9rique<\/strong> et ne fait pas consensus aupr\u00e8s de la population. Une majorit\u00e9 d\u2019habitants malheureusement n\u2019y adh\u00e8re pas, faute d\u2019un dispositif trop complexe.\u00a0\u00bb<\/p>\n<p>\u00c9volution des r\u00e8gles en 2025<\/p>\n<p>Courant 2025, les r\u00e8gles d\u2019acc\u00e8s ont \u00e9volu\u00e9 pour s\u2019adapter \u00e0 certains cas particuliers : inscription par un m\u00e9nage d\u2019un quad ou d\u2019un pick-up, mais aussi, depuis juillet, baisse de 5 \u00e0 2 unit\u00e9s par passage pour des remorques moyennes (de 500 \u00e0 750 kg de PTAC) et inscription d\u00e9sormais possible de grandes remorques (de 750 kg \u00e0 1200 kg de PTAC).<\/p>\n<p>Une \u00e9tude est \u00e9galement en cours pour faciliter l\u2019inscription d\u2019un v\u00e9hicule temporaire.<\/p>\n<p>L\u2019inscription et l\u2019accueil en d\u00e9ch\u00e8terie sont et restent gratuits. Il est toujours possible de cr\u00e9er son compte en ligne sur le site https:\/\/decheteries.saint-etienne-metropole.fr\/ ou de solliciter un formulaire d\u2019inscription \u00e0 l\u2019accueil des d\u00e9ch\u00e8teries.<\/p>\n<p>S\u2019ils rencontrent des difficult\u00e9s, les usagers sont invit\u00e9s \u00e0 contacter Infos D\u00e9chets par t\u00e9l\u00e9phone (0 800 882 735) ou par mail (<a href=\"https:\/\/actu.fr\/cdn-cgi\/l\/email-protection\" class=\"__cf_email__\" data-cfemail=\"ddb4b3bbb2aeb9b8beb5b8a9ae9daebcb4b3a9f0b8a9b4b8b3b3b8f0b0b8a9afb2adb2b1b8f3bbaf\" target=\"_blank\" rel=\"noopener\">[email\u00a0protected]<\/a>).<\/p>\n<p>\u00c0 Saint-Etienne, le compte n\u2019y est pas<\/p>\n<p class=\" wall-content\">La cr\u00e9ation des comptes a \u00e9t\u00e9 faite en tr\u00e8s grande majorit\u00e9 en ligne \u00ab\u00a0mais 4 800 comptes ont pu \u00eatre cr\u00e9\u00e9s avec un formulaire papier\u00a0\u00bb, pr\u00e9cise la m\u00e9tropole.\u00a0<\/p>\n<blockquote class=\"ac-article-quote wall-content\">\n<p>Quand Saint-Etienne M\u00e9tropole se r\u00e9jouit que 80 000 comptes aient \u00e9t\u00e9 cr\u00e9\u00e9s, je note qu\u2019\u00e0 Saint-Etienne, seulement 15 % des foyers ont fait cette d\u00e9marche, 25 % \u00e0 Firminy et 70 % \u00e0 Farnay. M\u00eame ramen\u00e9 au % d\u2019habitat individuel qui, \u00e0 Saint-Etienne, est d\u2019environ 10 %, ce taux n\u2019est raisonnablement pas satisfaisant \u00e0 l\u2019\u00e9chelle de notre ville.<\/p>\n<p>    <strong>Cyrine Makhlouf<\/strong><br \/>\n        Adjointe \u00e0 la mairie    <\/p><\/blockquote>\n<p>Votre r\u00e9gion, votre actu !<\/p>\n<p>Recevez chaque jour les infos qui comptent pour vous.<\/p>\n<p>\t<a href=\"https:\/\/actu.fr\/newsletter\" class=\"ac-btn ac-btn--corner ac-btn--medium ac-btn--blue800\" target=\"_blank\" rel=\"noopener\">S&rsquo;incrire<\/a><\/p>\n<p class=\" wall-content\">Baisse des d\u00e9chets pris en charge par la m\u00e9tropole et des ordures m\u00e9nag\u00e8res<\/p>\n<p class=\" wall-content\">Les d\u00e9chets pris en charge par Saint-Etienne M\u00e9tropole durant les 8 premiers mois de l\u2019ann\u00e9e en comparant les ann\u00e9es 2024 et 2025 <strong>ont baiss\u00e9 de 35 %<\/strong>. \u00ab\u00a0Ce sont des milliers de camions en moins et des \u00e9conomies de transport et traitement de d\u00e9chets d\u2019environ 2 millions d\u2019euros par an.\u00a0\u00bb<\/p>\n<p class=\" wall-content\">Enfin, \u00ab\u00a0les d\u00e9chets qui ne sont plus apport\u00e9s en d\u00e9ch\u00e8terie ne sont pas non plus d\u00e9pos\u00e9s dans les ordures m\u00e9nag\u00e8res. Les tonnages d\u2019ordures m\u00e9nag\u00e8res collect\u00e9s sont en baisse de 1,5%.\u00a0\u00bb<\/p>\n<p class=\" wall-content\">Selon l\u2019adjointe, \u00ab\u00a0l\u00e0 aussi en contradiction, avec la remont\u00e9e de terrain des <strong>\u00e9boueurs<\/strong> lors de leur mouvement de gr\u00e8ve se plaignant de ce qu\u2019ils pouvaient trouver dans les bacs d\u2019ordures m\u00e9nag\u00e8res, cela n\u2019avait rien d\u2019une collecte s\u00e9lective, mais que les usagers d\u00e9posaient depuis la mise en place du QR code, <strong>type petit \u00e9lectrom\u00e9nager, d\u00e9chets de chantier<\/strong>, etc. rendant les bacs beaucoup plus lourds \u00e0 lever et d\u00e9gradant ainsi leurs conditions de travail.\u00a0\u00bb<\/p>\n<p>Des d\u00e9chets apport\u00e9s dans les d\u00e9ch\u00e8teries des territoires voisins<\/p>\n<p class=\" wall-content\">D\u2019apr\u00e8s la m\u00e9tropole, \u00ab\u00a0ces d\u00e9chets sont d\u00e9sormais apport\u00e9s dans les d\u00e9ch\u00e8teries publiques des territoires voisins, lieux de production des d\u00e9chets, ainsi que dans les d\u00e9ch\u00e8teries professionnelles.\u00a0\u00bb<\/p>\n<p class=\" wall-content\">\u00ab\u00a0Contrairement \u00e0 ce qu\u2019il est indiqu\u00e9, rien ne prouve que les tonnages non collect\u00e9s dans les d\u00e9ch\u00e8teries m\u00e9tropolitaines le sont dans celles des territoires voisins et dans les d\u00e9ch\u00e8teries professionnelles, observe Cyrine Makhlouf. Le constat fait sur le terrain, dans nos villes, d\u00e9montre de mani\u00e8re tr\u00e8s visible le contraire.\u00a0\u00bb<\/p>\n<p>Pas d\u2019\u00e9volution des d\u00e9p\u00f4ts sauvages selon la m\u00e9tropole<\/p>\n<p class=\" wall-content\">Les d\u00e9p\u00f4ts sauvages restent globalement stables. \u00ab\u00a0Aucune \u00e9volution sensible n\u2019a \u00e9t\u00e9 constat\u00e9e dans les milieux naturels par le r\u00e9seau sentinelle de l\u2019association France Nature Environnement.\u00a0\u00bb<\/p>\n<p>Saint-Etienne et Rive-de-Gier mettent en place la redevance pollueur-payeur<\/p>\n<p>Pour faire face \u00e0 l\u2019augmentation des d\u00e9charges sauvages sur l\u2019espace public, la ville de Saint-Etienne a proc\u00e9d\u00e9 \u00e0 l\u2019installation de 10 cam\u00e9ras de vid\u00e9o-verbalisation (230 000 euros de co\u00fbt total) et au recrutement de deux policiers municipaux suppl\u00e9mentaires pour suivre, enqu\u00eater et traiter les verbalisations. <br \/>Par ailleurs, cinq camions-griffes interviennent en continu sur l\u2019espace public pour collecter les d\u00e9charges sauvages en recrudescence.<br \/>La redevance pollueur-payeur a \u00e9t\u00e9 mise en place par les municipalit\u00e9s de Saint-Etienne et de Rive-de-Gier.<\/p>\n<p class=\" wall-content\">Les quantit\u00e9s de d\u00e9chets collect\u00e9s par les services techniques municipaux ont, pour certaines communes, augment\u00e9 mais g\u00e9n\u00e9ralement de mani\u00e8re mod\u00e9r\u00e9e (50 tonnes en moyenne par mois pour l\u2019ensemble du territoire de Saint-Etienne M\u00e9tropole).<\/p>\n<p class=\" wall-content\">Ces quantit\u00e9s restent bien inf\u00e9rieures \u00e0 2022. \u00ab\u00a0Les situations des communes qui ont subi des augmentations ont \u00e9t\u00e9 signal\u00e9es et font l\u2019objet d\u2019une analyse particuli\u00e8re.\u00a0\u00bb<\/p>\n<p class=\" wall-content\">Le cout global des d\u00e9ch\u00e8teries est de 7 millions d\u2019euros en 2024, rappelle la m\u00e9tropole.<\/p>\n<p>\u00ab\u00a0Non, les d\u00e9p\u00f4ts sauvages ne sont pas stables\u00a0\u00bb pour la mairie<\/p>\n<p class=\" wall-content\">\u00ab\u00a0De m\u00eame, quand Saint-Etienne M\u00e9tropole se f\u00e9licite d\u2019une baisse des tonnages collect\u00e9s et des \u00e9conomies ainsi r\u00e9alis\u00e9es, celles-ci se font au d\u00e9triment de la commune\u00a0\u00bb, \u00e9crit l\u2019adjointe.<\/p>\n<blockquote class=\"ac-article-quote wall-content\">\n<p>Car non, les d\u00e9p\u00f4ts sauvages ne sont pas stables. Si l\u2019on compare la p\u00e9riode de novembre 2023 \u00e0 avril 2024 avant le QR code \u00e0 la p\u00e9riode novembre 2024 \u00e0 avril 2025, apr\u00e8s la mise en place de QR code, ce sont plus de 200 tonnes suppl\u00e9mentaires de d\u00e9charges sauvages, en six mois, qui se retrouvent \u00e0 Saint-Etienne sur l\u2019espace public et non pas en d\u00e9ch\u00e8teries. Le m\u00eame constat a d\u2019ailleurs \u00e9t\u00e9 fait dans d\u2019autres communes comme La Ricamarie, La Grand Croix ou Unieux.<\/p>\n<p>    <strong>Cyrine Makhlouf<\/strong><br \/>\n        Adjointe \u00e0 la mairie    <\/p><\/blockquote>\n<p class=\" wall-content\">Cyrine Makhlouf va m\u00eame plus loin. Elle demande \u00e0 la m\u00e9tropole de <strong>revenir sur leur d\u00e9cision d\u2019instaurer un QR code<\/strong> pour acc\u00e9der aux d\u00e9ch\u00e8teries de Saint-Etienne M\u00e9tropole.<\/p>\n<p class=\" wall-content\">Personnalisez votre actualit\u00e9 en ajoutant vos villes et m\u00e9dias en favori avec <a href=\"https:\/\/moncompte.actu.fr\" title=\"D\u00e9couvez Mon Actu\" rel=\"nofollow noopener\" data-trk=\"{&quot;cta&quot;:{&quot;action&quot;:&quot;https:\\\/\\\/moncompte.actu.fr&quot;,&quot;category&quot;:&quot;mon compte&quot;,&quot;from&quot;:&quot;article footer&quot;,&quot;name&quot;:&quot;Mon actu&quot;,&quot;type&quot;:&quot;cta&quot;}}\" target=\"_blank\">Mon Actu<\/a>.<\/p>\n","protected":false},"excerpt":{"rendered":"Par Mathias Souteyrat Publi\u00e9 le 8 nov. 2025 \u00e0 6h22 Le d\u00e9bat fait toujours rage sur l\u2019instauration d\u2019un&hellip;\n","protected":false},"author":2,"featured_media":519957,"comment_status":"","ping_status":"","sticky":false,"template":"","format":"standard","meta":{"footnotes":""},"categories":[9653],"tags":[1111,11,2430,3008,1777,674,1011,27,12,25,4001,10060,104],"class_list":{"0":"post-519956","1":"post","2":"type-post","3":"status-publish","4":"format-standard","5":"has-post-thumbnail","7":"category-saint-etienne","8":"tag-actu","9":"tag-actualites","10":"tag-auvergne-rhone-alpes","11":"tag-dechets","12":"tag-eu","13":"tag-europe","14":"tag-fr","15":"tag-france","16":"tag-news","17":"tag-republique-francaise","18":"tag-saint-etienne","19":"tag-saint-etienne-metropole","20":"tag-societe"},"share_on_mastodon":{"url":"https:\/\/pubeurope.com\/@fr\/115512689561789535","error":""},"_links":{"self":[{"href":"https:\/\/www.europesays.com\/fr\/wp-json\/wp\/v2\/posts\/519956","targetHints":{"allow":["GET"]}}],"collection":[{"href":"https:\/\/www.europesays.com\/fr\/wp-json\/wp\/v2\/posts"}],"about":[{"href":"https:\/\/www.europesays.com\/fr\/wp-json\/wp\/v2\/types\/post"}],"author":[{"embeddable":true,"href":"https:\/\/www.europesays.com\/fr\/wp-json\/wp\/v2\/users\/2"}],"replies":[{"embeddable":true,"href":"https:\/\/www.europesays.com\/fr\/wp-json\/wp\/v2\/comments?post=519956"}],"version-history":[{"count":0,"href":"https:\/\/www.europesays.com\/fr\/wp-json\/wp\/v2\/posts\/519956\/revisions"}],"wp:featuredmedia":[{"embeddable":true,"href":"https:\/\/www.europesays.com\/fr\/wp-json\/wp\/v2\/media\/519957"}],"wp:attachment":[{"href":"https:\/\/www.europesays.com\/fr\/wp-json\/wp\/v2\/media?parent=519956"}],"wp:term":[{"taxonomy":"category","embeddable":true,"href":"https:\/\/www.europesays.com\/fr\/wp-json\/wp\/v2\/categories?post=519956"},{"taxonomy":"post_tag","embeddable":true,"href":"https:\/\/www.europesays.com\/fr\/wp-json\/wp\/v2\/tags?post=519956"}],"curies":[{"name":"wp","href":"https:\/\/api.w.org\/{rel}","templated":true}]}}