{"id":519961,"date":"2025-11-08T06:38:53","date_gmt":"2025-11-08T06:38:53","guid":{"rendered":"https:\/\/www.europesays.com\/fr\/519961\/"},"modified":"2025-11-08T06:38:53","modified_gmt":"2025-11-08T06:38:53","slug":"nancy-le-sapin-de-la-place-stanislas-retrouve-de-la-hauteur-apres-la-version-naine-de-2024","status":"publish","type":"post","link":"https:\/\/www.europesays.com\/fr\/519961\/","title":{"rendered":"Nancy. Le sapin de la place Stanislas retrouve de la hauteur apr\u00e8s la version \u00ab\u00a0naine\u00a0\u00bb de 2024"},"content":{"rendered":"<p>L&rsquo;an dernier, la taille du sapin install\u00e9 <a href=\"https:\/\/www.estrepublicain.fr\/p\/place-stanislas\" target=\"_blank\" rel=\"noopener\">place Stanislas<\/a> avait fait sourire. Certains avaient m\u00eame parl\u00e9 de \u00ab\u00a0Sapinou\u00a0\u00bb. Avec ses moins de 15 m\u00e8tres de hauteur et son air un peu pench\u00e9 au sommet, <a href=\"https:\/\/www.estrepublicain.fr\/insolite\/2024\/11\/09\/est-ce-que-le-sapin-de-la-place-stanislas-est-plus-petit-cette-annee\" target=\"_blank\" rel=\"noopener\">il avait pr\u00eat\u00e9 le flanc \u00e0 la critique<\/a>.\u00a0<\/p>\n<p>La hauteur de cette ann\u00e9e revient \u00e0 des standards plus conformes \u00e0 ce que la place avait l&rsquo;habitude de conna\u00eetre: avec 18 m\u00e8tres, il est dans la norme des ann\u00e9es 2021, 2022 et 2023.\u00a0<\/p>\n<p>Mais il reste bien en de\u00e7a des 23 m\u00e8tres de 2017 et 2019. Les sujets d&rsquo;exception, donn\u00e9s par des particuliers, se font peut-\u00eatre un peu plus rares.<\/p>\n<p>Si, en plus, le changement li\u00e9 au climat emp\u00eache la pousse des sapins, mieux vaut consid\u00e9rer que 18 m\u00e8tres, ce n&rsquo;est d\u00e9j\u00e0 pas si mal &#8211; sans oublier que, au fond, ce n&rsquo;est pas la taille qui compte.\u00a0<\/p>\n","protected":false},"excerpt":{"rendered":"L&rsquo;an dernier, la taille du sapin install\u00e9 place Stanislas avait fait sourire. Certains avaient m\u00eame parl\u00e9 de \u00ab\u00a0Sapinou\u00a0\u00bb.&hellip;\n","protected":false},"author":2,"featured_media":519962,"comment_status":"","ping_status":"","sticky":false,"template":"","format":"standard","meta":{"footnotes":""},"categories":[9635],"tags":[1111,11,1707,1704,1706,1705,1777,674,1011,27,775,230,1757,3457,1702,12,25],"class_list":{"0":"post-519961","1":"post","2":"type-post","3":"status-publish","4":"format-standard","5":"has-post-thumbnail","7":"category-nancy","8":"tag-actu","9":"tag-actualites","10":"tag-edition-luneville","11":"tag-edition-nancy-et-agglomeration","12":"tag-edition-pont-a-mousson","13":"tag-edition-toul","14":"tag-eu","15":"tag-europe","16":"tag-fr","17":"tag-france","18":"tag-grand-est","19":"tag-infographie","20":"tag-insolite","21":"tag-meurthe-et-moselle","22":"tag-nancy","23":"tag-news","24":"tag-republique-francaise"},"share_on_mastodon":{"url":"https:\/\/pubeurope.com\/@fr\/115512709154576672","error":""},"_links":{"self":[{"href":"https:\/\/www.europesays.com\/fr\/wp-json\/wp\/v2\/posts\/519961","targetHints":{"allow":["GET"]}}],"collection":[{"href":"https:\/\/www.europesays.com\/fr\/wp-json\/wp\/v2\/posts"}],"about":[{"href":"https:\/\/www.europesays.com\/fr\/wp-json\/wp\/v2\/types\/post"}],"author":[{"embeddable":true,"href":"https:\/\/www.europesays.com\/fr\/wp-json\/wp\/v2\/users\/2"}],"replies":[{"embeddable":true,"href":"https:\/\/www.europesays.com\/fr\/wp-json\/wp\/v2\/comments?post=519961"}],"version-history":[{"count":0,"href":"https:\/\/www.europesays.com\/fr\/wp-json\/wp\/v2\/posts\/519961\/revisions"}],"wp:featuredmedia":[{"embeddable":true,"href":"https:\/\/www.europesays.com\/fr\/wp-json\/wp\/v2\/media\/519962"}],"wp:attachment":[{"href":"https:\/\/www.europesays.com\/fr\/wp-json\/wp\/v2\/media?parent=519961"}],"wp:term":[{"taxonomy":"category","embeddable":true,"href":"https:\/\/www.europesays.com\/fr\/wp-json\/wp\/v2\/categories?post=519961"},{"taxonomy":"post_tag","embeddable":true,"href":"https:\/\/www.europesays.com\/fr\/wp-json\/wp\/v2\/tags?post=519961"}],"curies":[{"name":"wp","href":"https:\/\/api.w.org\/{rel}","templated":true}]}}