{"id":519975,"date":"2025-11-08T06:48:32","date_gmt":"2025-11-08T06:48:32","guid":{"rendered":"https:\/\/www.europesays.com\/fr\/519975\/"},"modified":"2025-11-08T06:48:32","modified_gmt":"2025-11-08T06:48:32","slug":"shein-dijon-reims-grenoble-on-connait-les-dates-douverture-des-prochains-magasins","status":"publish","type":"post","link":"https:\/\/www.europesays.com\/fr\/519975\/","title":{"rendered":"Shein : Dijon, Reims, Grenoble\u2026 On conna\u00eet les dates d\u2019ouverture des prochains magasins"},"content":{"rendered":"<p class=\"mb-4 text-lg md:leading-8 break-words\"><strong>FAST-FASHION &#8211; Le g\u00e9ant chinois Shein acc\u00e9l\u00e8re son implantation en France. Apr\u00e8s Paris, l\u2019enseigne ouvrira ses portes \u00e0 Dijon, Reims et Grenoble d\u00e8s novembre<\/strong><\/p>\n<p class=\"mb-4 text-lg md:leading-8 break-words\">Apr\u00e8s l\u2019ouverture tr\u00e8s m\u00e9diatis\u00e9e de son <a href=\"https:\/\/www.20minutes.fr\/paris\/4183746-20251105-shein-bhv-ouverture-entre-consommateurs-hyperexcites-denonciation-pacte-diable?at_medium=RSS%20feed&amp;at_campaign=ynews&amp;utm_source=yahoo&amp;utm_medium=rss&amp;utm_campaign=news_feed&amp;utm_content=in_article_link\" rel=\"nofollow noopener\" target=\"_blank\" data-ylk=\"slk:premier magasin physique et permanent au monde au BHV;elm:context_link;itc:0;sec:content-canvas\" class=\"link \">premier magasin physique et permanent au monde au BHV<\/a> de Paris, <a href=\"https:\/\/www.20minutes.fr\/monde\/shein\/?at_medium=RSS%20feed&amp;at_campaign=ynews&amp;utm_source=yahoo&amp;utm_medium=rss&amp;utm_campaign=news_feed&amp;utm_content=in_article_link\" rel=\"nofollow noopener\" target=\"_blank\" data-ylk=\"slk:Shein;elm:context_link;itc:0;sec:content-canvas\" class=\"link \">Shein<\/a> s\u2019appr\u00eate \u00e0 poursuivre son implantation dans l\u2019Hexagone. La Soci\u00e9t\u00e9 des grands magasins (SGM), propri\u00e9taire des sites d\u2019accueil du g\u00e9ant asiatique de la fast-fashion, a confirm\u00e9 l\u2019ouverture de nouvelles boutiques le 18 novembre \u00e0 Dijon et Reims, puis le 21 novembre \u00e0 Grenoble. Deux autres points de vente, \u00e0 Angers et Limoges, devraient suivre d\u00e9but d\u00e9cembre, sans date pr\u00e9cise pour le moment.<\/p>\n<p class=\"mb-4 text-lg md:leading-8 break-words\">Cette expansion intervient dans un contexte tendu pour la plateforme chinoise, <a href=\"https:\/\/www.20minutes.fr\/societe\/4183869-20251105-suspension-ligne-ouverture-paris-nouveau-scandale-folle-journee-shein?at_medium=RSS%20feed&amp;at_campaign=ynews&amp;utm_source=yahoo&amp;utm_medium=rss&amp;utm_campaign=news_feed&amp;utm_content=in_article_link\" rel=\"nofollow noopener\" target=\"_blank\" data-ylk=\"slk:sous la menace d\u2019une suspension en France;elm:context_link;itc:0;sec:content-canvas\" class=\"link \">sous la menace d\u2019une suspension en France<\/a> apr\u00e8s la mise en vente de produits controvers\u00e9s, <a href=\"https:\/\/www.20minutes.fr\/societe\/4184033-20251106-quoi-dolls-france-pourvoyeur-poupees-sexuelles-tendancieuses?at_medium=RSS%20feed&amp;at_campaign=ynews&amp;utm_source=yahoo&amp;utm_medium=rss&amp;utm_campaign=news_feed&amp;utm_content=in_article_link\" rel=\"nofollow noopener\" target=\"_blank\" data-ylk=\"slk:dont des poup\u00e9es sexuelles;elm:context_link;itc:0;sec:content-canvas\" class=\"link \">dont des poup\u00e9es sexuelles<\/a> \u00e0 l\u2019apparence enfantine et des armes de cat\u00e9gorie A. Malgr\u00e9 la pol\u00e9mique, l\u2019enseigne attire un public nombreux puisque pr\u00e8s de 8.000 visiteurs se sont press\u00e9s mercredi dans le nouvel espace parisien, selon la SGM.<\/p>\n<p>Le maire de Grenoble demande la suspension<\/p>\n<p class=\"mb-4 text-lg md:leading-8 break-words\">Les implantations r\u00e9gionales de Shein s\u2019effectueront dans des magasins r\u00e9cemment exploit\u00e9s par la SGM et anciennement sous l\u2019enseigne <a href=\"https:\/\/www.20minutes.fr\/dossier\/galeries_lafayette?at_medium=RSS%20feed&amp;at_campaign=ynews&amp;utm_source=yahoo&amp;utm_medium=rss&amp;utm_campaign=news_feed&amp;utm_content=in_article_link\" rel=\"nofollow noopener\" target=\"_blank\" data-ylk=\"slk:Galeries Lafayette;elm:context_link;itc:0;sec:content-canvas\" class=\"link \">Galeries Lafayette<\/a>. Ces \u00e9tablissements seront prochainement rebaptis\u00e9s BHV, apr\u00e8s la rupture du contrat liant le groupe Galeries Lafayette \u00e0 la SGM, ce dernier refusant d\u00e9sormais toute association avec Shein.<\/p>\n<p><a href=\"https:\/\/www.20minutes.fr\/monde\/shein\/\" rel=\"nofollow noopener\" target=\"_blank\" data-ylk=\"slk:Notre dossier sur Shein;elm:context_link;itc:0;sec:content-canvas\" class=\"link \">Notre dossier sur Shein<\/a><\/p>\n<p class=\"mb-4 text-lg md:leading-8 break-words\">L\u2019arriv\u00e9e du g\u00e9ant de la mode ultra bon march\u00e9 ne fait toutefois pas l\u2019unanimit\u00e9. A Grenoble, le maire \u00e9cologiste Eric Piolle a demand\u00e9 \u00e0 la SGM de \u00ab suspendre \u00bb l\u2019ouverture du magasin local, le (&#8230;)<\/p>\n<p class=\"mb-4 text-lg md:leading-8 break-words\"><a href=\"https:\/\/www.20minutes.fr\/societe\/4184390-20251107-shein-dijon-reims-grenoble-connait-dates-ouverture-prochains-magasins?at_medium=RSS%20feed&amp;at_campaign=ynews&amp;utm_source=yahoo&amp;utm_medium=rss&amp;utm_campaign=news_feed&amp;utm_content=read_more_link&quot;\" rel=\"nofollow noopener\" target=\"_blank\" data-ylk=\"slk:Lire la suite sur 20minutes;elm:context_link;itc:0;sec:content-canvas\" class=\"link \">Lire la suite sur 20minutes<\/a><\/p>\n<p>\u00c0 lire aussi :<br \/><a href=\"https:\/\/www.20minutes.fr\/societe\/4183523-20251104-shein-magasins-province-vont-accueillir-groupe-chinois-appelleront-plus-galeries-lafayette?at_medium=RSS%20feed&amp;at_campaign=ynews&amp;utm_source=yahoo&amp;utm_medium=rss&amp;utm_campaign=news_feed&amp;utm_content=related_content_link\" rel=\"nofollow noopener\" target=\"_blank\" data-ylk=\"slk:Shein : Les magasins de province qui vont accueillir le groupe chinois ne s\u2019appelleront plus \u00ab Galeries Lafayette \u00bb;elm:context_link;itc:0;sec:content-canvas\" class=\"link \">Shein : Les magasins de province qui vont accueillir le groupe chinois ne s\u2019appelleront plus \u00ab Galeries Lafayette \u00bb<\/a><br \/><a href=\"https:\/\/www.20minutes.fr\/paris\/4184070-20251107-bhv-arrivee-shein-nombreux-impayes-marques-deja-quitte-grand-magasin-parisien?at_medium=RSS%20feed&amp;at_campaign=ynews&amp;utm_source=yahoo&amp;utm_medium=rss&amp;utm_campaign=news_feed&amp;utm_content=related_content_link\" rel=\"nofollow noopener\" target=\"_blank\" data-ylk=\"slk:BHV : Arriv\u00e9e de Shein, nombreux impay\u00e9s\u2026 Quelles marques ont d\u00e9j\u00e0 quitt\u00e9 le grand magasin parisien ?;elm:context_link;itc:0;sec:content-canvas\" class=\"link \">BHV : Arriv\u00e9e de Shein, nombreux impay\u00e9s\u2026 Quelles marques ont d\u00e9j\u00e0 quitt\u00e9 le grand magasin parisien ?<\/a><\/p>\n","protected":false},"excerpt":{"rendered":"FAST-FASHION &#8211; Le g\u00e9ant chinois Shein acc\u00e9l\u00e8re son implantation en France. Apr\u00e8s Paris, l\u2019enseigne ouvrira ses portes \u00e0&hellip;\n","protected":false},"author":2,"featured_media":519976,"comment_status":"","ping_status":"","sticky":false,"template":"","format":"standard","meta":{"footnotes":""},"categories":[9566],"tags":[1111,11,2430,1777,674,1011,27,4238,2731,64078,5741,64079,12,25,1104],"class_list":{"0":"post-519975","1":"post","2":"type-post","3":"status-publish","4":"format-standard","5":"has-post-thumbnail","7":"category-grenoble","8":"tag-actu","9":"tag-actualites","10":"tag-auvergne-rhone-alpes","11":"tag-eu","12":"tag-europe","13":"tag-fr","14":"tag-france","15":"tag-galeries-lafayette","16":"tag-grenoble","17":"tag-implantation-en-france","18":"tag-louverture","19":"tag-lenseigne","20":"tag-news","21":"tag-republique-francaise","22":"tag-shein"},"share_on_mastodon":{"url":"https:\/\/pubeurope.com\/@fr\/115512744692016869","error":""},"_links":{"self":[{"href":"https:\/\/www.europesays.com\/fr\/wp-json\/wp\/v2\/posts\/519975","targetHints":{"allow":["GET"]}}],"collection":[{"href":"https:\/\/www.europesays.com\/fr\/wp-json\/wp\/v2\/posts"}],"about":[{"href":"https:\/\/www.europesays.com\/fr\/wp-json\/wp\/v2\/types\/post"}],"author":[{"embeddable":true,"href":"https:\/\/www.europesays.com\/fr\/wp-json\/wp\/v2\/users\/2"}],"replies":[{"embeddable":true,"href":"https:\/\/www.europesays.com\/fr\/wp-json\/wp\/v2\/comments?post=519975"}],"version-history":[{"count":0,"href":"https:\/\/www.europesays.com\/fr\/wp-json\/wp\/v2\/posts\/519975\/revisions"}],"wp:featuredmedia":[{"embeddable":true,"href":"https:\/\/www.europesays.com\/fr\/wp-json\/wp\/v2\/media\/519976"}],"wp:attachment":[{"href":"https:\/\/www.europesays.com\/fr\/wp-json\/wp\/v2\/media?parent=519975"}],"wp:term":[{"taxonomy":"category","embeddable":true,"href":"https:\/\/www.europesays.com\/fr\/wp-json\/wp\/v2\/categories?post=519975"},{"taxonomy":"post_tag","embeddable":true,"href":"https:\/\/www.europesays.com\/fr\/wp-json\/wp\/v2\/tags?post=519975"}],"curies":[{"name":"wp","href":"https:\/\/api.w.org\/{rel}","templated":true}]}}