{"id":519977,"date":"2025-11-08T06:49:10","date_gmt":"2025-11-08T06:49:10","guid":{"rendered":"https:\/\/www.europesays.com\/fr\/519977\/"},"modified":"2025-11-08T06:49:10","modified_gmt":"2025-11-08T06:49:10","slug":"concerts-projections-conferences-cest-quoi-le-festival-autres-mesures-qui-arrive-bientot-a-rennes","status":"publish","type":"post","link":"https:\/\/www.europesays.com\/fr\/519977\/","title":{"rendered":"Concerts, projections, conf\u00e9rences\u2026 C&rsquo;est quoi le festival Autres mesures qui arrive bient\u00f4t \u00e0 Rennes\u00a0?"},"content":{"rendered":"<p>            Par<br \/>\n        <strong><br \/>\n            <a href=\"https:\/\/actu.fr\/auteur\/redaction-rennes\" title=\"Consulter tous les articles de R\u00e9daction Rennes\" rel=\"nofollow noopener\" target=\"_blank\">R\u00e9daction Rennes<\/a><br \/>\n        <\/strong><\/p>\n<p>        Publi\u00e9 le<\/p>\n<p>            8 nov. 2025 \u00e0 7h02        <\/p>\n<p>La p\u00e9riode estivale est derni\u00e8re nous, mais la culture rennaise n\u2019est pour autant pas \u00e0 l\u2019arr\u00eat. <a href=\"https:\/\/actu.fr\/bretagne\/rennes_35238\/le-festival-jazz-a-l-ouest-revient-a-rennes-voici-la-liste-des-concerts-gratuits-a-ne-pas-manquer_63272303.html\" rel=\"nofollow noopener\" target=\"_blank\">Jazz \u00e0 l\u2019Ouest<\/a>, <a href=\"https:\/\/actu.fr\/bretagne\/rennes_35238\/le-festival-electro-madame-loyal-de-retour-a-rennes-ce-week-end-transports-horaires-ce-qu-il-faut-savoir_63391203.html\" rel=\"nofollow noopener\" target=\"_blank\">Madame Loyal<\/a>, <a href=\"https:\/\/actu.fr\/bretagne\/rennes_35238\/trans-musicales-2025-a-rennes-manu-le-malin-odoneila-la-nina-la-programmation-de-la-47e-edition_63169650.html\" rel=\"nofollow noopener\" target=\"_blank\">Les Trans Muicales<\/a>\u2026 Plusieurs \u00e9v\u00e9nements sont programm\u00e9s dans les prochains mois\u2009: c\u2019est le cas <strong>d\u2019Autres mesures.<\/strong><\/p>\n<p class=\" wall-content\"><strong>Du 15\u00a0janvier au 17\u00a0f\u00e9vrier 2026<\/strong>, le festival fera la part belle \u00e0 <strong>la musique contemporaine<\/strong>, pour cette 11\u1d49\u00a0\u00e9dition, avec une quinzaine de rendez-vous \u2013 dont la moiti\u00e9 sera <strong>gratuite.<\/strong><\/p>\n<p>La programmation<\/p>\n<p class=\" wall-content\">On y trouvera des<strong> \u00ab\u2009musiques \u00e9crites, improvis\u00e9es, instrumentales<\/strong> ou<strong> \u00e9lectroniques,<\/strong> au confluent des inspirations savantes et populaires, audacieuses, mais toujours accueillantes\u2009\u00bb, indiquent <a href=\"https:\/\/www.autresmesures.com\/\" rel=\"nofollow noopener\" target=\"_blank\">les organisateurs d\u2019Autres mesures<\/a>.<\/p>\n<p class=\" wall-content\">La programmation invite notamment la pianiste Vanessa Wagner, la compositrice japonaise Midori Takada, Megabasse, le musicien anglais Alabaster Deplume, Laura Perrudin\u2026<\/p>\n<p class=\" wall-content\">\n<p class=\" wall-content\">De nombreux lieux seront investis \u00e0 l\u2019instar de la <strong>Cri\u00e9e Centre d\u2019Art Contemporain,<\/strong> les deux sites du mus\u00e9e des <strong>Beaux-Arts,<\/strong> le cin\u00e9ma <strong>Arvor,<\/strong> l\u2019Antipode ou encore la Chapelle du conservatoire. <strong>Deux partenaires<\/strong> rejoignent par ailleurs l\u2019aventure en 2026\u2009: la MJC de Br\u00e9quigny, ainsi que le th\u00e9\u00e2tre de l\u2019Air libre.<\/p>\n<p>Festival Autres mesures du 15\u00a0janvier au 17\u00a0f\u00e9vrier 2026 \u00e0 Rennes. La programmation compl\u00e8te est \u00e0 d\u00e9couvrir <a href=\"https:\/\/www.autresmesures.com\/programmation\/\" rel=\"nofollow noopener\" target=\"_blank\">ici<\/a>.<\/p>\n<p class=\" wall-content\">Personnalisez votre actualit\u00e9 en ajoutant vos villes et m\u00e9dias en favori avec <a href=\"https:\/\/moncompte.actu.fr\" title=\"D\u00e9couvez Mon Actu\" rel=\"nofollow noopener\" data-trk=\"{&quot;cta&quot;:{&quot;action&quot;:&quot;https:\\\/\\\/moncompte.actu.fr&quot;,&quot;category&quot;:&quot;mon compte&quot;,&quot;from&quot;:&quot;article footer&quot;,&quot;name&quot;:&quot;Mon actu&quot;,&quot;type&quot;:&quot;cta&quot;}}\" target=\"_blank\">Mon Actu<\/a>.<\/p>\n","protected":false},"excerpt":{"rendered":"Par R\u00e9daction Rennes Publi\u00e9 le 8 nov. 2025 \u00e0 7h02 La p\u00e9riode estivale est derni\u00e8re nous, mais la&hellip;\n","protected":false},"author":2,"featured_media":519978,"comment_status":"","ping_status":"","sticky":false,"template":"","format":"standard","meta":{"footnotes":""},"categories":[2821],"tags":[1111,11,829,1697,1777,674,1011,27,1652,873,12,584,25],"class_list":{"0":"post-519977","1":"post","2":"type-post","3":"status-publish","4":"format-standard","5":"has-post-thumbnail","7":"category-rennes","8":"tag-actu","9":"tag-actualites","10":"tag-bretagne","11":"tag-concert","12":"tag-eu","13":"tag-europe","14":"tag-fr","15":"tag-france","16":"tag-loisirs-culture","17":"tag-musique","18":"tag-news","19":"tag-rennes","20":"tag-republique-francaise"},"share_on_mastodon":{"url":"https:\/\/pubeurope.com\/@fr\/115512748617787681","error":""},"_links":{"self":[{"href":"https:\/\/www.europesays.com\/fr\/wp-json\/wp\/v2\/posts\/519977","targetHints":{"allow":["GET"]}}],"collection":[{"href":"https:\/\/www.europesays.com\/fr\/wp-json\/wp\/v2\/posts"}],"about":[{"href":"https:\/\/www.europesays.com\/fr\/wp-json\/wp\/v2\/types\/post"}],"author":[{"embeddable":true,"href":"https:\/\/www.europesays.com\/fr\/wp-json\/wp\/v2\/users\/2"}],"replies":[{"embeddable":true,"href":"https:\/\/www.europesays.com\/fr\/wp-json\/wp\/v2\/comments?post=519977"}],"version-history":[{"count":0,"href":"https:\/\/www.europesays.com\/fr\/wp-json\/wp\/v2\/posts\/519977\/revisions"}],"wp:featuredmedia":[{"embeddable":true,"href":"https:\/\/www.europesays.com\/fr\/wp-json\/wp\/v2\/media\/519978"}],"wp:attachment":[{"href":"https:\/\/www.europesays.com\/fr\/wp-json\/wp\/v2\/media?parent=519977"}],"wp:term":[{"taxonomy":"category","embeddable":true,"href":"https:\/\/www.europesays.com\/fr\/wp-json\/wp\/v2\/categories?post=519977"},{"taxonomy":"post_tag","embeddable":true,"href":"https:\/\/www.europesays.com\/fr\/wp-json\/wp\/v2\/tags?post=519977"}],"curies":[{"name":"wp","href":"https:\/\/api.w.org\/{rel}","templated":true}]}}