{"id":519981,"date":"2025-11-08T06:52:17","date_gmt":"2025-11-08T06:52:17","guid":{"rendered":"https:\/\/www.europesays.com\/fr\/519981\/"},"modified":"2025-11-08T06:52:17","modified_gmt":"2025-11-08T06:52:17","slug":"la-convention-citoyenne-presente-ses-conclusions-a-tous-les-elus","status":"publish","type":"post","link":"https:\/\/www.europesays.com\/fr\/519981\/","title":{"rendered":"la convention citoyenne pr\u00e9sente ses conclusions \u00e0 tous les \u00e9lus"},"content":{"rendered":"<p>\u00ab\u00a0Il ne s\u2019agit pas d\u2019un d\u00e9bat pour d\u00e9terminer l\u2019avenir du projet, l\u2019ex\u00e9cutif ne prendra pas position\u00a0\u00bb, cadre la pr\u00e9sidente <a href=\"https:\/\/www.dna.fr\/p\/pia-imbs\" target=\"_blank\" rel=\"noopener\">Pia Imbs<\/a>. La convention citoyenne du tram nord a pr\u00e9sent\u00e9 ses conclusions \u00e0 l\u2019ensemble du conseil de l\u2019Eurom\u00e9tropole de Strasbourg, ce vendredi 7\u00a0novembre. <a href=\"https:\/\/www.dna.fr\/economie\/2025\/10\/10\/la-convention-citoyenne-amene-le-tram-nord-en-ville-par-le-faubourg-de-pierre\" target=\"_blank\" rel=\"noopener\">La copie \u00e9tait connue, puisque rendue d\u00e9but octobre<\/a> , certes \u00e0 un effectif (resserr\u00e9) de l\u2019ex\u00e9cutif et en l\u2019absence (boycottante) des oppositions.<\/p>\n<p>\u00ab\u00a0Une production \u00e9clair\u00e9e et impartiale de cent citoyens\u00a0\u00bb<\/p>\n<p>En pr\u00e9ambule, le comit\u00e9 des garants atteste de \u00ab\u00a0l\u2019ind\u00e9pendance\u00a0\u00bb des membres tout autant que de \u00ab\u00a0la r\u00e9ussite de l\u2019exercice\u00a0\u00bb. Puis trois repr\u00e9sentants des conventionnaires clarifient\u00a0: \u00ab\u00a0Il n\u2019est ni une remise en question des conclusions <a href=\"https:\/\/www.dna.fr\/politique\/2024\/12\/16\/tram-nord-clivant-fourre-tout-ce-que-dit-le-la-commission-d-enquete\" target=\"_blank\" rel=\"noopener\">de l\u2019enqu\u00eate publique<\/a> , ni une validation d\u2019un projet existant, ni un cahier des charges [\u2026] Il est une production&#8230;<\/p>\n","protected":false},"excerpt":{"rendered":"\u00ab\u00a0Il ne s\u2019agit pas d\u2019un d\u00e9bat pour d\u00e9terminer l\u2019avenir du projet, l\u2019ex\u00e9cutif ne prendra pas position\u00a0\u00bb, cadre la&hellip;\n","protected":false},"author":2,"featured_media":519982,"comment_status":"","ping_status":"","sticky":false,"template":"","format":"standard","meta":{"footnotes":""},"categories":[2820],"tags":[1111,11,2880,1777,674,107,1011,27,775,3539,12,316,25,104,640,2879,2803],"class_list":{"0":"post-519981","1":"post","2":"type-post","3":"status-publish","4":"format-standard","5":"has-post-thumbnail","7":"category-strasbourg","8":"tag-actu","9":"tag-actualites","10":"tag-edition-strasbourg","11":"tag-eu","12":"tag-europe","13":"tag-fil-info","14":"tag-fr","15":"tag-france","16":"tag-grand-est","17":"tag-les-ecologistes","18":"tag-news","19":"tag-politique","20":"tag-republique-francaise","21":"tag-societe","22":"tag-strasbourg","23":"tag-strasbourg-ville","24":"tag-transport"},"share_on_mastodon":{"url":"https:\/\/pubeurope.com\/@fr\/115512760268661518","error":""},"_links":{"self":[{"href":"https:\/\/www.europesays.com\/fr\/wp-json\/wp\/v2\/posts\/519981","targetHints":{"allow":["GET"]}}],"collection":[{"href":"https:\/\/www.europesays.com\/fr\/wp-json\/wp\/v2\/posts"}],"about":[{"href":"https:\/\/www.europesays.com\/fr\/wp-json\/wp\/v2\/types\/post"}],"author":[{"embeddable":true,"href":"https:\/\/www.europesays.com\/fr\/wp-json\/wp\/v2\/users\/2"}],"replies":[{"embeddable":true,"href":"https:\/\/www.europesays.com\/fr\/wp-json\/wp\/v2\/comments?post=519981"}],"version-history":[{"count":0,"href":"https:\/\/www.europesays.com\/fr\/wp-json\/wp\/v2\/posts\/519981\/revisions"}],"wp:featuredmedia":[{"embeddable":true,"href":"https:\/\/www.europesays.com\/fr\/wp-json\/wp\/v2\/media\/519982"}],"wp:attachment":[{"href":"https:\/\/www.europesays.com\/fr\/wp-json\/wp\/v2\/media?parent=519981"}],"wp:term":[{"taxonomy":"category","embeddable":true,"href":"https:\/\/www.europesays.com\/fr\/wp-json\/wp\/v2\/categories?post=519981"},{"taxonomy":"post_tag","embeddable":true,"href":"https:\/\/www.europesays.com\/fr\/wp-json\/wp\/v2\/tags?post=519981"}],"curies":[{"name":"wp","href":"https:\/\/api.w.org\/{rel}","templated":true}]}}