{"id":519991,"date":"2025-11-08T06:57:19","date_gmt":"2025-11-08T06:57:19","guid":{"rendered":"https:\/\/www.europesays.com\/fr\/519991\/"},"modified":"2025-11-08T06:57:19","modified_gmt":"2025-11-08T06:57:19","slug":"un-homme-et-une-femme-arretes-apres-des-vols-dans-un-parking-dune-residence","status":"publish","type":"post","link":"https:\/\/www.europesays.com\/fr\/519991\/","title":{"rendered":"un homme et une femme arr\u00eat\u00e9s apr\u00e8s des vols dans un parking d&rsquo;une r\u00e9sidence"},"content":{"rendered":"<p>            Par<br \/>\n        <strong><br \/>\n            <a href=\"https:\/\/actu.fr\/auteur\/laure-gentil\" title=\"Consulter tous les articles de Laure Gentil\" rel=\"nofollow noopener\" target=\"_blank\">Laure Gentil<\/a><br \/>\n        <\/strong><\/p>\n<p>        Publi\u00e9 le<\/p>\n<p>            8 nov. 2025 \u00e0 7h46        <\/p>\n<p>La<b> police de Nantes<\/b> est intervenue ce vendredi 7\u00a0novembre 2025, route de Sainte-Luce-sur-Loire, \u00e0 Nantes, aux alentours de 4\u2009h du matin apr\u00e8s un signalement. Le r\u00e9sident d\u2019un immeuble a appel\u00e9 les forces de l\u2019ordre apr\u00e8s avoir aper\u00e7u un homme avec de gros sacs sortant du parking. Deux personnes ont \u00e9t\u00e9 interpell\u00e9es.<\/p>\n<p>Des \u00ab\u2009bruits sourds\u2009\u00bb<\/p>\n<p class=\" wall-content\">Selon une source proche de l\u2019enqu\u00eate, un riverain a appel\u00e9 la police apr\u00e8s avoir entendu des \u00ab\u2009bruits sourds\u2009\u00bb provenant du parking de sa r\u00e9sidence. Alert\u00e9 par ces bruits, il aper\u00e7oit un homme sortir du parking et fuir avec des gros sacs \u00e0 la main. Un \u00e9quipage de <b>police-secours <\/b>est d\u00e9p\u00each\u00e9 devant le parking et celui-ci croise une femme avec un sac imposant en train de parler au t\u00e9l\u00e9phone. En voyant les forces de l\u2019ordre, elle raccroche pr\u00e9cipitamment.<\/p>\n<p class=\" wall-content\">Intrigu\u00e9s, les policiers proc\u00e8dent \u00e0 un contr\u00f4le. L\u2019inconnue ne peut expliquer sa pr\u00e9sence et elle n\u2019habite pas sur place. Elle n\u2019offre aucune explication sur la provenance des objets pr\u00e9sents dans le sac. La police soup\u00e7onne une complicit\u00e9. La mise en cause, \u00e2g\u00e9e de 36\u00a0ans, a \u00e9t\u00e9 plac\u00e9e en garde \u00e0 vue.<\/p>\n<p class=\" wall-content\">L\u2019homme signal\u00e9 plus t\u00f4t a \u00e9t\u00e9 retrouv\u00e9 avec les sacs. Ces derniers contenaient notamment des bouteilles de vin. Plac\u00e9 en garde \u00e0 vue, il est lui \u00e2g\u00e9 de 30\u00a0ans.<br \/>Selon la police, cinq v\u00e9hicules gar\u00e9s sur le parking ont \u00e9t\u00e9 cambriol\u00e9s.\u00a0<\/p>\n<p class=\" wall-content\">Personnalisez votre actualit\u00e9 en ajoutant vos villes et m\u00e9dias en favori avec <a href=\"https:\/\/moncompte.actu.fr\" title=\"D\u00e9couvez Mon Actu\" rel=\"nofollow noopener\" data-trk=\"{&quot;cta&quot;:{&quot;action&quot;:&quot;https:\\\/\\\/moncompte.actu.fr&quot;,&quot;category&quot;:&quot;mon compte&quot;,&quot;from&quot;:&quot;article footer&quot;,&quot;name&quot;:&quot;Mon actu&quot;,&quot;type&quot;:&quot;cta&quot;}}\" target=\"_blank\">Mon Actu<\/a>.<\/p>\n","protected":false},"excerpt":{"rendered":"Par Laure Gentil Publi\u00e9 le 8 nov. 2025 \u00e0 7h46 La police de Nantes est intervenue ce vendredi&hellip;\n","protected":false},"author":2,"featured_media":519992,"comment_status":"","ping_status":"","sticky":false,"template":"","format":"standard","meta":{"footnotes":""},"categories":[2818],"tags":[1111,11,1174,1777,674,118,1011,27,766,12,2636,1072,25],"class_list":{"0":"post-519991","1":"post","2":"type-post","3":"status-publish","4":"format-standard","5":"has-post-thumbnail","7":"category-nantes","8":"tag-actu","9":"tag-actualites","10":"tag-cambriolage","11":"tag-eu","12":"tag-europe","13":"tag-faits-divers","14":"tag-fr","15":"tag-france","16":"tag-nantes","17":"tag-news","18":"tag-pays-de-la-loire","19":"tag-police","20":"tag-republique-francaise"},"share_on_mastodon":{"url":"https:\/\/pubeurope.com\/@fr\/115512780080206138","error":""},"_links":{"self":[{"href":"https:\/\/www.europesays.com\/fr\/wp-json\/wp\/v2\/posts\/519991","targetHints":{"allow":["GET"]}}],"collection":[{"href":"https:\/\/www.europesays.com\/fr\/wp-json\/wp\/v2\/posts"}],"about":[{"href":"https:\/\/www.europesays.com\/fr\/wp-json\/wp\/v2\/types\/post"}],"author":[{"embeddable":true,"href":"https:\/\/www.europesays.com\/fr\/wp-json\/wp\/v2\/users\/2"}],"replies":[{"embeddable":true,"href":"https:\/\/www.europesays.com\/fr\/wp-json\/wp\/v2\/comments?post=519991"}],"version-history":[{"count":0,"href":"https:\/\/www.europesays.com\/fr\/wp-json\/wp\/v2\/posts\/519991\/revisions"}],"wp:featuredmedia":[{"embeddable":true,"href":"https:\/\/www.europesays.com\/fr\/wp-json\/wp\/v2\/media\/519992"}],"wp:attachment":[{"href":"https:\/\/www.europesays.com\/fr\/wp-json\/wp\/v2\/media?parent=519991"}],"wp:term":[{"taxonomy":"category","embeddable":true,"href":"https:\/\/www.europesays.com\/fr\/wp-json\/wp\/v2\/categories?post=519991"},{"taxonomy":"post_tag","embeddable":true,"href":"https:\/\/www.europesays.com\/fr\/wp-json\/wp\/v2\/tags?post=519991"}],"curies":[{"name":"wp","href":"https:\/\/api.w.org\/{rel}","templated":true}]}}