{"id":520001,"date":"2025-11-08T07:02:18","date_gmt":"2025-11-08T07:02:18","guid":{"rendered":"https:\/\/www.europesays.com\/fr\/520001\/"},"modified":"2025-11-08T07:02:18","modified_gmt":"2025-11-08T07:02:18","slug":"lille-le-tresor-ressuscite-de-la-cathedrale-brille-a-nouveau-de-1000-feux","status":"publish","type":"post","link":"https:\/\/www.europesays.com\/fr\/520001\/","title":{"rendered":"Lille. Le Tr\u00e9sor ressuscit\u00e9 de la cath\u00e9drale brille \u00e0 nouveau de 1000 feux"},"content":{"rendered":"<p>            Par<br \/>\n        <strong><br \/>\n            <a href=\"https:\/\/actu.fr\/auteur\/annesophie-2\" title=\"Consulter tous les articles de Anne-Sophie Hourdeaux\" target=\"_blank\" rel=\"noopener\">Anne-Sophie Hourdeaux<\/a><br \/>\n        <\/strong><\/p>\n<p>        Publi\u00e9 le<\/p>\n<p>            8 nov. 2025 \u00e0 7h46        <\/p>\n<p>R\u00e9ouverte en 2022,<b> la crypte n\u00e9ogothique<\/b> de la <b>cath\u00e9drale<\/b> <a href=\"https:\/\/actu.fr\/tag\/notre-dame-de-la-treille\" target=\"_blank\" rel=\"noopener\">Notre-Dame de la Treille<\/a> \u00e0 <a href=\"https:\/\/actu.fr\/hauts-de-france\/lille_59350\" target=\"_blank\" rel=\"noopener\">Lille<\/a> <b>se visite.<\/b> Ses vo\u00fbtes en briques, ses c\u00e9notaphes, ses tombeaux d\u2019\u00e9v\u00eaques et de personnalit\u00e9s d\u00e9voilent une tranche d\u2019histoire sur le site m\u00eame o\u00f9 fut fond\u00e9e la ville de Lille. Elle b\u00e9n\u00e9ficie d\u00e9sormais d\u2019un nouvel attrait\u2009: <b>l\u2019ouverture en son sein d\u2019une exposition permanente avec 60\u00a0pi\u00e8ces exceptionnelles<\/b> baptis\u00e9es <b>\u00ab\u2009Tr\u00e9sor de la cath\u00e9drale\u2009\u00bb<\/b>. Et on en prend plein les yeux\u2009!<\/p>\n<p>Vitrines \u00e9tincelantes et tr\u00e9sors \u00e0 Notre Dame de la Treille<\/p>\n<p class=\" wall-content\">Plusieurs immenses vitrines sont install\u00e9es dans une des chapelles de la crypte. Et pas n\u2019importe laquelle\u2009: celle o\u00f9 se trouve la pierre tombale de Jean Levasseur (1540-1644), le Mayeur de Lille, qui a d\u00e9di\u00e9 la ville \u00e0 Notre-Dame de la Treille en 1634.<\/p>\n<p class=\" wall-content\">La tombe qui se trouve en plein centre de la pi\u00e8ce est celle de Mgr Vandamme, pr\u00e9lat de sa saintet\u00e9, chapelain de l\u2019\u00e9difice avant que celui-ci devienne <b>\u00ab\u2009cath\u00e9drale\u2009\u00bb<\/b>.<\/p>\n<p>    <img   decoding=\"async\" loading=\"lazy\" class=\"size-large\" src=\"https:\/\/www.europesays.com\/fr\/wp-content\/uploads\/2025\/11\/c2d729f48709637d729f487092bd72v-960x640.jpeg\" alt=\"crypte ancienne cath\u00e9drale lille\" width=\"960\" height=\"640\"\/><br \/>\n    Les vitrines sont install\u00e9es harmonieusement dans une des pi\u00e8ces de la crypte ancienne. \u00a9Anne-Sophie Hourdeaux\/Croix du Nord<\/p>\n<p class=\" wall-content\">Mais on a d\u2019yeux que pour les vitrines abritant les objets. \u00c7a<b> brille de mille feux<\/b>\u2009! Car les <b>objets expos\u00e9s sont en or et pierres pr\u00e9cieuses<\/b> pour la plupart. Il s\u2019agit bien s\u00fbr d\u2019objets liturgiques\u2009: ciboires, pat\u00e8nes, reliquaires, croix, calices, mais aussi d\u2019objets ayant appartenu \u00e0 des \u00e9v\u00eaques, notamment Mgr Li\u00e9nart, qui fut \u00e9v\u00eaque de Lille entre\u00a01925 et\u00a01965.<\/p>\n<p>    <img   decoding=\"async\" loading=\"lazy\" class=\"size-large\" src=\"https:\/\/www.europesays.com\/fr\/wp-content\/uploads\/2025\/11\/03df59f48709617df59f487090bdf5v-960x640.jpeg\" alt=\"tr\u00e9sor de la cath\u00e9drale de Lille\" width=\"960\" height=\"640\"\/><br \/>\n    Calices. \u00a9Anne-Sophie Hourdeaux\/Croix du NordUn r\u00eave r\u00e9alis\u00e9<\/p>\n<p class=\" wall-content\">Thomas Sanchez, responsable culturelle de la cath\u00e9drale, attend cela depuis 10\u00a0ans\u2009! \u00ab\u2009Quand je d\u00e9couvre la crypte n\u00e9o-gothique en 2013, avec le recteur Arnaud Chillon, on r\u00eave de l\u2019ouvrir\u2009! La cr\u00e9ation de la Fondation Treille Esp\u00e9rance a acc\u00e9l\u00e9r\u00e9 les choses. Sans oublier le <a href=\"https:\/\/actu.fr\/hauts-de-france\/lille_59350\/luminiscence-a-la-cathedrale-de-lille-decouvrez-notre-dame-de-la-treille-comme-vous-ne-lavez-jamais-vue_61576077.html\" target=\"_blank\" rel=\"noopener\">spectacle Luminiscence accueilli en 2024<\/a>, dont la redevance a en partie financ\u00e9 cette ouverture\u2009\u00bb.<\/p>\n<p>Votre r\u00e9gion, votre actu !<\/p>\n<p>Recevez chaque jour les infos qui comptent pour vous.<\/p>\n<p>\t<a href=\"https:\/\/actu.fr\/newsletter\" class=\"ac-btn ac-btn--corner ac-btn--medium ac-btn--blue800\" target=\"_blank\" rel=\"noopener\">S&rsquo;incrire<\/a><\/p>\n<p class=\" wall-content\">Et de pr\u00e9ciser\u2009: \u00ab\u2009<b>Chaque pi\u00e8ce est une \u00e2me vivante<\/b> de la communaut\u00e9, elle nous relie \u00e0 notre pass\u00e9 et nous invite \u00e0 regarder vers l\u2019avenir\u2009\u00bb.<\/p>\n<p>    <img   decoding=\"async\" loading=\"lazy\" class=\"size-large\" src=\"https:\/\/www.europesays.com\/fr\/wp-content\/uploads\/2025\/11\/360909f4870962a0909f48709fd090v-960x640.jpeg\" alt=\"tr\u00e9sor de la cath\u00e9drale de Lille\" width=\"960\" height=\"640\"\/><br \/>\n    Plat souvenir de Vatican II offert aux cardinaux, deux anneaux (un de Mgr Fr\u00e9maux et un du cardinal Li\u00e9nart)\u2009; goupillon offert \u00e0 Mgr Li\u00e9nart\u2009; ensemble offert \u00e0 Mgr Li\u00e9nart lors de son sacre en 1928 par les anciens soldats dont il fut aum\u00f4nier pendant la Premi\u00e8re guerre mondiale\u2026 \u00a9Anne-Sophie Hourdeaux\/Croix du NordPas un mus\u00e9e<\/p>\n<p class=\" wall-content\">Bernard Berthod, directeur du mus\u00e9e de Fourvi\u00e8re, est le commissaire de cette exposition. \u00ab\u2009<b>Le Tr\u00e9sor n\u2019est pas un mus\u00e9e<\/b>, ni m\u00eame un mus\u00e9e d\u2019art sacr\u00e9. Ce ne sont pas des objets de mus\u00e9e car ils sont toujours d\u00e9di\u00e9s au culte, ils peuvent toujours \u00eatre utilis\u00e9s. Le Tr\u00e9sor est un lieu culturel, de coh\u00e9sion sociale, pour mieux comprendre la vie liturgique et sacramentelle des catholiques\u2009\u00bb.<\/p>\n<p>    <img   decoding=\"async\" loading=\"lazy\" class=\"size-large\" src=\"https:\/\/www.europesays.com\/fr\/wp-content\/uploads\/2025\/11\/3de0c8f48709631f0c8f4870915f0cv-960x640.jpeg\" alt=\"tr\u00e9sor de la cath\u00e9drale de Lille crypte\" width=\"960\" height=\"640\"\/><br \/>\n    Suspens avant l\u2019inauguration. \u00a9Anne-Sophie Hourdeaux\/Croix du Nord<\/p>\n<p class=\" wall-content\">Mgr Le Boulc\u2019h, archev\u00eaque, a pr\u00e9cis\u00e9\u2009: \u00ab\u2009Cet \u00e9v\u00e9nement c\u00e9l\u00e8bre le v\u00e9ritable tr\u00e9sor, la pr\u00e9sence de Dieu dans cet \u00e9crin qu\u2019est la cath\u00e9drale\u2009\u00bb. Il ajouta\u2009: \u00ab\u2009Ce lieu a une double vocation\u2009: celui d\u2019accueillir largement les visiteurs, et les guider dans la contemplation du myst\u00e8re de la foi \u00e0 travers ces objets\u2009\u00bb.<\/p>\n<p class=\" wall-content\">Il a rappel\u00e9 que le Tr\u00e9sor de Lille \u00ab\u2009refl\u00e8te la grandeur artistique des orf\u00e8vres, l\u2019engagement des \u00e9v\u00eaques et la d\u00e9votion des Lillois\u2009\u00bb.<\/p>\n<p>    <img   decoding=\"async\" loading=\"lazy\" class=\"size-large\" src=\"https:\/\/www.europesays.com\/fr\/wp-content\/uploads\/2025\/11\/61c809f48709655c809f48709b9c80v-960x640.jpeg\" alt=\"tr\u00e9sor de la cath\u00e9drale de Lille\" width=\"960\" height=\"640\"\/><br \/>\n    D\u00e9tail d\u2019une crosse. \u00a9Anne-Sophie Hourdeaux\/Croix du NordUne premi\u00e8re technologique dans les Hauts-de-France<\/p>\n<p class=\" wall-content\">Cette installation de vitrines est une premi\u00e8re technologique dans la r\u00e9gion des Hauts-de-France.<b> <\/b>\u00ab\u2009Les vitrines sont \u00e9quip\u00e9es d\u2019une nouveaut\u00e9, baptis\u00e9e \u2018membrane\u2019 pour contr\u00f4ler l\u2019hydrom\u00e9trie et ainsi mieux pr\u00e9serv\u00e9s les objets. Entre l\u2019air de l\u2019int\u00e9rieur de la vitrine et l\u2019ext\u00e9rieur, une membrane fait office de filtre, <b>on peut programmer \u00e0 distance un taux d\u2019hydrom\u00e9trie adapt\u00e9<\/b>, modulable\u2009\u00bb note Thomas Sanchez.<\/p>\n<p>    <img   decoding=\"async\" loading=\"lazy\" class=\"size-large\" src=\"https:\/\/static.actu.fr\/uploads\/2025\/11\/7fd769f48709674e769f48709a8e76v-960x640.jpeg\" alt=\"tr\u00e9sor de la cath\u00e9drale de Lille\" width=\"960\" height=\"640\"\/><br \/>\n    D\u00e9tail d\u2019un pied de croix de procession. \u00a9Anne-Sophie Hourdeaux\/Croix du Nord<\/p>\n<p class=\" wall-content\">Comme aucun objet n\u2019est <b>ni class\u00e9 ni inscrit Monument historique<\/b>, le dioc\u00e8se de Lille n\u2019avait aucune obligation de se doter d\u2019un tel \u00e9quipement, qui, rappelons-le, est enti\u00e8rement \u00e0 sa charge puisque la cath\u00e9drale de Lille est une des rares cath\u00e9drales de France \u00e0 ne pas appartenir \u00e0 l\u2019\u00c9tat mais au dioc\u00e8se.<b> <\/b><\/p>\n<p class=\" wall-content\">\u00ab\u2009Nous avons pris les conseils de la DRAC, la direction des affaires culturelles. La premi\u00e8re \u00e9glise \u00e0 s\u2019\u00eatre dot\u00e9e de telle vitrine est en r\u00e9gion parisienne, c\u2019\u00e9tait il y a 15\u00a0ans, mais dans les Hauts-de-France, nous sommes les seuls\u2009!\u2009\u00bb<\/p>\n<p class=\" wall-content\">Cette technologie a \u00e9t\u00e9 cr\u00e9\u00e9e au Japon pour r\u00e9guler la temp\u00e9rature des serveurs informatiques. Le patrimoine en b\u00e9n\u00e9ficie\u2009!<\/p>\n<p>    <img   decoding=\"async\" loading=\"lazy\" class=\"size-large\" src=\"https:\/\/www.europesays.com\/fr\/wp-content\/uploads\/2025\/11\/6f3049f487096534049f4870917404v-960x640.jpeg\" alt=\"tr\u00e9sor de la cath\u00e9drale de Lille\" width=\"960\" height=\"640\"\/><br \/>\n    Mini-reliquaires. \u00a9Anne-Sophie Hourdeaux\/Croix du Nord60\u00a0pi\u00e8ces d\u2019orf\u00e8vrerie<\/p>\n<p class=\" wall-content\">Quels sont les objets expos\u00e9s\u2009? \u00ab\u2009Ils datent des XIXe et XXe\u00a0si\u00e8cles, ce sont 60 objets liturgiques endormis dans les r\u00e9serves. C\u2019est une v\u00e9ritable r\u00e9surrection\u2009\u00bb.<\/p>\n<p>    <img   decoding=\"async\" loading=\"lazy\" class=\"size-large\" src=\"https:\/\/www.europesays.com\/fr\/wp-content\/uploads\/2025\/11\/b27829f487096967829f487098a782v-960x640.jpeg\" alt=\"tr\u00e9sor de la cath\u00e9drale de Lille\" width=\"960\" height=\"640\"\/><br \/>\n    Les cl\u00e9s de Lille pr\u00eat\u00e9es par la Ville. \u00a9Anne-Sophie Hourdeaux\/Croix du Nord<\/p>\n<p class=\" wall-content\">Ils n\u2019avaient jamais \u00e9t\u00e9 expos\u00e9s\u2009: \u00ab\u2009On a retrouv\u00e9 une photo o\u00f9 on en voit quelques-uns dans une armoire d\u2019une sacristie de la cath\u00e9drale, mais qui n\u2019\u00e9tait pas ouverte au public\u2009\u00bb.<\/p>\n<p>    <img   decoding=\"async\" loading=\"lazy\" class=\"size-large\" src=\"https:\/\/www.europesays.com\/fr\/wp-content\/uploads\/2025\/11\/74fc39f48709668fc39f487095cfc3v-960x640.jpeg\" alt=\"tr\u00e9sor de la cath\u00e9drale de Lille\" width=\"960\" height=\"640\"\/><br \/>\n    Calice \u00e0 pied d\u2019ange. \u00a9Anne-Sophie Hourdeaux\/Croix du Nord<\/p>\n<p class=\" wall-content\">Parmi les curiosit\u00e9s\u2009:<\/p>\n<p class=\" wall-content\">-Un reliquaire des cheveux de la Vierge offert par Mgr Delebecque, 21e \u00e9v\u00eaque de Gand, 1854.<\/p>\n<p class=\" wall-content\">-Des cadeaux faits \u00e0 Mgr Li\u00e9nart, cardinal, qui fut \u00e9v\u00eaque de Lille entre\u00a01928 et\u00a01968, comme un anneau \u00e9piscopal, un goupillon, une crosse\u2026<\/p>\n<p class=\" wall-content\">Malheureusement, les couronnes de statue, expos\u00e9es pour l\u2019inauguration, ont \u00e9t\u00e9 retir\u00e9es par souci de s\u00e9curit\u00e9. 4\u00a0pi\u00e8ces sont encore en restauration. D\u2019autres ne peuvent \u00eatre expos\u00e9es car les conditions ne sont pas r\u00e9unies\u2009: comme les habits liturgiques et un Christ en ivoire.<\/p>\n<p>    <img   decoding=\"async\" loading=\"lazy\" class=\"size-large\" src=\"https:\/\/www.europesays.com\/fr\/wp-content\/uploads\/2025\/11\/e35e39f487096d75e39f48709ab5e3v-960x640.jpeg\" alt=\"tr\u00e9sor de la cath\u00e9drale de Lille\" width=\"960\" height=\"640\"\/><br \/>\n    Cette statue, r\u00e9plique de l\u2019originelle, et les couronnes ne seront malheureusement pas expos\u00e9es pour l\u2019instant, raison de s\u00e9curit\u00e9. \u00a9Anne-Sophie Hourdeaux\/Croix du Nord<\/p>\n<p class=\" wall-content\">Cette \u00ab\u00a0brillante\u00a0\u00bb exposition se visite uniquement sur rendez-vous en petit groupe. Vous ne serez pas d\u00e9\u00e7us !<\/p>\n<p class=\" wall-content\">Personnalisez votre actualit\u00e9 en ajoutant vos villes et m\u00e9dias en favori avec <a href=\"https:\/\/moncompte.actu.fr\" title=\"D\u00e9couvez Mon Actu\" rel=\"nofollow noopener\" data-trk=\"{&quot;cta&quot;:{&quot;action&quot;:&quot;https:\\\/\\\/moncompte.actu.fr&quot;,&quot;category&quot;:&quot;mon compte&quot;,&quot;from&quot;:&quot;article footer&quot;,&quot;name&quot;:&quot;Mon actu&quot;,&quot;type&quot;:&quot;cta&quot;}}\" target=\"_blank\">Mon Actu<\/a>.<\/p>\n","protected":false},"excerpt":{"rendered":"Par Anne-Sophie Hourdeaux Publi\u00e9 le 8 nov. 2025 \u00e0 7h46 R\u00e9ouverte en 2022, la crypte n\u00e9ogothique de la&hellip;\n","protected":false},"author":2,"featured_media":520002,"comment_status":"","ping_status":"","sticky":false,"template":"","format":"standard","meta":{"footnotes":""},"categories":[2815],"tags":[1111,11,1777,674,1011,27,811,1307,12,12673,2551,4020,25,104],"class_list":{"0":"post-520001","1":"post","2":"type-post","3":"status-publish","4":"format-standard","5":"has-post-thumbnail","7":"category-lille","8":"tag-actu","9":"tag-actualites","10":"tag-eu","11":"tag-europe","12":"tag-fr","13":"tag-france","14":"tag-hauts-de-france","15":"tag-lille","16":"tag-news","17":"tag-notre-dame-de-la-treille","18":"tag-patrimoine","19":"tag-religion","20":"tag-republique-francaise","21":"tag-societe"},"share_on_mastodon":{"url":"https:\/\/pubeurope.com\/@fr\/115512800653452651","error":""},"_links":{"self":[{"href":"https:\/\/www.europesays.com\/fr\/wp-json\/wp\/v2\/posts\/520001","targetHints":{"allow":["GET"]}}],"collection":[{"href":"https:\/\/www.europesays.com\/fr\/wp-json\/wp\/v2\/posts"}],"about":[{"href":"https:\/\/www.europesays.com\/fr\/wp-json\/wp\/v2\/types\/post"}],"author":[{"embeddable":true,"href":"https:\/\/www.europesays.com\/fr\/wp-json\/wp\/v2\/users\/2"}],"replies":[{"embeddable":true,"href":"https:\/\/www.europesays.com\/fr\/wp-json\/wp\/v2\/comments?post=520001"}],"version-history":[{"count":0,"href":"https:\/\/www.europesays.com\/fr\/wp-json\/wp\/v2\/posts\/520001\/revisions"}],"wp:featuredmedia":[{"embeddable":true,"href":"https:\/\/www.europesays.com\/fr\/wp-json\/wp\/v2\/media\/520002"}],"wp:attachment":[{"href":"https:\/\/www.europesays.com\/fr\/wp-json\/wp\/v2\/media?parent=520001"}],"wp:term":[{"taxonomy":"category","embeddable":true,"href":"https:\/\/www.europesays.com\/fr\/wp-json\/wp\/v2\/categories?post=520001"},{"taxonomy":"post_tag","embeddable":true,"href":"https:\/\/www.europesays.com\/fr\/wp-json\/wp\/v2\/tags?post=520001"}],"curies":[{"name":"wp","href":"https:\/\/api.w.org\/{rel}","templated":true}]}}