{"id":520003,"date":"2025-11-08T07:03:43","date_gmt":"2025-11-08T07:03:43","guid":{"rendered":"https:\/\/www.europesays.com\/fr\/520003\/"},"modified":"2025-11-08T07:03:43","modified_gmt":"2025-11-08T07:03:43","slug":"eurasante-a-lille-25-ans-dincubation-et-une-nouvelle-generation-dinnovations","status":"publish","type":"post","link":"https:\/\/www.europesays.com\/fr\/520003\/","title":{"rendered":"Eurasant\u00e9 \u00e0 Lille, 25 ans d\u2019incubation et une nouvelle g\u00e9n\u00e9ration d\u2019innovations"},"content":{"rendered":"<p>Quand Eurasant\u00e9 voit le jour en 1999, la \u00ab start-up nation \u00bb n\u2019existe pas encore. \u00c0 l\u2019\u00e9poque, la loi All\u00e8gre vient tout juste d\u2019autoriser les chercheurs \u00e0 cr\u00e9er leur entreprise. Vingt-cinq ans plus tard, le bio incubateur lillois est devenu le miroir de l\u2019\u00e9volution d\u2019une fili\u00e8re nationale en pleine transformation : plus de 407 projets accompagn\u00e9s, 872 millions d\u2019euros lev\u00e9s, 270 entreprises cr\u00e9\u00e9es et 1 300 emplois g\u00e9n\u00e9r\u00e9s dans les Hauts-de-France.<\/p>\n<p>Cette r\u00e9ussite s\u2019appuie sur un partenariat institutionnel durable : la R\u00e9gion Hauts-de-France, qui a structur\u00e9 la fili\u00e8re via ses dispositifs de financement de la recherche (Starter, fonds de co-investissement, soutien \u00e0 France 2030), et la M\u00e9tropole Europ\u00e9enne de Lille, qui agit \u00e0 la fois comme am\u00e9nageur du parc Eurasant\u00e9 et comme investisseur direct, \u00e0 hauteur d\u2019environ 1,3 million d\u2019euros par an, dont 200.000 euros d\u00e9di\u00e9s au Bio incubateur.<\/p>\n","protected":false},"excerpt":{"rendered":"Quand Eurasant\u00e9 voit le jour en 1999, la \u00ab start-up nation \u00bb n\u2019existe pas encore. \u00c0 l\u2019\u00e9poque, la&hellip;\n","protected":false},"author":2,"featured_media":520004,"comment_status":"","ping_status":"","sticky":false,"template":"","format":"standard","meta":{"footnotes":""},"categories":[2815],"tags":[17,13204,1111,11,1764,64084,64085,1777,64083,674,1011,27,3606,811,1307,12,2043,25,57271],"class_list":{"0":"post-520003","1":"post","2":"type-post","3":"status-publish","4":"format-standard","5":"has-post-thumbnail","7":"category-lille","8":"tag-17","9":"tag-13204","10":"tag-actu","11":"tag-actualites","12":"tag-ans","13":"tag-dincubation","14":"tag-dinnovations","15":"tag-eu","16":"tag-eurasante","17":"tag-europe","18":"tag-fr","19":"tag-france","20":"tag-generation","21":"tag-hauts-de-france","22":"tag-lille","23":"tag-news","24":"tag-nouvelle","25":"tag-republique-francaise","26":"tag-tech-ia"},"share_on_mastodon":{"url":"https:\/\/pubeurope.com\/@fr\/115512803679463653","error":""},"_links":{"self":[{"href":"https:\/\/www.europesays.com\/fr\/wp-json\/wp\/v2\/posts\/520003","targetHints":{"allow":["GET"]}}],"collection":[{"href":"https:\/\/www.europesays.com\/fr\/wp-json\/wp\/v2\/posts"}],"about":[{"href":"https:\/\/www.europesays.com\/fr\/wp-json\/wp\/v2\/types\/post"}],"author":[{"embeddable":true,"href":"https:\/\/www.europesays.com\/fr\/wp-json\/wp\/v2\/users\/2"}],"replies":[{"embeddable":true,"href":"https:\/\/www.europesays.com\/fr\/wp-json\/wp\/v2\/comments?post=520003"}],"version-history":[{"count":0,"href":"https:\/\/www.europesays.com\/fr\/wp-json\/wp\/v2\/posts\/520003\/revisions"}],"wp:featuredmedia":[{"embeddable":true,"href":"https:\/\/www.europesays.com\/fr\/wp-json\/wp\/v2\/media\/520004"}],"wp:attachment":[{"href":"https:\/\/www.europesays.com\/fr\/wp-json\/wp\/v2\/media?parent=520003"}],"wp:term":[{"taxonomy":"category","embeddable":true,"href":"https:\/\/www.europesays.com\/fr\/wp-json\/wp\/v2\/categories?post=520003"},{"taxonomy":"post_tag","embeddable":true,"href":"https:\/\/www.europesays.com\/fr\/wp-json\/wp\/v2\/tags?post=520003"}],"curies":[{"name":"wp","href":"https:\/\/api.w.org\/{rel}","templated":true}]}}