{"id":520007,"date":"2025-11-08T07:05:19","date_gmt":"2025-11-08T07:05:19","guid":{"rendered":"https:\/\/www.europesays.com\/fr\/520007\/"},"modified":"2025-11-08T07:05:19","modified_gmt":"2025-11-08T07:05:19","slug":"marseille-le-trafic-de-ces-lignes-de-bus-fortement-perturbe-ce-dimanche-sur-la-corniche-voici-pourquoi","status":"publish","type":"post","link":"https:\/\/www.europesays.com\/fr\/520007\/","title":{"rendered":"Marseille. Le trafic de ces lignes de bus fortement perturb\u00e9 ce dimanche sur la Corniche, voici pourquoi"},"content":{"rendered":"<p>            Par<br \/>\n        <strong><br \/>\n            <a href=\"https:\/\/actu.fr\/auteur\/thibault-nadal-actu-fr\" title=\"Consulter tous les articles de Thibault Nadal\" target=\"_blank\" rel=\"noopener\">Thibault Nadal<\/a><br \/>\n        <\/strong><\/p>\n<p>        Publi\u00e9 le<\/p>\n<p>            8 nov. 2025 \u00e0 7h14        <\/p>\n<p>Apr\u00e8s <a href=\"https:\/\/actu.fr\/provence-alpes-cote-d-azur\/marseille_13055\/meteo-a-marseille-et-dans-les-bouches-du-rhone-la-vigilance-orages-declenchee-les-secteurs-concernes_63401297.html\" target=\"_blank\" rel=\"noopener\">une fin de semaine d\u00e9licate au niveau de la m\u00e9t\u00e9o<\/a>, <strong>le soleil va faire son grand retour pour ce week-end prolong\u00e9<\/strong>. Mais gare \u00e0 ceux qui auraient envie de profiter de la <a href=\"https:\/\/actu.fr\/tag\/corniche\" target=\"_blank\" rel=\"noopener\">Corniche<\/a> (<a href=\"https:\/\/actu.fr\/marseille\/\" target=\"_blank\" rel=\"noopener\">Marseille<\/a>, 7e) ce dimanche 9\u00a0novembre 2025.<\/p>\n<p class=\" wall-content\">En effet, en raison <strong>d\u2019un \u00e9v\u00e9nement sportif majeur<\/strong>, la circulation risque d\u2019\u00eatre difficile dans la matin\u00e9e.<\/p>\n<p>Le Marseille Outdoor Exp\u00e9rience, une course originale<\/p>\n<p class=\" wall-content\">C\u2019est une comp\u00e9tition toute r\u00e9cente, seulement lanc\u00e9e l\u2019ann\u00e9e derni\u00e8re. Le Marseille Outdoor Exp\u00e9rience est un trail urbain, permettant aux participants de <strong>red\u00e9couvrir la cit\u00e9 phoc\u00e9enne<\/strong>.<\/p>\n<p class=\" wall-content\">\u00ab\u2009Que vous choisissiez 5\u00a0km, 12\u00a0km ou 21\u00a0km, chaque foul\u00e9e vous plonge au c\u0153ur de la ville et de ses tr\u00e9sors cach\u00e9s. <strong>Entre d\u00e9fi sportif et d\u00e9couverte urbaine<\/strong>, ces parcours offrent une immersion unique pour tous les passionn\u00e9s d\u2019aventure et de running\u2009\u00bb, \u00e9crivent les organisateurs sur <a href=\"https:\/\/www.marseilleoutdoorexperiences.fr\/les-courses\" target=\"_blank\" rel=\"noopener\">leur site<\/a>.<\/p>\n<p class=\" wall-content\">Pour les courses de 12 et 21\u00a0km, les participants vont donc longer la Corniche, provoquant un afflux massif de coureurs, puisque l\u2019an dernier, ils \u00e9taient 2200. Cette ann\u00e9e, <strong>au moins<\/strong> <strong>5000<\/strong> sont esp\u00e9r\u00e9s selon <a href=\"https:\/\/mesinfos.fr\/13000-marseille\/marseille-outdoor-experiences-le-trail-urbain-qui-fait-vibrer-la-cite-phoceenne-229631.html\" target=\"_blank\" rel=\"noopener\">Mes Infos<\/a>.<\/p>\n<p>Les lignes perturb\u00e9es<\/p>\n<p class=\" wall-content\">\u00ab\u2009Pour permettre le bon d\u00e9roulement de ce trail urbain, la RTM s\u2019adapte et modifie le service de ces lignes, dimanche 9\u00a0novembre, du d\u00e9but de service \u00e0 midi\u2009\u00bb, indique la R\u00e9gie des transports m\u00e9tropolitains.<\/p>\n<p class=\" wall-content\">\n<p><strong>Bus 49<\/strong>\u2009:<\/p>\n<ul class=\" wall-content\">\n<li>Sept arr\u00eats non desservis en direction du terminus R\u00e9form\u00e9s Canebi\u00e8re\u2009: Place Bargemon, Caisserie Beauregard, Place de Lenche, \u00c9glise Saint-Laurent, Tourette Cath\u00e9drale, La Major et Schuman Dames.<\/li>\n<li>D\u00e9viation par rue Mery, place Sadi Carnot, rue de la R\u00e9publique, boulevard des Dames et avenue Robert Schuman.<\/li>\n<\/ul>\n<p>Votre r\u00e9gion, votre actu !<\/p>\n<p>Recevez chaque jour les infos qui comptent pour vous.<\/p>\n<p>\t<a href=\"https:\/\/actu.fr\/newsletter\" class=\"ac-btn ac-btn--corner ac-btn--medium ac-btn--blue800\" target=\"_blank\" rel=\"noopener\">S&rsquo;incrire<\/a><\/p>\n<p class=\" wall-content\"><strong>Bus 55<\/strong>\u2009:<\/p>\n<ul class=\" wall-content\">\n<li>Neuf arr\u00eats non desservis en direction de Roucas Blanc\u2009: Saint-Victor, Tell\u00e8ne Chantecler, L\u2019Esplanade, Tell\u00e8ne Valentin, Am\u00e9d\u00e9e Autran, Le Terrail, Estrangin Roucas, Roucas Blanc Emile Duploy\u00e9 et Roucas Blanc.<\/li>\n<li>Huit arr\u00eats non desservis en direction de Joliette\u2009: Roucas Blanc, Roucas Blanc Emile Duploy\u00e9, Estrangin Roucas, Le Terrail, Am\u00e9d\u00e9e Autran, Tell\u00e8ne Valentin, L\u2019Esplanade et Tell\u00e8ne Chantecler.<\/li>\n<li>Terminus Roucas Blanc d\u00e9plac\u00e9 \u00e0 Saint-Victor.<\/li>\n<\/ul>\n<p class=\" wall-content\"><strong>Bus 60<\/strong>\u2009:<\/p>\n<ul class=\" wall-content\">\n<li>Cinq arr\u00eats non desservis\u2009: Mucem Saint-Jean, Saint-Jean, Quai du Port, H\u00f4tel de Ville et Vieux-Port.<\/li>\n<li>Terminus Mucem Saint-Jean d\u00e9plac\u00e9 \u00e0 Vieux Port Ballard.<\/li>\n<\/ul>\n<p class=\" wall-content\"><strong>Bus 82S<\/strong>\u2009:<\/p>\n<ul class=\" wall-content\">\n<li>Dix arr\u00eats non desservis en direction du terminus Gare Saint-Charles\u2009: H\u00f4tel de Ville, Quai du Port, Saint-Jean, Mucem Saint-Jean, La Major, Gare Maritime Internationale, Hangar J1, Dames Schuman, Dames R\u00e9publique et M\u00e9tro Jules Guesde.<\/li>\n<li>D\u00e9viation rue de la R\u00e9publique, rue du Dr Denis Avierinos, rue Henri Barbusse, rue Sainte-Barbe et boulevard des Dames.<\/li>\n<li>Neuf arr\u00eats non desservis en direction du terminus Pharo Catalans\u2009: M\u00e9tro Jules Guesde, Dames R\u00e9publique, Hangar J1, Gare Maritime Internationale, La Major, Mucem Saint-Jean, Saint-Jean, Quai du Port et H\u00f4tel de Ville.<\/li>\n<li>D\u00e9viation par rue Sainte-Barbe, rue Colbert, place Sadi Carnot, rue de la R\u00e9publique et quai des Belges.<\/li>\n<\/ul>\n<p class=\" wall-content\"><strong>Bus 83<\/strong>\u2009:<\/p>\n<ul class=\" wall-content\">\n<li>Service de navette entre Arenc Eurom\u00e9diterran\u00e9e et Catalans (Bus 54) et entre Stade Nautique et Corniche Aud\u00e9oud.<\/li>\n<li>18 arr\u00eats non desservis en direction du terminus M\u00e9tro Rond-Point du Prado\u2009: Gare Maritime Internationale, La Major, Mucem Saint-Jean, Saint-Jean, Quai du Port, H\u00f4tel de Ville, Corniche Dessemond, Corniche Fr\u00e9gier, Vallon des Auffes, Endoume, Fausse Monnaie, Parc Valmer, Vallon de la Baudille, Vallon de l\u2019Oriol, Corniche Napoule, Plage du Proph\u00e8te, Chemin du Roucas Blanc et Corniche Talabot.<\/li>\n<li>D\u00e9viation boulevard des Dames, rue Sainte-Barbe, rue Colbert, place Sadi Carnot, rue de la R\u00e9publique et reprise quai des Belges.<\/li>\n<li>19 arr\u00eats non desservis en direction du terminus Arenc Eurom\u00e9diterran\u00e9e\u2009: Corniche Talabot, Chemin du Roucas Blanc, Plage du Proph\u00e8te, Corniche Napoule, Vallon de l\u2019Oriol, Vallon de la Baudille, Parc Valmer, Fausse Monnaie, Endoume, Vallon des Auffes, Corniche Fr\u00e9gier, Corniche Dessemond, H\u00f4tel de Ville, Quai du Port, Saint-Jean, Mucem Saint-Jean, La Major, Gare Maritime Internationale et Hangar J1.<\/li>\n<li>D\u00e9viation par rue de la R\u00e9publique, rue Dr Denis Avierinos, rue Henri Barbusse, rue Sainte Barbe, boulevard des Dames et quai de la Joliette.<\/li>\n<\/ul>\n<p class=\" wall-content\">Personnalisez votre actualit\u00e9 en ajoutant vos villes et m\u00e9dias en favori avec <a href=\"https:\/\/moncompte.actu.fr\" title=\"D\u00e9couvez Mon Actu\" rel=\"nofollow noopener\" data-trk=\"{&quot;cta&quot;:{&quot;action&quot;:&quot;https:\\\/\\\/moncompte.actu.fr&quot;,&quot;category&quot;:&quot;mon compte&quot;,&quot;from&quot;:&quot;article footer&quot;,&quot;name&quot;:&quot;Mon actu&quot;,&quot;type&quot;:&quot;cta&quot;}}\" target=\"_blank\">Mon Actu<\/a>.<\/p>\n","protected":false},"excerpt":{"rendered":"Par Thibault Nadal Publi\u00e9 le 8 nov. 2025 \u00e0 7h14 Apr\u00e8s une fin de semaine d\u00e9licate au niveau&hellip;\n","protected":false},"author":2,"featured_media":192656,"comment_status":"","ping_status":"","sticky":false,"template":"","format":"standard","meta":{"footnotes":""},"categories":[2814],"tags":[1111,11,7958,1777,674,1011,27,884,12,882,25,10783,104,2803],"class_list":{"0":"post-520007","1":"post","2":"type-post","3":"status-publish","4":"format-standard","5":"has-post-thumbnail","7":"category-marseille","8":"tag-actu","9":"tag-actualites","10":"tag-corniche","11":"tag-eu","12":"tag-europe","13":"tag-fr","14":"tag-france","15":"tag-marseille","16":"tag-news","17":"tag-provence-alpes-cote-dazur","18":"tag-republique-francaise","19":"tag-rtm","20":"tag-societe","21":"tag-transport"},"share_on_mastodon":{"url":"https:\/\/pubeurope.com\/@fr\/115512811457659380","error":""},"_links":{"self":[{"href":"https:\/\/www.europesays.com\/fr\/wp-json\/wp\/v2\/posts\/520007","targetHints":{"allow":["GET"]}}],"collection":[{"href":"https:\/\/www.europesays.com\/fr\/wp-json\/wp\/v2\/posts"}],"about":[{"href":"https:\/\/www.europesays.com\/fr\/wp-json\/wp\/v2\/types\/post"}],"author":[{"embeddable":true,"href":"https:\/\/www.europesays.com\/fr\/wp-json\/wp\/v2\/users\/2"}],"replies":[{"embeddable":true,"href":"https:\/\/www.europesays.com\/fr\/wp-json\/wp\/v2\/comments?post=520007"}],"version-history":[{"count":0,"href":"https:\/\/www.europesays.com\/fr\/wp-json\/wp\/v2\/posts\/520007\/revisions"}],"wp:featuredmedia":[{"embeddable":true,"href":"https:\/\/www.europesays.com\/fr\/wp-json\/wp\/v2\/media\/192656"}],"wp:attachment":[{"href":"https:\/\/www.europesays.com\/fr\/wp-json\/wp\/v2\/media?parent=520007"}],"wp:term":[{"taxonomy":"category","embeddable":true,"href":"https:\/\/www.europesays.com\/fr\/wp-json\/wp\/v2\/categories?post=520007"},{"taxonomy":"post_tag","embeddable":true,"href":"https:\/\/www.europesays.com\/fr\/wp-json\/wp\/v2\/tags?post=520007"}],"curies":[{"name":"wp","href":"https:\/\/api.w.org\/{rel}","templated":true}]}}