{"id":520008,"date":"2025-11-08T07:06:12","date_gmt":"2025-11-08T07:06:12","guid":{"rendered":"https:\/\/www.europesays.com\/fr\/520008\/"},"modified":"2025-11-08T07:06:12","modified_gmt":"2025-11-08T07:06:12","slug":"lyon-le-long-week-end-du-pont-du-11-novembre-desire-par-bien-des-eleves-naura-pas-lieu","status":"publish","type":"post","link":"https:\/\/www.europesays.com\/fr\/520008\/","title":{"rendered":"Lyon. Le long week-end du pont du 11-novembre d\u00e9sir\u00e9 par bien des \u00e9l\u00e8ves n\u2019aura pas lieu"},"content":{"rendered":"<p>            Par<br \/>\n        <strong><br \/>\n            <a href=\"https:\/\/actu.fr\/auteur\/redaction-lyon\" title=\"Consulter tous les articles de R\u00e9daction Lyon\" target=\"_blank\" rel=\"noopener\">R\u00e9daction Lyon<\/a><br \/>\n        <\/strong><\/p>\n<p>        Publi\u00e9 le<\/p>\n<p>            8 nov. 2025 \u00e0 7h28        <\/p>\n<p>Certains salari\u00e9s vont pouvoir faire un <strong>pont du 11 novembre<\/strong> en posant un jour de cong\u00e9 ce lundi, mais pas les \u00e9l\u00e8ves dans les \u00e9coles. Si certains pensaient b\u00e9n\u00e9ficier d\u2019un long week-end de quatre jours, il n\u2019en est rien dans l\u2019acad\u00e9mie de <a href=\"https:\/\/actu.fr\/auvergne-rhone-alpes\/lyon_69123\" target=\"_blank\" rel=\"noopener\">Lyon<\/a>. Selon nos informations, des \u00e9coles ont m\u00eame rappel\u00e9 via des mots aux parents que le lundi est bien obligatoire et que toute absence doit \u00eatre justifi\u00e9e.<\/p>\n<p>Il faudra patienter jusqu\u2019aux vacances de No\u00ebl<\/p>\n<p class=\" wall-content\">Les \u00e9l\u00e8ves ne <strong>b\u00e9n\u00e9ficient d\u2019aucun r\u00e9gime d\u00e9rogatoire<\/strong> dans l\u2019acad\u00e9mie de Lyon pour ce lundi 10 novembre, veille du mardi 11 novembre qui est f\u00e9ri\u00e9 (jour de comm\u00e9moration de l\u2019Armistice de 1918).<\/p>\n<p class=\" wall-content\">Seule cette journ\u00e9e n\u2019est pas travaill\u00e9e pour les \u00e9l\u00e8ves et les enseignants. Le lundi 10 novembre 2025 n\u2019est pas f\u00e9ri\u00e9, et il ne fait pas partie d\u2019un \u00ab\u00a0pont officiel\u00a0\u00bb d\u00e9cid\u00e9 par l\u2019\u00c9ducation nationale.<\/p>\n<p class=\" wall-content\">Pas de pont donc pour les \u00e9l\u00e8ves avant les vacances de fin d\u2019ann\u00e9e qui approchent. Les prochaines <a href=\"https:\/\/actu.fr\/societe\/vacances-scolaires-2025-2026-le-calendrier-complet-zone-par-zone_63061858.html\" target=\"_blank\" rel=\"noopener\">vacances scolaires<\/a> sont pr\u00e9vues du samedi 20 d\u00e9cembre 2025 au lundi 5 janvier 2026.<\/p>\n<p class=\" wall-content\">Personnalisez votre actualit\u00e9 en ajoutant vos villes et m\u00e9dias en favori avec <a href=\"https:\/\/moncompte.actu.fr\" title=\"D\u00e9couvez Mon Actu\" rel=\"nofollow noopener\" data-trk=\"{&quot;cta&quot;:{&quot;action&quot;:&quot;https:\\\/\\\/moncompte.actu.fr&quot;,&quot;category&quot;:&quot;mon compte&quot;,&quot;from&quot;:&quot;article footer&quot;,&quot;name&quot;:&quot;Mon actu&quot;,&quot;type&quot;:&quot;cta&quot;}}\" target=\"_blank\">Mon Actu<\/a>.<\/p>\n","protected":false},"excerpt":{"rendered":"Par R\u00e9daction Lyon Publi\u00e9 le 8 nov. 2025 \u00e0 7h28 Certains salari\u00e9s vont pouvoir faire un pont du&hellip;\n","protected":false},"author":2,"featured_media":520009,"comment_status":"","ping_status":"","sticky":false,"template":"","format":"standard","meta":{"footnotes":""},"categories":[1889],"tags":[1111,11,2430,1777,674,1011,27,39144,2428,12,25,104],"class_list":{"0":"post-520008","1":"post","2":"type-post","3":"status-publish","4":"format-standard","5":"has-post-thumbnail","7":"category-lyon","8":"tag-actu","9":"tag-actualites","10":"tag-auvergne-rhone-alpes","11":"tag-eu","12":"tag-europe","13":"tag-fr","14":"tag-france","15":"tag-jours-feries","16":"tag-lyon","17":"tag-news","18":"tag-republique-francaise","19":"tag-societe"},"share_on_mastodon":{"url":"https:\/\/pubeurope.com\/@fr\/115512815450059114","error":""},"_links":{"self":[{"href":"https:\/\/www.europesays.com\/fr\/wp-json\/wp\/v2\/posts\/520008","targetHints":{"allow":["GET"]}}],"collection":[{"href":"https:\/\/www.europesays.com\/fr\/wp-json\/wp\/v2\/posts"}],"about":[{"href":"https:\/\/www.europesays.com\/fr\/wp-json\/wp\/v2\/types\/post"}],"author":[{"embeddable":true,"href":"https:\/\/www.europesays.com\/fr\/wp-json\/wp\/v2\/users\/2"}],"replies":[{"embeddable":true,"href":"https:\/\/www.europesays.com\/fr\/wp-json\/wp\/v2\/comments?post=520008"}],"version-history":[{"count":0,"href":"https:\/\/www.europesays.com\/fr\/wp-json\/wp\/v2\/posts\/520008\/revisions"}],"wp:featuredmedia":[{"embeddable":true,"href":"https:\/\/www.europesays.com\/fr\/wp-json\/wp\/v2\/media\/520009"}],"wp:attachment":[{"href":"https:\/\/www.europesays.com\/fr\/wp-json\/wp\/v2\/media?parent=520008"}],"wp:term":[{"taxonomy":"category","embeddable":true,"href":"https:\/\/www.europesays.com\/fr\/wp-json\/wp\/v2\/categories?post=520008"},{"taxonomy":"post_tag","embeddable":true,"href":"https:\/\/www.europesays.com\/fr\/wp-json\/wp\/v2\/tags?post=520008"}],"curies":[{"name":"wp","href":"https:\/\/api.w.org\/{rel}","templated":true}]}}