{"id":520010,"date":"2025-11-08T07:07:12","date_gmt":"2025-11-08T07:07:12","guid":{"rendered":"https:\/\/www.europesays.com\/fr\/520010\/"},"modified":"2025-11-08T07:07:12","modified_gmt":"2025-11-08T07:07:12","slug":"lyon-zara-ouvre-un-gigantesque-magasin-sur-deux-etages-dans-ce-centre-commercial","status":"publish","type":"post","link":"https:\/\/www.europesays.com\/fr\/520010\/","title":{"rendered":"Lyon. Zara ouvre un gigantesque magasin sur deux \u00e9tages dans ce centre commercial"},"content":{"rendered":"<p>            Par<br \/>\n        <strong><br \/>\n            <a href=\"https:\/\/actu.fr\/auteur\/nicolas-zaugra\" title=\"Consulter tous les articles de Nicolas Zaugra\" target=\"_blank\" rel=\"noopener\">Nicolas Zaugra<\/a><br \/>\n        <\/strong><\/p>\n<p>        Publi\u00e9 le<\/p>\n<p>            8 nov. 2025 \u00e0 7h08        <\/p>\n<p>Le groupe <a href=\"https:\/\/actu.fr\/grand-est\/strasbourg_67482\/strasbourg-les-commercants-de-rivetoile-inquiets-du-depart-de-zara-ca-risque-de-diminuer-la-frequentation_63121484.html\" target=\"_blank\" rel=\"noopener\">Zara<\/a> continue de s\u2019\u00e9tendre \u00e0 <a href=\"https:\/\/actu.fr\/auvergne-rhone-alpes\/lyon_69123\" target=\"_blank\" rel=\"noopener\">Lyon<\/a>. En plus de ses grands magasins en Presqu\u2019\u00eele dans le centre-ville et au <a href=\"https:\/\/actu.fr\/auvergne-rhone-alpes\/lyon_69123\/lyon-ce-magasin-qui-fait-fureur-en-ville-va-ouvrir-au-centre-commercial-de-la-part-dieu_63395801.html\" target=\"_blank\" rel=\"noopener\">centre commercial Part-Dieu<\/a>, l\u2019enseigne espagnole ouvre ce samedi la nouvelle version de la boutique du <a href=\"https:\/\/actu.fr\/auvergne-rhone-alpes\/lyon_69123\/lyon-nouvelles-boutiques-restaurants-les-ouvertures-annoncees-au-centre-confluence_63237454.html\" target=\"_blank\" rel=\"noopener\">centre commercial Confluence<\/a> dans le 2e arrondissement.<\/p>\n<p class=\" wall-content\">Ferm\u00e9e depuis le 17 f\u00e9vrier dernier, elle rouvre apr\u00e8s des mois de travaux de modernisation et surtout d\u2019agrandissement. Pendant toute la dur\u00e9e des travaux, les clients ont pu continuer de faire leurs achats dans une boutique \u00e9ph\u00e9m\u00e8re au niveau 1 en face de l\u2019enseigne Foot Locker. Le nouveau point de vente est d\u00e9sormais bien plus vaste.<\/p>\n<p>1 000m2 en plus dans la boutique<\/p>\n<p class=\" wall-content\">La boutique <a href=\"https:\/\/actu.fr\/auvergne-rhone-alpes\/lyon_69123\/lyon-le-zara-de-confluence-va-s-agrandir-un-autre-magasin-connu-perd-de-la-surface_61486919.html\" target=\"_blank\" rel=\"noopener\">s\u2019agrandit sur deux \u00e9tages<\/a> et gagne plus de 1 000m2 en passant de 1\u2009951 m\u00b2 \u00e0 3\u2009079 m\u00b2. Il s\u2019agira du plus grand Zara de la m\u00e9tropole lyonnaise. Le nouveau point de vente s\u2019\u00e9tend d\u00e9sormais au rez-de-chauss\u00e9e et au premier \u00e9tage. Le premier \u00e9tage accueillait auparavant Decathlon puis une activit\u00e9 Eclipso qui a \u00e0 son tour d\u00e9m\u00e9nag\u00e9 \u00e0 c\u00f4t\u00e9 de Jou\u00e9 Club au niveau des restaurants.\u00a0<\/p>\n<p>    <img   decoding=\"async\" loading=\"lazy\" src=\"https:\/\/www.europesays.com\/fr\/wp-content\/uploads\/2025\/11\/boutique-zara-confluence-lyon-960x640.jpg\" alt=\"La boutique Zara est situ\u00e9e au fond du centre commercial.\" width=\"960\" height=\"640\"\/><br \/>\n    La boutique Zara est situ\u00e9e au fond du centre commercial. (\u00a9Nicolas Zaugra\/ actu Lyon)<\/p>\n<p class=\" wall-content\">Le groupe Inditex qui exploite la marque Zara travaille en parall\u00e8le sur un autre projet : une boutique <a href=\"https:\/\/actu.fr\/bourgogne-franche-comte\/dijon_21231\/depuis-le-temps-qu-on-attendait-ca-l-enseigne-bershka-ouvre-enfin-ses-portes-a-la-toison-d-or-de-dijon_63376827.html\" target=\"_blank\" rel=\"noopener\">Bershka<\/a> doit ouvrir dans l\u2019ancien <a href=\"https:\/\/actu.fr\/auvergne-rhone-alpes\/lyon_69123\/lyon-monoprix-quitte-le-centre-de-confluence-une-grande-marque-de-mode-arrive_61916501.html\" target=\"_blank\" rel=\"noopener\">Monoprix qui a ferm\u00e9 en 2024<\/a>. Elle doit \u00eatre pr\u00eate d\u00e9but 2026 et s\u2019ajoute \u00e0 celle du centre commercial de la Part-Dieu.<\/p>\n<p class=\" wall-content\">Personnalisez votre actualit\u00e9 en ajoutant vos villes et m\u00e9dias en favori avec <a href=\"https:\/\/moncompte.actu.fr\" title=\"D\u00e9couvez Mon Actu\" rel=\"nofollow noopener\" data-trk=\"{&quot;cta&quot;:{&quot;action&quot;:&quot;https:\\\/\\\/moncompte.actu.fr&quot;,&quot;category&quot;:&quot;mon compte&quot;,&quot;from&quot;:&quot;article footer&quot;,&quot;name&quot;:&quot;Mon actu&quot;,&quot;type&quot;:&quot;cta&quot;}}\" target=\"_blank\">Mon Actu<\/a>.<\/p>\n","protected":false},"excerpt":{"rendered":"Par Nicolas Zaugra Publi\u00e9 le 8 nov. 2025 \u00e0 7h08 Le groupe Zara continue de s\u2019\u00e9tendre \u00e0 Lyon.&hellip;\n","protected":false},"author":2,"featured_media":520011,"comment_status":"","ping_status":"","sticky":false,"template":"","format":"standard","meta":{"footnotes":""},"categories":[1889],"tags":[1111,11,2430,215,3157,33,1777,674,1011,27,2428,12,25],"class_list":{"0":"post-520010","1":"post","2":"type-post","3":"status-publish","4":"format-standard","5":"has-post-thumbnail","7":"category-lyon","8":"tag-actu","9":"tag-actualites","10":"tag-auvergne-rhone-alpes","11":"tag-commerce","12":"tag-confluence","13":"tag-economie","14":"tag-eu","15":"tag-europe","16":"tag-fr","17":"tag-france","18":"tag-lyon","19":"tag-news","20":"tag-republique-francaise"},"share_on_mastodon":{"url":"https:\/\/pubeurope.com\/@fr\/115512819930318243","error":""},"_links":{"self":[{"href":"https:\/\/www.europesays.com\/fr\/wp-json\/wp\/v2\/posts\/520010","targetHints":{"allow":["GET"]}}],"collection":[{"href":"https:\/\/www.europesays.com\/fr\/wp-json\/wp\/v2\/posts"}],"about":[{"href":"https:\/\/www.europesays.com\/fr\/wp-json\/wp\/v2\/types\/post"}],"author":[{"embeddable":true,"href":"https:\/\/www.europesays.com\/fr\/wp-json\/wp\/v2\/users\/2"}],"replies":[{"embeddable":true,"href":"https:\/\/www.europesays.com\/fr\/wp-json\/wp\/v2\/comments?post=520010"}],"version-history":[{"count":0,"href":"https:\/\/www.europesays.com\/fr\/wp-json\/wp\/v2\/posts\/520010\/revisions"}],"wp:featuredmedia":[{"embeddable":true,"href":"https:\/\/www.europesays.com\/fr\/wp-json\/wp\/v2\/media\/520011"}],"wp:attachment":[{"href":"https:\/\/www.europesays.com\/fr\/wp-json\/wp\/v2\/media?parent=520010"}],"wp:term":[{"taxonomy":"category","embeddable":true,"href":"https:\/\/www.europesays.com\/fr\/wp-json\/wp\/v2\/categories?post=520010"},{"taxonomy":"post_tag","embeddable":true,"href":"https:\/\/www.europesays.com\/fr\/wp-json\/wp\/v2\/tags?post=520010"}],"curies":[{"name":"wp","href":"https:\/\/api.w.org\/{rel}","templated":true}]}}