{"id":520030,"date":"2025-11-08T07:19:14","date_gmt":"2025-11-08T07:19:14","guid":{"rendered":"https:\/\/www.europesays.com\/fr\/520030\/"},"modified":"2025-11-08T07:19:14","modified_gmt":"2025-11-08T07:19:14","slug":"allemagne-le-plus-haut-grade-de-larmee-appelle-a-la-conscription-pour-preparer-la-guerre-contre-la-russie","status":"publish","type":"post","link":"https:\/\/www.europesays.com\/fr\/520030\/","title":{"rendered":"Allemagne\u00a0: Le plus haut grad\u00e9 de l\u2019arm\u00e9e appelle \u00e0 la conscription pour pr\u00e9parer la guerre contre la Russie"},"content":{"rendered":"<p><img decoding=\"async\" class=\"db relative center\" loading=\"lazy\" src=\"https:\/\/www.europesays.com\/fr\/wp-content\/uploads\/2025\/11\/bb04b209-95bd-4905-a185-d2f252643eb0\" style=\"max-height:100%\"\/>Le chancelier allemand Friedrich Merz s&rsquo;exprime, debout entre Carsten Breuer (\u00e0 gauche), inspecteur g\u00e9n\u00e9ral de la Bundeswehr, et Alexander Sollfrank, chef du commandement op\u00e9rationnel, lors de sa premi\u00e8re visite au commandement op\u00e9rationnel de la Bundeswehr \u00e0 Brandebourg, Schwielowsee, le samedi 28 juin 2025. [AP Photo\/Michael Kappeler\/DPA via AP, Pool]<\/p>\n<p>L&rsquo;initiative du g\u00e9n\u00e9ral inspecteur Carsten Breuer, le plus haut grad\u00e9 de la Bundeswehr (forces arm\u00e9es), visant \u00e0 r\u00e9introduire pleinement la conscription marque une nouvelle \u00e9tape dans les pr\u00e9paratifs de guerre agressifs de l&rsquo;imp\u00e9rialisme allemand. Dans une interview accord\u00e9e au Redaktionsnetzwerk Deutschland, le plus haut grad\u00e9 allemand a exig\u00e9 qu&rsquo;\u00e0 l&rsquo;avenir, \u00ab l&rsquo;ensemble des groupes d&rsquo;\u00e2ge soit examin\u00e9 \u00bb afin de \u00ab savoir qui est disponible et sur qui nous pourrions compter en cas de d\u00e9fense \u00bb.<\/p>\n<p>Derri\u00e8re ce langage bureaucratique se cache un programme effroyable : la classe dirigeante veut \u00e0 nouveau passer au crible des g\u00e9n\u00e9rations enti\u00e8res afin de d\u00e9terminer leur aptitude \u00e0 servir de chair \u00e0 canon dans les guerres futures. Breuer parle ouvertement de \u00ab potentiel de croissance \u00bb et de \u00ab r\u00e9serves de personnel \u00bb qui doivent \u00eatre cr\u00e9\u00e9es afin de \u00ab renforcer rapidement nos troupes si n\u00e9cessaire \u00bb. Il appelle \u00e0 la constitution d&rsquo;une r\u00e9serve de 200\u00a0000 conscrits, une mesure qui s&rsquo;inscrit dans le cadre d&rsquo;une mobilisation totale en vue de la guerre.<\/p>\n<p>Breuer affirme cyniquement qu&rsquo;il s&rsquo;agit d&rsquo;une \u00ab dissuasion pour la paix \u00bb. En r\u00e9alit\u00e9, comme le montre l&rsquo;ensemble de son interview, il s&rsquo;agit de pr\u00e9paratifs actifs en vue d&rsquo;une guerre. \u00ab Ce qui importe, c&rsquo;est que nos soldats soient bien entra\u00een\u00e9s et poss\u00e8dent les capacit\u00e9s qui leur permettent de survivre au combat \u00bb, d\u00e9clare le g\u00e9n\u00e9ral.<\/p>\n<p>Le nouvel\/ancien \u00e9pouvantail de l&rsquo;arm\u00e9e allemande, qui a commis des crimes inimaginables pendant les deux guerres mondiales, est la Russie. Quatre-vingts ans apr\u00e8s la fin de la guerre d&rsquo;extermination men\u00e9e par Hitler \u00e0 l&rsquo;est, qui a conduit \u00e0 l&rsquo;Holocauste et tu\u00e9 au moins 27 millions de citoyens sovi\u00e9tiques, Breuer d\u00e9clare :<\/p>\n<blockquote>\n<p>En 40 ans de carri\u00e8re militaire, je n&rsquo;ai jamais connu de situation aussi dangereuse que la menace actuelle que repr\u00e9sente la Russie. Nous pouvons et devons y r\u00e9pondre de mani\u00e8re d\u00e9cisive. C&rsquo;est ce que nous faisons en d\u00e9veloppant de mani\u00e8re cibl\u00e9e nos capacit\u00e9s militaires, au sein de la Bundeswehr et de l&rsquo;alliance, et ce \u00e0 grands pas.<\/p>\n<\/blockquote>\n<p>Ce n&rsquo;est pas la Russie qui menace l&rsquo;Allemagne et l&rsquo;Europe, mais les puissances imp\u00e9rialistes qui sont les agresseurs. L&rsquo;invasion r\u00e9actionnaire de l&rsquo;Ukraine par le r\u00e9gime de Poutine ne change rien au fait que l&rsquo;OTAN a syst\u00e9matiquement provoqu\u00e9 le conflit. Apr\u00e8s la dissolution de l&rsquo;Union sovi\u00e9tique en 1991, l&rsquo;OTAN a avanc\u00e9 jusqu&rsquo;aux fronti\u00e8res de la Russie malgr\u00e9 toutes les assurances donn\u00e9es, a encercl\u00e9 militairement ce pays riche en ressources et g\u00e9opolitiquement central, et a transform\u00e9 l&rsquo;Ukraine en un avant-poste de facto de l&rsquo;OTAN. Depuis l&rsquo;invasion russe, les puissances imp\u00e9rialistes n&rsquo;ont cess\u00e9 d&rsquo;intensifier le conflit et se pr\u00e9parent \u00e0 une guerre directe contre la puissance nucl\u00e9aire. Les dirigeants militaires allemands, en particulier, font tout pour pr\u00e9cipiter les choses.<\/p>\n<p>Breuer a insist\u00e9 \u00e0 plusieurs reprises sur l&rsquo;\u00e9l\u00e9ment temps : \u00ab D&rsquo;ici la fin de la d\u00e9cennie, nous devons non seulement disposer d&rsquo;une force active puissante, mais aussi d&rsquo;une r\u00e9serve tout aussi puissante, afin d&rsquo;\u00eatre pr\u00eats \u00e0 nous d\u00e9fendre et \u00e0 dissuader. \u00bb Ce faisant, Breuer nomme clairement l&rsquo;objectif que le gouvernement et l&rsquo;OTAN se sont fix\u00e9 depuis longtemps : l&rsquo;Allemagne et l&rsquo;Europe doivent \u00eatre capables de mener une guerre contre la Russie d&rsquo;ici 2030 au plus tard.<\/p>\n<p>Cette \u00e9ch\u00e9ance figure textuellement dans la \u00ab <a href=\"https:\/\/www.wsws.org\/fr\/articles\/2025\/10\/25\/ktvh-o25.html\" rel=\"nofollow noopener\" target=\"_blank\">Feuille de route de la d\u00e9fense 2030<\/a> \u00bb adopt\u00e9e lors du dernier sommet de l&rsquo;UE, qui pr\u00e9voit la mise en place d&rsquo;une \u00e9conomie de guerre globale en Europe. Comme l&rsquo;a averti le WSWS dans son commentaire sur le sommet, cette \u00ab feuille de route \u00bb ne signifie rien de moins que la mobilisation de tout le continent pour une grande guerre contre la Russie.<\/p>\n<p>La demande de Breuer concernant la conscription et la mobilisation g\u00e9n\u00e9rale s&rsquo;inscrit dans la mise en \u0153uvre de cette strat\u00e9gie d&rsquo;escalade. Il d\u00e9clare que la Bundeswehr doit \u00ab atteindre les objectifs de capacit\u00e9 de l&rsquo;OTAN \u00bb, ce qui n\u00e9cessite \u00ab une augmentation significative des effectifs des forces arm\u00e9es \u00bb.<\/p>\n<p>Ces objectifs de l&rsquo;OTAN sont, en r\u00e9alit\u00e9, des objectifs de guerre. D\u00e8s <a href=\"https:\/\/www.wsws.org\/fr\/articles\/2023\/07\/14\/pers-j14.html\" rel=\"nofollow noopener\" target=\"_blank\">le sommet de l&rsquo;OTAN \u00e0 Vilnius<\/a> en 2023, les \u00c9tats membres de l&rsquo;alliance ont d\u00e9clar\u00e9 qu&rsquo;il fallait fournir \u00ab toute la gamme des forces, des capacit\u00e9s, des plans, des ressources et des infrastructures \u00bb \u2013 \u00ab y compris pour une guerre de haute intensit\u00e9 et multidomaine contre des concurrents de m\u00eame niveau dot\u00e9s de l&rsquo;arme nucl\u00e9aire \u00bb. En d&rsquo;autres termes, pour une guerre directe avec la Russie, qui poss\u00e8de l&rsquo;arme nucl\u00e9aire.<\/p>\n<p>Lors du sommet de l&rsquo;OTAN de cette ann\u00e9e <a href=\"https:\/\/www.wsws.org\/fr\/articles\/2025\/06\/26\/ckgi-j26.html\" rel=\"nofollow noopener\" target=\"_blank\">\u00e0 La Haye<\/a>, cette orientation a \u00e9t\u00e9 encore renforc\u00e9e. Les \u00c9tats membres ont convenu d&rsquo;augmenter leurs d\u00e9penses militaires \u00e0 5 % du PIB au cours des dix prochaines ann\u00e9es, dont au moins 3,5 % pour les armes et les troupes, et 1,5 % pour les infrastructures, la cybercapacit\u00e9 et la capacit\u00e9 logistique. Cela porterait les d\u00e9penses annuelles des \u00c9tats membres de l&rsquo;OTAN \u00e0 2800 milliards de dollars, soit plus que la production \u00e9conomique totale de l&rsquo;Italie ou du Canada.<\/p>\n<p>L&rsquo;Allemagne m\u00e8ne ce r\u00e9armement de mani\u00e8re particuli\u00e8rement agressive. Le budget de la d\u00e9fense de Berlin devrait passer \u00e0 plus de 150 milliards d&rsquo;euros d&rsquo;ici 2029, soit environ 3,5 % du PIB. Si l&rsquo;on tient compte des d\u00e9penses de guerre \u00ab li\u00e9es aux infrastructures \u00bb, le gouvernement investit en fait environ 5 % de la production \u00e9conomique totale \u00e0 des fins militaires, soit environ 215 milliards d&rsquo;euros par an. Pour mettre en \u0153uvre cette folie, comparable uniquement au programme de r\u00e9armement des nazis \u00e0 la veille de la Seconde Guerre mondiale, le gouvernement, avec le soutien des Verts et du <a href=\"https:\/\/www.wsws.org\/fr\/articles\/2025\/03\/25\/rjcn-m25.html\" rel=\"nofollow noopener\" target=\"_blank\">Parti de gauche<\/a>, a d\u00e9bloqu\u00e9 1000 milliards d&rsquo;euros pour le r\u00e9armement.<\/p>\n<p>L&rsquo;interview de Breuer est un avertissement \u00e0 deux \u00e9gards : elle souligne \u00e0 quel point la classe dirigeante se pr\u00e9pare de mani\u00e8re agressive \u00e0 une nouvelle guerre. Et elle montre \u00e0 quel point le commandement militaire allemand agit \u00e0 nouveau de mani\u00e8re provocatrice. Il domine de plus en plus la politique, et c&rsquo;est exactement ce qui est voulu sur le plan politique.<\/p>\n<p>En avril 2024, le ministre de la D\u00e9fense Boris Pistorius (social-d\u00e9mocrate, SPD) avait d\u00e9j\u00e0 annonc\u00e9 une r\u00e9forme structurelle pour \u00ab <a href=\"https:\/\/www.wsws.org\/fr\/articles\/2024\/04\/11\/pers-a11.html\" rel=\"nofollow noopener\" target=\"_blank\">l&rsquo;arm\u00e9e de l\u2019avenir<\/a> \u00bb, qui comprenait la cr\u00e9ation d&rsquo;une structure de commandement centrale unifi\u00e9e pour \u00ab la planification op\u00e9rationnelle nationale et le commandement des missions \u00bb. \u00c0 cette fin, le commandement territorial existant (pour les op\u00e9rations nationales) et le commandement des op\u00e9rations interarm\u00e9es (pour les d\u00e9ploiements \u00e0 l&rsquo;\u00e9tranger) ont \u00e9t\u00e9 fusionn\u00e9s en un seul commandement op\u00e9rationnel de la Bundeswehr (forces arm\u00e9es). \u00c0 l&rsquo;\u00e9poque, nous avions comment\u00e9 :<\/p>\n<blockquote>\n<p>Cette mesure signifie le r\u00e9tablissement de facto d\u2019un \u00e9tat-major g\u00e9n\u00e9ral, qui avait \u00e9t\u00e9 interdit par l\u2019accord de Potsdam en 1945 \u00e0 la suite du r\u00f4le criminel jou\u00e9 par les dirigeants militaires allemands au cours des deux guerres mondiales. Aujourd\u2019hui, il est tacitement r\u00e9introduit. Le contr\u00f4le civil sur la Bundeswehr, inscrit dans la constitution de l\u2019Allemagne de l\u2019Ouest d\u2019apr\u00e8s-guerre, est en train d\u2019\u00eatre supprim\u00e9, avec un retour aux vieilles ambitions de guerre et de grande puissance de l\u2019imp\u00e9rialisme allemand.<\/p>\n<\/blockquote>\n<p>L&rsquo;intervention de Breuer, en tant que chef d&rsquo;\u00e9tat-major de facto, dans le d\u00e9bat sur la conscription montre \u00e0 quel point la \u00ab Bundeswehr de l\u2019avenir \u00bb est d\u00e9j\u00e0 devenue r\u00e9alit\u00e9. La militarisation soutenue par tous les partis au Bundestag (parlement) est indissociable de l&rsquo;accroissement des in\u00e9galit\u00e9s sociales et des tendances autoritaires. Comme l&rsquo;ont soulign\u00e9 \u00e0 plusieurs reprises le Sozialistische Gleichheitspartei (Parti de l&rsquo;\u00e9galit\u00e9 socialiste, SGP) et son organisation de jeunesse et d&rsquo;\u00e9tudiants, l&rsquo;IYSSE, la \u00ab pr\u00e9paration \u00e0 la guerre \u00bb de la Bundeswehr n&rsquo;est pas compatible avec la d\u00e9mocratie. Elle n\u00e9cessite, comme par le pass\u00e9, la r\u00e9pression de la classe ouvri\u00e8re et la mise en place de formes de gouvernement dictatoriales.<\/p>\n<p>La r\u00e9introduction de la conscription signifie soumettre la jeunesse aux int\u00e9r\u00eats guerriers du capital, et elle doit \u00eatre combattue sur la base d&rsquo;une perspective politique claire. L&rsquo;IYSSE explique dans sa d\u00e9claration \u00ab <a href=\"https:\/\/www.wsws.org\/fr\/articles\/2025\/08\/19\/shhb-a19.html\" rel=\"nofollow noopener\" target=\"_blank\">Pour une perspective socialiste contre la r\u00e9introduction de la conscription<\/a> \u00bb :<\/p>\n<blockquote>\n<p>La guerre ne na\u00eet pas simplement des mauvaises intentions de certains politiciens au sommet de la soci\u00e9t\u00e9, mais des contradictions objectives du capitalisme m\u00eame. La contradiction entre un march\u00e9 mondial d&rsquo;une part, et la division du monde en \u00c9tats-nations rivaux d\u2019autre part, conduit in\u00e9vitablement \u00e0 la lutte pour les march\u00e9s et les ressources \u2013 sous forme de guerres.<\/p>\n<p>Tant que le capitalisme existera, il y aura la guerre. Une \u00abBundeswehr pacifique\u00bb est donc impossible et une dangereuse illusion !<\/p>\n<p>Cela exige de tirer des conclusions d\u00e9cisives : la lutte contre la conscription signifie la lutte contre la guerre et sa racine : le capitalisme.<\/p>\n<\/blockquote>\n<p>L&rsquo;alternative \u00e0 la conscription, au militarisme et \u00e0 la guerre, \u00e0 la r\u00e9pression et \u00e0 la domination politique des g\u00e9n\u00e9raux est la construction consciente d&rsquo;un mouvement socialiste international de la classe ouvri\u00e8re. Seules l&rsquo;expropriation de l&rsquo;oligarchie financi\u00e8re et de l&rsquo;armement, la dissolution de l&rsquo;OTAN et de l&rsquo;UE en tant qu&rsquo;alliances militaires imp\u00e9rialistes et la cr\u00e9ation des \u00c9tats socialistes unis d&rsquo;Europe permettront d&#8217;emp\u00eacher une nouvelle guerre mondiale.<\/p>\n<p>(Article paru en anglais le 6 novembre 2025)<\/p>\n","protected":false},"excerpt":{"rendered":"Le chancelier allemand Friedrich Merz s&rsquo;exprime, debout entre Carsten Breuer (\u00e0 gauche), inspecteur g\u00e9n\u00e9ral de la Bundeswehr, et&hellip;\n","protected":false},"author":2,"featured_media":520031,"comment_status":"","ping_status":"","sticky":false,"template":"","format":"standard","meta":{"footnotes":""},"categories":[1587],"tags":[11,672,1804,1805,1803,1777,674,16959,1801,25256,41179,16234,12,136,12709,1802],"class_list":{"0":"post-520030","1":"post","2":"type-post","3":"status-publish","4":"format-standard","5":"has-post-thumbnail","7":"category-allemagne","8":"tag-actualites","9":"tag-allemagne","10":"tag-bundesrepublik-deutschland","11":"tag-de","12":"tag-deutschland","13":"tag-eu","14":"tag-europe","15":"tag-fascisme","16":"tag-germany","17":"tag-hitler","18":"tag-imperialisme","19":"tag-militarisme","20":"tag-news","21":"tag-otan","22":"tag-rearmement","23":"tag-republique-federale-dallemagne"},"share_on_mastodon":{"url":"https:\/\/pubeurope.com\/@fr\/115512867946253109","error":""},"_links":{"self":[{"href":"https:\/\/www.europesays.com\/fr\/wp-json\/wp\/v2\/posts\/520030","targetHints":{"allow":["GET"]}}],"collection":[{"href":"https:\/\/www.europesays.com\/fr\/wp-json\/wp\/v2\/posts"}],"about":[{"href":"https:\/\/www.europesays.com\/fr\/wp-json\/wp\/v2\/types\/post"}],"author":[{"embeddable":true,"href":"https:\/\/www.europesays.com\/fr\/wp-json\/wp\/v2\/users\/2"}],"replies":[{"embeddable":true,"href":"https:\/\/www.europesays.com\/fr\/wp-json\/wp\/v2\/comments?post=520030"}],"version-history":[{"count":0,"href":"https:\/\/www.europesays.com\/fr\/wp-json\/wp\/v2\/posts\/520030\/revisions"}],"wp:featuredmedia":[{"embeddable":true,"href":"https:\/\/www.europesays.com\/fr\/wp-json\/wp\/v2\/media\/520031"}],"wp:attachment":[{"href":"https:\/\/www.europesays.com\/fr\/wp-json\/wp\/v2\/media?parent=520030"}],"wp:term":[{"taxonomy":"category","embeddable":true,"href":"https:\/\/www.europesays.com\/fr\/wp-json\/wp\/v2\/categories?post=520030"},{"taxonomy":"post_tag","embeddable":true,"href":"https:\/\/www.europesays.com\/fr\/wp-json\/wp\/v2\/tags?post=520030"}],"curies":[{"name":"wp","href":"https:\/\/api.w.org\/{rel}","templated":true}]}}