{"id":520034,"date":"2025-11-08T07:22:19","date_gmt":"2025-11-08T07:22:19","guid":{"rendered":"https:\/\/www.europesays.com\/fr\/520034\/"},"modified":"2025-11-08T07:22:19","modified_gmt":"2025-11-08T07:22:19","slug":"la-commission-europeenne-et-la-belgique-pas-davancee-sur-le-pret-de-reparation-pour-lukraine","status":"publish","type":"post","link":"https:\/\/www.europesays.com\/fr\/520034\/","title":{"rendered":"La Commission europ\u00e9enne et la Belgique : pas d&rsquo;avanc\u00e9e sur le pr\u00eat de r\u00e9paration pour l&rsquo;Ukraine"},"content":{"rendered":"<p>\n         Publi\u00e9 le<br \/>\n            07\/11\/2025 &#8211; 22:17 UTC+1\n            <\/p>\n<p>Les fonctionnaires de l&rsquo;UE et le gouvernement belge n&rsquo;ont pas r\u00e9ussi \u00e0 sortir de l&rsquo;impasse concernant la proposition d&rsquo;utiliser les actifs russes immobilis\u00e9s pour financer la reconstruction de l&rsquo;Ukraine au cours des deux prochaines ann\u00e9es.<\/p>\n<p>Une r\u00e9union technique entre la Commission et les cabinets du Premier ministre Bart De Wever et du ministre des Affaires \u00e9trang\u00e8res Maxime Pr\u00e9vot a eu lieu vendredi.<\/p>\n<p>Selon des sources proches des discussions, le gouvernement belge s&rsquo;inqui\u00e8te de plus en plus de l&rsquo;absence de propositions alternatives de la Commission europ\u00e9enne \u00e0 l&rsquo;utilisation des avoirs russes gel\u00e9s pour financer l&rsquo;Ukraine.<\/p>\n<p>L&rsquo;UE insiste sur un plan visant \u00e0 utiliser 140 milliards d&rsquo;euros d&rsquo;actifs russes gel\u00e9s d\u00e9tenus par le d\u00e9positaire financier belge Euroclear.<\/p>\n<p>Une incertitude juridique persistante sur le sc\u00e9nario de l&rsquo;apr\u00e8s-guerre<\/p>\n<p>Toutefois, le gouvernement belge estime que cette op\u00e9ration sans pr\u00e9c\u00e9dent comporte des risques importants et demande des garanties juridiques afin de ne pas \u00eatre tenu pour responsable des cons\u00e9quences impr\u00e9vues. Il s&rsquo;inqui\u00e8te \u00e9galement des repr\u00e9sailles russes.<\/p>\n<p>L&rsquo;\u00c9tat belge estime qu&rsquo;il sera confront\u00e9 \u00e0 des proc\u00e9dures juridiques co\u00fbteuses si la Russie ou l&rsquo;un de ses associ\u00e9s intentent une action en justice pour r\u00e9cup\u00e9rer les actifs \u00e0 la fin de la guerre.<\/p>\n<p>La Commission cherche des moyens de maintenir le financement de l&rsquo;Ukraine stable jusqu&rsquo;en 2026, alors que les co\u00fbts associ\u00e9s \u00e0 la guerre augmentent sans le soutien des \u00c9tats-Unis, qui a diminu\u00e9 depuis l&rsquo;entr\u00e9e en fonction du pr\u00e9sident Donald Trump.<\/p>\n<p>En octobre, les dirigeants europ\u00e9ens ont d\u00e9cid\u00e9 de revoir la question et de prendre une d\u00e9cision finale en d\u00e9cembre, apr\u00e8s avoir explor\u00e9 d&rsquo;autres solutions. Jusqu&rsquo;\u00e0 pr\u00e9sent, la r\u00e9vision n&rsquo;a pas convaincu la partie belge.<\/p>\n<p>\u00ab\u00a0Ce que nous attendons et qui a \u00e9t\u00e9 convenu lors du Conseil europ\u00e9en, c&rsquo;est que toutes les options possibles soient \u00e9labor\u00e9es en d\u00e9tail et pr\u00e9sent\u00e9es lors du prochain Conseil \u00ab\u00a0, a d\u00e9clar\u00e9 la source \u00e0 <strong>Euronews<\/strong>.<\/p>\n<p>\u00ab\u00a0Toutes les options doivent \u00eatre sur la table\u00a0\u00bb, a-t-on ajout\u00e9.<\/p>\n<p>La Belgique appelle \u00e0 une prise de d\u00e9cision collective<\/p>\n<p>\u00ab\u00a0Pour la Belgique, il est essentiel que toutes les options soient explor\u00e9es. Chaque approche possible doit \u00eatre examin\u00e9e avec rigueur et transparence, afin de garantir la meilleure solution\u00a0\u00bb, a d\u00e9clar\u00e9 notre source.<\/p>\n<p>\u00ab\u00a0Pour \u00eatre franc, nous attendons toujours les autres options que la Commission europ\u00e9enne \u00e9tait cens\u00e9e pr\u00e9senter, comme convenu lors du Conseil europ\u00e9en d&rsquo;octobre\u00a0\u00bb, selon les sources d&rsquo;<strong>Euronews<\/strong>.<\/p>\n<p>\u00c0 la question de savoir si le gouvernement est \u00ab\u00a0frustr\u00e9\u00a0\u00bb par le manque \u00e9vident d&rsquo;autres options \u00e0 explorer, la source a r\u00e9pondu : \u00ab\u00a0Pas encore frustr\u00e9, mais l&rsquo;heure (du sommet) approche et nous restons constructifs\u00a0\u00bb.<\/p>\n<p>L&rsquo;UE doit prendre \u00ab\u00a0collectivement\u00a0\u00bb la meilleure d\u00e9cision, ont-ils ajout\u00e9.<\/p>\n<p>\u00ab\u00a0Vous ne pouvez pas prendre la meilleure d\u00e9cision si vous n&rsquo;avez pas toutes les options avec leurs c\u00f4t\u00e9s positifs et n\u00e9gatifs\u00a0\u00bb, a d\u00e9clar\u00e9 la source.<\/p>\n<p>Si le plan \u00e9choue, certaines options \u00e9voqu\u00e9es officiellement comprennent l&rsquo;\u00e9mission d&rsquo;une dette commune, des provisions bilat\u00e9rales des \u00c9tats membres ou un pr\u00eat-relais \u00e0 court terme. Les \u00c9tats membres admettent en priv\u00e9 qu&rsquo;aucune de ces options ne serait aussi importante ou stable que le pr\u00eat pour les r\u00e9parations.<\/p>\n<p>Une source europ\u00e9enne a d\u00e9clar\u00e9 qu&rsquo;elle s&rsquo;attendait toujours \u00e0 ce qu&rsquo;un accord soit trouv\u00e9 avec les Belges, tout en admettant que le temps presse avant que les dirigeants ne se r\u00e9unissent \u00e0 Bruxelles en d\u00e9cembre pour le dernier sommet du Conseil europ\u00e9en de l&rsquo;ann\u00e9e.<\/p>\n<p>Sources additionnelles<strong> \u2022 adaptation : Serge Duch\u00eane<\/strong><\/p>\n","protected":false},"excerpt":{"rendered":"Publi\u00e9 le 07\/11\/2025 &#8211; 22:17 UTC+1 Les fonctionnaires de l&rsquo;UE et le gouvernement belge n&rsquo;ont pas r\u00e9ussi \u00e0&hellip;\n","protected":false},"author":2,"featured_media":520035,"comment_status":"","ping_status":"","sticky":false,"template":"","format":"standard","meta":{"footnotes":""},"categories":[1586],"tags":[11,828,2196,1777,674,1779,1011,27,2025,12,25,1778,364],"class_list":{"0":"post-520034","1":"post","2":"type-post","3":"status-publish","4":"format-standard","5":"has-post-thumbnail","7":"category-europe","8":"tag-actualites","9":"tag-belgique","10":"tag-commission-europeenne","11":"tag-eu","12":"tag-europe","13":"tag-european-union","14":"tag-fr","15":"tag-france","16":"tag-invasion-de-la-russie-en-ukraine","17":"tag-news","18":"tag-republique-francaise","19":"tag-ue","20":"tag-union-europeenne"},"share_on_mastodon":{"url":"https:\/\/pubeurope.com\/@fr\/115512878321621841","error":""},"_links":{"self":[{"href":"https:\/\/www.europesays.com\/fr\/wp-json\/wp\/v2\/posts\/520034","targetHints":{"allow":["GET"]}}],"collection":[{"href":"https:\/\/www.europesays.com\/fr\/wp-json\/wp\/v2\/posts"}],"about":[{"href":"https:\/\/www.europesays.com\/fr\/wp-json\/wp\/v2\/types\/post"}],"author":[{"embeddable":true,"href":"https:\/\/www.europesays.com\/fr\/wp-json\/wp\/v2\/users\/2"}],"replies":[{"embeddable":true,"href":"https:\/\/www.europesays.com\/fr\/wp-json\/wp\/v2\/comments?post=520034"}],"version-history":[{"count":0,"href":"https:\/\/www.europesays.com\/fr\/wp-json\/wp\/v2\/posts\/520034\/revisions"}],"wp:featuredmedia":[{"embeddable":true,"href":"https:\/\/www.europesays.com\/fr\/wp-json\/wp\/v2\/media\/520035"}],"wp:attachment":[{"href":"https:\/\/www.europesays.com\/fr\/wp-json\/wp\/v2\/media?parent=520034"}],"wp:term":[{"taxonomy":"category","embeddable":true,"href":"https:\/\/www.europesays.com\/fr\/wp-json\/wp\/v2\/categories?post=520034"},{"taxonomy":"post_tag","embeddable":true,"href":"https:\/\/www.europesays.com\/fr\/wp-json\/wp\/v2\/tags?post=520034"}],"curies":[{"name":"wp","href":"https:\/\/api.w.org\/{rel}","templated":true}]}}