{"id":520040,"date":"2025-11-08T07:25:15","date_gmt":"2025-11-08T07:25:15","guid":{"rendered":"https:\/\/www.europesays.com\/fr\/520040\/"},"modified":"2025-11-08T07:25:15","modified_gmt":"2025-11-08T07:25:15","slug":"france-afrique-du-sud-les-bleus-ont-rendez-vous-avec-leurs-bourreaux","status":"publish","type":"post","link":"https:\/\/www.europesays.com\/fr\/520040\/","title":{"rendered":"France-Afrique du Sud\u00a0: les Bleus ont rendez-vous avec leurs bourreaux"},"content":{"rendered":"<p class=\"paragraph text_align_left lp-f-body-02\"><a href=\"https:\/\/www.leparisien.fr\/sports\/rugby\/xv-de-france\/france-afrique-du-sud-deux-ans-apres-les-bleus-se-sont-ils-vraiment-fait-voler-par-larbitre-05-11-2025-NG32KAD3CBGODJWI2BLSFI5E4A.php\" target=\"_blank\" rel=\"noreferrer nofollow noopener\">Cette blessure-l\u00e0 ne s\u2019effacera jamais<\/a>. Les os se ressoudent, les chairs se referment, les cicatrices s\u2019estompent, mais il faudrait une amn\u00e9sie g\u00e9n\u00e9rale pour effacer ce genre de bleus \u00e0 l\u2019\u00e2me. Ni la marche du temps, ni les galops des futurs exploits n\u2019adouciront l\u2019empreinte douloureuse laiss\u00e9e par ce cr\u00e8ve-c\u0153ur qui a glac\u00e9 les esprits.<\/p>\n<p class=\"paragraph text_align_left lp-f-body-02\">Deux ans ont pass\u00e9 d\u00e9j\u00e0, mais la venue des Springboks, ce samedi 8 novembre au <a href=\"https:\/\/www.leparisien.fr\/seine-saint-denis-93\/saint-denis-93200\/stade-de-france\/\" target=\"_blank\" rel=\"noreferrer nofollow noopener\">Stade de France<\/a>, lors du premier test-match de la tourn\u00e9e d\u2019automne (avant la r\u00e9ception des Fidji, le 15 novembre et de l\u2019Australie le 22), agit comme un amer retour en arri\u00e8re.<\/p>\n<p class=\"paragraph text_align_left lp-f-body-02\">Le 15 octobre 2023 \u2015 c\u2019\u00e9tait hier \u2015, l\u2019Afrique du Sud <a href=\"https:\/\/www.leparisien.fr\/sports\/rugby\/xv-de-france\/france-afrique-du-sud-deux-ans-apres-comment-la-generation-dupont-a-gere-le-traumatisme-06-11-2025-E7JO3MFUVFAKFADOKPVRZPPYYI.php\" target=\"_self\" rel=\"nofollow noopener\">a priv\u00e9 le XV de France de son r\u00eave.<\/a> D\u2019un sacre sur ses terres, d\u2019une liesse infinie. Au lieu de \u00e7a, Saint-Denis s\u2019est fig\u00e9e en triste n\u00e9cropole de princes sans couronne. Pour un petit point (29-28) donc, les Tricolores ont \u00e9t\u00e9 renvoy\u00e9s \u00e0 leurs tourments d\u00e8s les quarts de finale par une \u00e9quipe titr\u00e9e deux semaines plus tard face aux All Blacks.<\/p>\n<p class=\"paragraph text_align_left lp-f-body-02\">On se souvient des pleurs <a href=\"https:\/\/www.leparisien.fr\/sports\/rugby\/antoine-dupont\/\" target=\"_blank\" rel=\"noreferrer nofollow noopener\">d<\/a><a href=\"https:\/\/www.leparisien.fr\/sports\/rugby\/antoine-dupont\/\" target=\"_self\" rel=\"nofollow noopener\">\u2019Antoine Dupont<\/a>, capitaine an\u00e9anti, \u00e0 peine remis d\u2019une fracture maxillo-zygomatique op\u00e9r\u00e9e trois semaines plus t\u00f4t, de l\u2019abattement collectif. On se souvient aussi des occasions perdues, de la r\u00e9volte brouillonne, de l\u2019arbitrage parfois contestable. On se souvient surtout de cette fin d\u2019aventure siffl\u00e9e trop t\u00f4t, de ce rendez-vous manqu\u00e9 \u00e0 jamais \u00e9vanoui.<\/p>\n<p>Les Springboks, meilleure \u00e9quipe du monde ou inconstants ?<\/p>\n<p class=\"paragraph text_align_left lp-f-body-02\">Le retour des doubles champions du monde sur les traces de leurs glorieux succ\u00e8s sonnerait-il comme une revanche \u00e0 l\u2019oreille des Bleus ? \u00ab Non \u00bb, affirment-ils en ch\u0153ur. Les contextes n\u2019ont rien \u00e0 voir. Un test-match, \u00e0 mi-chemin entre deux Coupe du monde (la prochaine aura lieu en Australie en 2027) sert surtout de barom\u00e8tre.<\/p>\n<p class=\"paragraph text_align_left lp-f-body-02\">Mais \u00e0 entendre le s\u00e9lectionneur <a href=\"https:\/\/www.leparisien.fr\/sports\/rugby\/fabien-galthie\/\" target=\"_self\" rel=\"nofollow noopener\">Fabien Galthi\u00e9<\/a> vanter exag\u00e9r\u00e9ment les talents et les prouesses de ses adversaires, on se doute de l\u2019enjeu psychologique d\u2019une telle rencontre pour ses joueurs et des bienfaits d\u2019une victoire pour eux.<\/p>\n<p class=\"paragraph text_align_left lp-f-body-02\">\u00ab <a href=\"https:\/\/www.leparisien.fr\/sports\/rugby\/xv-de-france\/france-afrique-du-sud-les-springboks-sont-ils-encore-plus-forts-quen-2023-07-11-2025-NY6Y36I53NHWHL46TOEBCV45G4.php\" target=\"_blank\" rel=\"noreferrer nofollow noopener\">C\u2019est la meilleure \u00e9quipe au monde<\/a>, peut-\u00eatre la meilleure \u00e9quipe au monde qui ait jamais exist\u00e9, a entonn\u00e9 Galthi\u00e9, toujours prompt \u00e0 l\u2019emphase pour rehausser son propre m\u00e9rite. Ils viennent de gagner deux Rugby Championship (tournoi de l\u2019h\u00e9misph\u00e8re Sud). \u00bb Ces propos n\u2019engagent que lui car les Springboks sont apparus particuli\u00e8rement inconstants l\u2019\u00e9t\u00e9 dernier.<\/p>\n<p><img decoding=\"async\" class=\"image \" loading=\"lazy\" src=\"https:\/\/www.europesays.com\/fr\/wp-content\/uploads\/2025\/11\/IT2R5SOPEVCXVCKJHB3SBOHTZE.jpg\" alt=\"\" align=\"\" data-rubrique-principale=\"\" data-article-type=\"\" fetchpriority=\"auto\"\/><\/p>\n<p class=\"paragraph text_align_left lp-f-body-02\">Capables d\u2019un impressionnant sursaut pour infliger <a href=\"https:\/\/www.leparisien.fr\/sports\/rugby\/nouvelle-zelande-afrique-du-sud-10-43-lincroyable-correction-infligee-par-les-springboks-aux-all-blacks-13-09-2025-SM7Z7THXGNDERG3RBIMY45MA7E.php\" rel=\"nofollow noopener\" target=\"_blank\">aux All Blacks la pire d\u00e9faite de leur histoire (10-43) \u00e0 domicile<\/a> \u00e0 Wellington en septembre mais aussi de s\u2019effondrer spectaculairement quelques semaines plus t\u00f4t sur leur pelouse de Johannesburg contre l\u2019Australie (22-38), avec de vieux grognards totalement d\u00e9pass\u00e9s.<\/p>\n<p class=\"paragraph text_align_left lp-f-body-02\">Kolisi, Etzebeth, Du Toit, entre autres, seront encore titulaires au Stade de France ce samedi mais c\u2019est surtout de l\u2019imagination de leur s\u00e9lectionneur Rassie Erasmus, qui avait d\u00e9j\u00e0 remport\u00e9 <a href=\"https:\/\/www.leparisien.fr\/sports\/rugby\/xv-de-france\/france-afrique-du-sud-deux-ans-apres-fabien-galthie-de-la-defaite-au-deni-05-11-2025-6SJVHE3MVFG7FMKNMKPCDQCZKU.php\" target=\"_self\" rel=\"nofollow noopener\">la bataille tactique contre Fabien Galthi\u00e9<\/a> il y a deux ans, dont on attend des innovations.<\/p>\n<p class=\"paragraph text_align_left lp-f-body-02\">Les Bleus, eux, lancent simplement leur saison. M\u00e9lange de r\u00e9f\u00e9rences (Fickou, Ramos, Penaud, Ntamack, Bielle-Biarrey, Flament, Marchand\u2026) et de novices ou presque comme <a href=\"https:\/\/www.leparisien.fr\/sports\/rugby\/xv-de-france\/france-afrique-du-sud-erdocio-montagne-cramont-qui-sont-les-trois-inconnus-du-quinze-de-fabien-galthie-06-11-2025-7G74HSOR6VCPHBZ3IAG57DOJEU.php\" target=\"_blank\" rel=\"noreferrer nofollow noopener\">les piliers Montagne et Erdocio<\/a>, ce XV de France compte suffisamment de forces et de talents pour malmener ses bourreaux de 2023. M\u00eame sans Dupont. Le capitaine, encore convalescent de son op\u00e9ration du genou droit en mars dernier, prendra place en tribunes. Avec, peut-\u00eatre, un petit go\u00fbt amer au fond de la gorge.<\/p>\n","protected":false},"excerpt":{"rendered":"Cette blessure-l\u00e0 ne s\u2019effacera jamais. Les os se ressoudent, les chairs se referment, les cicatrices s\u2019estompent, mais il&hellip;\n","protected":false},"author":2,"featured_media":520041,"comment_status":"","ping_status":"","sticky":false,"template":"","format":"standard","meta":{"footnotes":""},"categories":[4],"tags":[11,1011,27,12,25,479,60,30845],"class_list":{"0":"post-520040","1":"post","2":"type-post","3":"status-publish","4":"format-standard","5":"has-post-thumbnail","7":"category-france","8":"tag-actualites","9":"tag-fr","10":"tag-france","11":"tag-news","12":"tag-republique-francaise","13":"tag-rugby","14":"tag-sports","15":"tag-xv-france"},"share_on_mastodon":{"url":"https:\/\/pubeurope.com\/@fr\/115512890760807295","error":""},"_links":{"self":[{"href":"https:\/\/www.europesays.com\/fr\/wp-json\/wp\/v2\/posts\/520040","targetHints":{"allow":["GET"]}}],"collection":[{"href":"https:\/\/www.europesays.com\/fr\/wp-json\/wp\/v2\/posts"}],"about":[{"href":"https:\/\/www.europesays.com\/fr\/wp-json\/wp\/v2\/types\/post"}],"author":[{"embeddable":true,"href":"https:\/\/www.europesays.com\/fr\/wp-json\/wp\/v2\/users\/2"}],"replies":[{"embeddable":true,"href":"https:\/\/www.europesays.com\/fr\/wp-json\/wp\/v2\/comments?post=520040"}],"version-history":[{"count":0,"href":"https:\/\/www.europesays.com\/fr\/wp-json\/wp\/v2\/posts\/520040\/revisions"}],"wp:featuredmedia":[{"embeddable":true,"href":"https:\/\/www.europesays.com\/fr\/wp-json\/wp\/v2\/media\/520041"}],"wp:attachment":[{"href":"https:\/\/www.europesays.com\/fr\/wp-json\/wp\/v2\/media?parent=520040"}],"wp:term":[{"taxonomy":"category","embeddable":true,"href":"https:\/\/www.europesays.com\/fr\/wp-json\/wp\/v2\/categories?post=520040"},{"taxonomy":"post_tag","embeddable":true,"href":"https:\/\/www.europesays.com\/fr\/wp-json\/wp\/v2\/tags?post=520040"}],"curies":[{"name":"wp","href":"https:\/\/api.w.org\/{rel}","templated":true}]}}