{"id":520042,"date":"2025-11-08T07:26:20","date_gmt":"2025-11-08T07:26:20","guid":{"rendered":"https:\/\/www.europesays.com\/fr\/520042\/"},"modified":"2025-11-08T07:26:20","modified_gmt":"2025-11-08T07:26:20","slug":"victor-perez-enchaine-et-se-hisse-dans-le-top-5-a-mi-tournoi","status":"publish","type":"post","link":"https:\/\/www.europesays.com\/fr\/520042\/","title":{"rendered":"Victor Perez encha\u00eene et se hisse dans le top 5 \u00e0 mi tournoi"},"content":{"rendered":"<p>\t\t\t\t\t\t<img width=\"770\" height=\"555\" src=\"https:\/\/www.europesays.com\/fr\/wp-content\/uploads\/2025\/11\/victor-perez-pga-tour-world-wide-technology-tour2-770x555.jpg\" class=\"img-responsive wp-post-image\" alt=\"Victor Perez Photo by Orlando Ramirez \/ GETTY IMAGES NORTH AMERICA \/ Getty Images via AFP\" decoding=\"async\" fetchpriority=\"high\"  \/>\t\t\t\t\t<\/p>\n<p>\t\t\t\t\t\t Partager cet article <\/p>\n<p class=\"screen-reader-text juiz_sps_maybe_hidden_text\">Partager la publication \u00ab\u00a0Victor Perez encha\u00eene et se hisse dans le top 5 \u00e0 mi tournoi\u00a0\u00bb<\/p>\n<p><strong>La moyenne de score du 2e tour du World Wide Technology Championship sur le parcours d\u2019El Cardonal, au Diamante Cabo San Lucas, \u00e0 Los Cabos, au Mexique est encore descendue avec pas moins de 625 birdies et 25 eagles enregistr\u00e9s vendredi ! L\u2019Allemand Matti Schmid a r\u00e9cup\u00e9r\u00e9 les r\u00eanes du tournoi abandonn\u00e9es par Nick Dunlap et Sami V\u00e4lim\u00e4ki tandis que le Fran\u00e7ais Victor Perez a r\u00e9duit l\u2019\u00e9cart sur la t\u00eate.<br \/>&#13;<br \/>\n<\/strong><\/p>\n<p>\t\t\t\t\t<a id=\"190113\" href=\"https:\/\/abacussportswear.com\/en\/france\" target=\"_blank\" rel=\"sponsorised nofollow noopener\"><img decoding=\"async\" src=\"data:image\/svg+xml,%3Csvg%20xmlns=\" http:=\"\" class=\"img-responsive\" alt=\"\" data-lazy-src=\"https:\/\/www.europesays.com\/fr\/wp-content\/uploads\/2025\/10\/abacus-e06-portrush-1170x275-1.gif\"\/><\/a><\/p>\n<p>Pour la deuxi\u00e8me journ\u00e9e cons\u00e9cutive, <strong>Matti Schmid<\/strong> a sign\u00e9 une carte vierge de bogey. C\u2019est la 5e fois depuis 2022 qu\u2019il parvient \u00e0 atteindre la mi-tournoi sans commettre d\u2019impair et seul le num\u00e9ro 1 mondial Scottie Scheffler peut en dire autant.<\/p>\n<p>L\u2019Allemand qui f\u00eatera ses 28 ans dans 10 jours a aussi profit\u00e9 d\u2019un faux pas sur l\u2019ant\u00e9p\u00e9nulti\u00e8me trou de l\u2019Am\u00e9ricain <strong>Nick<\/strong> <strong>Dunlap.\u00a0<\/strong>Un f\u00e2cheux double-bogey sur le 7, l\u2019un des rares trous qui se joue en moyenne au dessus du par depuis le d\u00e9but du tournoi au Mexique.<\/p>\n<blockquote data-service=\"twitter\" data-category=\"marketing\" data-placeholder-image=\"https:\/\/www.golfplanete.com\/wp-content\/plugins\/complianz-gdpr-premium\/assets\/images\/placeholders\/twitter-minimal.jpg\" class=\"cmplz-placeholder-element twitter-tweet\" data-media-max-width=\"560\"><p>&#13;<\/p>\n<p dir=\"ltr\" lang=\"en\">For the fifth time since 2022, Matti Schmid is bogey-free through 36 holes on TOUR (tied with Scottie Scheffler for the most).<\/p>\n<p>Schmid leads by one into Saturday <a href=\"https:\/\/twitter.com\/WWTChampionship?ref_src=twsrc%5Etfw\" rel=\"nofollow noopener\" target=\"_blank\">@WWTChampionship<\/a>! <a href=\"https:\/\/t.co\/kMlQweB1bM\" rel=\"nofollow\">pic.twitter.com\/kMlQweB1bM<\/a><\/p>\n<p>&#13;<br \/>\n&#13;<br \/>\n\u2014 PGA TOUR (@PGATOUR) <a href=\"https:\/\/twitter.com\/PGATOUR\/status\/1986964692028293176?ref_src=twsrc%5Etfw\" rel=\"nofollow noopener\" target=\"_blank\">November 8, 2025<\/a><\/p><\/blockquote>\n<p>En t\u00eate depuis la veille et un record du parcours \u00e9gal\u00e9 (61), <strong>Nick<\/strong> <strong>Dunlap<\/strong> semblait se diriger tranquillement vers les 20 coups sous le par apr\u00e8s avoir franchi l\u2019aller en 30 !<\/p>\n<p>Mais le natif de l\u2019Alabama a eu plus de mal sur ses 9 derniers trous et r\u00e9trograde au 2e rang \u00e0 un coup de Matti Schmid en qu\u00eate d\u2019une premi\u00e8re victoire sur le PGA Tour apr\u00e8s avoir \u00e9chou\u00e9 de peu <a href=\"https:\/\/www.golfplanete.com\/actualites\/ben-griffin-signe-un-premier-succes-en-simple-sur-le-pga-tour-devant-un-bon-scottie-scheffler\/\" rel=\"nofollow noopener\" target=\"_blank\">lors du dernier tour du Charles Schwab Challenge<\/a> au mois de mai. En t\u00eate apr\u00e8s trois tours il avait rendu une carte de 74 et laiss\u00e9 la victoire \u00e0 la r\u00e9v\u00e9lation de l\u2019ann\u00e9e sur le circuit am\u00e9ricain, Ben Griffin.<\/p>\n<p><a href=\"https:\/\/www.pgatour.com\/tournaments\/2025\/world-wide-technology-championship\/R2025457\/leaderboard\" target=\"_blank\" rel=\"noopener nofollow\">Retrouvez le classement complet\u00a0<\/a><\/p>\n<p>&#13;<br \/>\nObjectif top 100<\/p>\n<p>Dans une journ\u00e9e encore tr\u00e8s propice aux bons scores, le Bavarois, pass\u00e9 par l\u2019universit\u00e9 de Louisville et meilleur amateur de The Open en 2021 au Royal St George\u2019s, a rendu une carte de 63 soit 5 coups de moins que la moyenne du jour (68,782).<\/p>\n<p>L\u2019autre leader au soir du premier tour <strong>Sami V\u00e4lim\u00e4ki\u00a0<\/strong>s\u2019est \u201ccontent\u00e9\u201c lui aussi d\u2019un score de 67 avec ses deux premiers bogeys de la semaine enregistr\u00e9s sur deux par 3. Le Finlandais, qui tente de sauver son droit de jeu acquis l\u2019an dernier via le DP World Tour, est projet\u00e9 76e avec encore 10 parties de golf \u00e0 jouer (2 ici au Mexique, 4 la semaine prochaine aux Bermudes et 4 dans le RSM Classic \u00e0 Sea Island). Deuxi\u00e8me du Mexico Open en 2024, il avoue avoir un faible pour ce pays o\u00f9 \u00ables gens sont sympas, la nourriture est bonne et o\u00f9 il fait chaud !\u00bb.<\/p>\n<\/p>\n<p>&#13;<br \/>\nPerez en bonne voie<\/p>\n<p>Dans une situation comptable similaire \u00e0 celle du joueur nordique, <strong>Victor Perez<\/strong> r\u00e9alise \u00e9galement une bonne entame de tournoi avec un deuxi\u00e8me 65 cons\u00e9cutif.<\/p>\n<p>Le Tarbais ne pointe qu\u2019\u00e0 trois coups de la t\u00eate gr\u00e2ce \u00e0 une deuxi\u00e8me journ\u00e9e quasi parfaite (18 greens sur 18), simplement entach\u00e9e d\u2019un bogey au 18 cons\u00e9cutif \u00e0 un trois-putts sur l\u2019un des trous les plus faciles du parcours situ\u00e9 \u00e0 l\u2019extr\u00e9mit\u00e9 sud de la p\u00e9ninsule de Basse-Californie.\u00a0<\/p>\n<p>Dans le top 5 apr\u00e8s 36 trous, Perez est projet\u00e9 93e de la <a href=\"https:\/\/www.pgatour.com\/fedexcup\" target=\"_blank\" rel=\"noopener nofollow\">de la FedEx Cup<\/a>, soit 14 places de mieux que le 107e rang qu\u2019il occupait \u00e0 la veille du tournoi. Il semble sur la bonne voie pour aborder les deux prochains tournois en position favorable ! <a href=\"https:\/\/www.golfplanete.com\/actualites\/victor-perez-ravi-de-son-deuxieme-tour-qui-le-rapproche-du-bon-resultat-synonyme-de-droit-de-jeu-sur-le-pga-tour-en-2026\/\" rel=\"nofollow noopener\" target=\"_blank\">Voir sa r\u00e9action ici &gt;&gt;<\/a><\/p>\n<p>\t\t\t\t<img loading=\"lazy\" decoding=\"async\" src=\"data:image\/svg+xml,%3Csvg%20xmlns=\" http:=\"\" attributionsrc=\"\" border=\"0\" height=\"1\" width=\"1\" alt=\"Advertisement\" data-lazy-src=\"https:\/\/www.europesays.com\/fr\/wp-content\/uploads\/2025\/10\/B33047934.424844132;dc_trk_aid=615928068;dc_trk_cid=236605808;ord=[timestamp];dc_lat=;dc_rdid=;tag_f.gif\"\/><\/p>\n<p>\t\t\t\t\t<a id=\"179415\" href=\"https:\/\/ad.doubleclick.net\/ddm\/trackclk\/N1153799.3770024GOLFPLANATE\/B33047934.424844132;dc_trk_aid=615928068;dc_trk_cid=236605808;dc_lat=;dc_rdid=;tag_for_child_directed_treatment=;tfua=;gdpr=${GDPR};gdpr_consent=${GDPR_CONSENT_755};ltd=;dc_tdv=1\" target=\"_blank\" rel=\"sponsorised nofollow noopener\"><img decoding=\"async\" src=\"data:image\/svg+xml,%3Csvg%20xmlns=\" http:=\"\" class=\"img-responsive\" alt=\"\" data-lazy-src=\"https:\/\/www.europesays.com\/fr\/wp-content\/uploads\/2025\/07\/callaway-e01-apex-v1-770x385-1.jpg\"\/><\/a><br \/>\nSemaine \u00e0 oublier pour Rozner<\/p>\n<p>En revanche \u00e7a se corse pour le Parisien <strong>Antoine Rozner<\/strong> qui enchaine avec un 4e cut cons\u00e9cutif manqu\u00e9 sur le PGA Tour. Le joueur du RCF n\u2019aura plus le droit \u00e0 l\u2019erreur lors des deux prochains tournois puisqu\u2019il va probablement rester englu\u00e9 au 159e rang <a href=\"https:\/\/www.pgatour.com\/fedexcup\" target=\"_blank\" rel=\"noopener nofollow\">de la FedEx Cup<\/a>, tr\u00e8s loin du top 100 qu\u2019il doit int\u00e9grer \u00e0 tout prix s\u2019il souhaite poursuivre sa carri\u00e8re sur le PGA Tour l\u2019an prochain.<\/p>\n<p>Apr\u00e8s avoir pein\u00e9 sur les mises en jeu dans le premier tour, c\u2019est sur les greens que Rozner a souffert jeudi avec une moyenne de deux putts par trou. Il a \u00e9galement \u00e9gar\u00e9 une balle au d\u00e9part du 15 qui lui a valu d\u2019enregistrer son troisi\u00e8me double bogey en deux jours.<\/p>\n<p>Enfin <strong>Matthieu<\/strong> <strong>Pavon,<\/strong> qui est assur\u00e9 de jouer l\u2019an prochain sur le PGA Tour gr\u00e2ce \u00e0 l\u2019exemption de deux ans que lui a offert sa victoire \u00e0 Torrey Pines en janvier 2024, a sign\u00e9 un excellent 64 vendredi. Le Bordelais retrouve des couleurs. <a href=\"https:\/\/www.golfplanete.com\/actualites\/matthieu-pavon-retrouve-la-lumiere-dans-le-2e-tour-du-world-wide-technology-au-mexique\/\" rel=\"nofollow noopener\" target=\"_blank\">(lire ici &gt;&gt;).<\/a><\/p>\n<p>Le leaderboard<\/p>\n<p><img loading=\"lazy\" decoding=\"async\" class=\"alignnone size-image-largeur-770 wp-image-191077\" src=\"data:image\/svg+xml,%3Csvg%20xmlns=\" http:=\"\" alt=\"\" width=\"770\" height=\"947\" data-lazy- data-lazy- data-lazy-src=\"https:\/\/www.europesays.com\/fr\/wp-content\/uploads\/2025\/11\/leaderboard-770x947.jpg\"\/><\/p>\n<p>\u00a0Photo \u00a9 Orlando Ramirez \/ GETTY IMAGES NORTH AMERICA \/ Getty Images via AFP<\/p>\n<p>\t\t\t<script async src=\"https:\/\/platform.twitter.com\/widgets.js\" charset=\"utf-8\"><\/script><\/p>\n","protected":false},"excerpt":{"rendered":"Partager cet article Partager la publication \u00ab\u00a0Victor Perez encha\u00eene et se hisse dans le top 5 \u00e0 mi&hellip;\n","protected":false},"author":2,"featured_media":520043,"comment_status":"","ping_status":"","sticky":false,"template":"","format":"standard","meta":{"footnotes":""},"categories":[1418],"tags":[1011,27,1472,60],"class_list":{"0":"post-520042","1":"post","2":"type-post","3":"status-publish","4":"format-standard","5":"has-post-thumbnail","7":"category-golf","8":"tag-fr","9":"tag-france","10":"tag-golf","11":"tag-sports"},"share_on_mastodon":{"url":"https:\/\/pubeurope.com\/@fr\/115512894065803240","error":""},"_links":{"self":[{"href":"https:\/\/www.europesays.com\/fr\/wp-json\/wp\/v2\/posts\/520042","targetHints":{"allow":["GET"]}}],"collection":[{"href":"https:\/\/www.europesays.com\/fr\/wp-json\/wp\/v2\/posts"}],"about":[{"href":"https:\/\/www.europesays.com\/fr\/wp-json\/wp\/v2\/types\/post"}],"author":[{"embeddable":true,"href":"https:\/\/www.europesays.com\/fr\/wp-json\/wp\/v2\/users\/2"}],"replies":[{"embeddable":true,"href":"https:\/\/www.europesays.com\/fr\/wp-json\/wp\/v2\/comments?post=520042"}],"version-history":[{"count":0,"href":"https:\/\/www.europesays.com\/fr\/wp-json\/wp\/v2\/posts\/520042\/revisions"}],"wp:featuredmedia":[{"embeddable":true,"href":"https:\/\/www.europesays.com\/fr\/wp-json\/wp\/v2\/media\/520043"}],"wp:attachment":[{"href":"https:\/\/www.europesays.com\/fr\/wp-json\/wp\/v2\/media?parent=520042"}],"wp:term":[{"taxonomy":"category","embeddable":true,"href":"https:\/\/www.europesays.com\/fr\/wp-json\/wp\/v2\/categories?post=520042"},{"taxonomy":"post_tag","embeddable":true,"href":"https:\/\/www.europesays.com\/fr\/wp-json\/wp\/v2\/tags?post=520042"}],"curies":[{"name":"wp","href":"https:\/\/api.w.org\/{rel}","templated":true}]}}