{"id":520044,"date":"2025-11-08T07:28:13","date_gmt":"2025-11-08T07:28:13","guid":{"rendered":"https:\/\/www.europesays.com\/fr\/520044\/"},"modified":"2025-11-08T07:28:13","modified_gmt":"2025-11-08T07:28:13","slug":"nolann-le-garrec-le-granit-breton-face-aux-megalithes-sud-africains","status":"publish","type":"post","link":"https:\/\/www.europesays.com\/fr\/520044\/","title":{"rendered":"Nolann Le\u00a0Garrec, le granit breton face aux m\u00e9galithes sud-africains"},"content":{"rendered":"<p>\n    Apr\u00e8s avoir relev\u00e9 le d\u00e9fi des All Blacks cet \u00e9t\u00e9, le jeune demi de m\u00eal\u00e9e de La Rochelle, pr\u00e9f\u00e9r\u00e9 \u00e0 Maxime Lucu, va devoir batailler face aux Springboks, redoutables devant et omnipr\u00e9sents dans les airs.<\/p>\n<p class=\"fig-paragraph\">Coup d\u2019acc\u00e9l\u00e9rateur.\u00a0<a href=\"http:\/\/www.lefigaro.fr\/sports\/rugby\/top-14\/top-14-en-video-les-premiers-mots-d-antoine-dupont-qui-prolonge-son-bail-au-stade-toulousain-jusqu-en-2031-20251101\" data-fig-type=\"NewsFlash\" data-gtm-custom-categorie=\"navigation\" data-gtm-custom-action=\"crossclick\" data-gtm-custom-label=\"Contextuel\" data-gtm-event=\"customEventSPE\" data-fig-domain=\"LEFIGARO\" target=\"_blank\" rel=\"noopener\">Antoine Dupont<\/a>\u00a0est absent apr\u00e8s sa grave blessure au genou.\u00a0<a href=\"http:\/\/www.lefigaro.fr\/sports\/rugby\/xv-de-france\/xv-de-france-les-springboks-sont-venus-nous-piquer-notre-coupe-du-monde-rappelle-maxime-lucu-20251030\" data-fig-type=\"NewsFlash\" data-gtm-custom-categorie=\"navigation\" data-gtm-custom-action=\"crossclick\" data-gtm-custom-label=\"Contextuel\" data-gtm-event=\"customEventSPE\" data-fig-domain=\"LEFIGARO\" target=\"_blank\" rel=\"noopener\">Maxime Lucu<\/a>\u00a0vient tout juste de reprendre la comp\u00e9tition, apr\u00e8s avoir \u00e9t\u00e9 touch\u00e9 au pouce. C\u2019est donc\u00a0<a href=\"http:\/\/www.lefigaro.fr\/sports\/rugby\/xv-de-france\/xv-de-france-nolann-le-garrec-un-leadership-a-assumer-contre-les-all-blacks-20250704\" data-fig-type=\"NewsFlash\" data-gtm-custom-categorie=\"navigation\" data-gtm-custom-action=\"crossclick\" data-gtm-custom-label=\"Contextuel\" data-gtm-event=\"customEventSPE\" data-fig-domain=\"LEFIGARO\" target=\"_blank\" rel=\"noopener\">Nolann Le\u00a0Garrec<\/a>, troisi\u00e8me dans la hi\u00e9rarchie des demis de m\u00eal\u00e9e en \u00e9quipe de France, qui cornaquera le pack tricolore, ce samedi, face aux doubles champions du monde sud-africains. Le staff des Bleus a choisi la continuit\u00e9 en titularisant le num\u00e9ro 9 de La Rochelle, qui avait \u00e9t\u00e9 convaincant (hormis le second test) cet \u00e9t\u00e9 chez les All Blacks.<\/p>\n<p class=\"fig-paragraph\">Une exp\u00e9rience qui a fait grandir le joueur de seulement 23 ans. \u00abJ\u2019ai eu la chance de pouvoir commencer trois matchs face aux Blacks chez eux (<a href=\"http:\/\/www.lefigaro.fr\/sports\/rugby\/xv-de-france\/le-carnet-de-notes-des-bleus-en-nouvelle-zelande-guillard-et-fischer-epatent-barre-et-colombe-en-perdition-20250720\" data-fig-type=\"NewsFlash\" data-gtm-custom-categorie=\"navigation\" data-gtm-custom-action=\"crossclick\" data-gtm-custom-label=\"Contextuel\" data-gtm-event=\"customEventSPE\" data-fig-domain=\"LEFIGARO\" target=\"_blank\" rel=\"noopener\">6,2 sa note moyenne selon Le Figaro<\/a>, NDLR). Une grosse exp\u00e9rience pour moi de vivre des rencontres de ce niveau dans ce contexte face \u00e0 une belle \u00e9quipe des All Blacks, a soulign\u00e9\u00a0<a href=\"http:\/\/www.lefigaro.fr\/sports\/rugby\/xv-de-france\/nouvelle-zelande-france-le-garrec-heroique-guillard-et-les-bleus-admirables-barre-en-plein-naufrage-les-tops-et-flops-20250719\" data-fig-type=\"NewsFlash\" data-gtm-custom-categorie=\"navigation\" data-gtm-custom-action=\"crossclick\" data-gtm-custom-label=\"Contextuel\" data-gtm-event=\"customEventSPE\" data-fig-domain=\"LEFIGARO\" target=\"_blank\" rel=\"noopener\">le num\u00e9ro 9 aux 13 s\u00e9lections<\/a>, cette semaine, en conf\u00e9rence de presse. J\u2019ai pu m\u2019exposer \u00e0 ce niveau plusieurs fois d\u2019affil\u00e9e et prendre beaucoup d\u2019exp\u00e9rience sur la gestion de nos temps forts, de nos temps faibles et des zones du terrain dans lesquelles on pouvait jouer ou de donner de l\u2019air \u00e0 nos avants. Des choses o\u00f9 je suis attendu \u00e0 mon poste. Cette tourn\u00e9e m\u2019a permis de prendre de la confiance et de continuer \u00e0 progresser\u00bb.<\/p>\n<p>                                    <a class=\"fig-a11y-skip a11y-hidden\" href=\"#fig-a11y-skip-main-inarticle\"><br \/>\n        Passer la publicit\u00e9<br \/>\n    <\/a><\/p>\n<p>25 minutes en commun en Bleu avec Romain Ntamack<\/p>\n<p class=\"fig-paragraph\">Si le natif de\u00a0<a href=\"http:\/\/www.lefigaro.fr\/sports\/rugby\/top-14-fierte-bretonne-ambiance-celtique-silence-de-cathedrale-la-ferveur-a-vannes-marque-les-esprits-20240909\" data-fig-type=\"NewsFlash\" data-gtm-custom-categorie=\"navigation\" data-gtm-custom-action=\"crossclick\" data-gtm-custom-label=\"Contextuel\" data-gtm-event=\"customEventSPE\" data-fig-domain=\"LEFIGARO\" target=\"_blank\" rel=\"noopener\">Vannes<\/a>\u00a0garde la t\u00eate froide, il sait que lui et le XV de France jouent gros face aux doubles champions du monde en titre. Mais le Breton, qui semble imperm\u00e9able \u00e0 la pression, y voit \u00abune d\u00e9couverte et un cap suppl\u00e9mentaire\u00bb dans sa progression lin\u00e9aire depuis ses d\u00e9buts professionnels avec\u00a0<a href=\"http:\/\/www.lefigaro.fr\/sports\/rugby\/top-14\/j-aimerais-qu-on-se-souvienne-de-moi-comme-d-un-joueur-qui-a-tout-donne-au-racing-92-les-confidences-de-nolann-le-garrec-au-figaro-20250418\" data-fig-type=\"Article\" data-gtm-custom-categorie=\"navigation\" data-gtm-custom-action=\"crossclick\" data-gtm-custom-label=\"Contextuel\" data-gtm-event=\"customEventSPE\" data-fig-domain=\"LEFIGARO\" target=\"_blank\" rel=\"noopener\">le Racing 92<\/a>\u00a0en 2020. \u00abTous les matchs internationaux sont de vrais tests, mais on re\u00e7oit les doubles champions du monde. Je n\u2019ai jamais eu la chance de jouer contre cette \u00e9quipe\u00bb, a-t-il sobrement expliqu\u00e9. Ces retrouvailles avec les Boks deux ans apr\u00e8s\u00a0<a href=\"http:\/\/www.lefigaro.fr\/sports\/rugby\/coupe-du-monde\/france-afrique-du-sud-les-coups-de-coeur-et-coups-de-griffe-de-nos-envoyes-speciaux-20231016\" data-fig-type=\"NewsFlash\" data-gtm-custom-categorie=\"navigation\" data-gtm-custom-action=\"crossclick\" data-gtm-custom-label=\"Contextuel\" data-gtm-event=\"customEventSPE\" data-fig-domain=\"LEFIGARO\" target=\"_blank\" rel=\"noopener\">la d\u00e9sillusion du dernier Mondial<\/a>\u00a0auront des allures de crash-test face \u00e0 l\u2019Afrique du Sud, impitoyable machine \u00e0 broyer et \u00e0 balader ses adversaires sous les ballons hauts de pression.<\/p>\n<p class=\"fig-paragraph\">Mais, ce samedi, le nouveau joueur de\u00a0<a href=\"http:\/\/www.lefigaro.fr\/sports\/rugby\/top-14\/top-14-nolann-la-garrec-va-rejoindre-la-rochelle-en-2025-20240813\" data-fig-type=\"NewsFlash\" data-gtm-custom-categorie=\"navigation\" data-gtm-custom-action=\"crossclick\" data-gtm-custom-label=\"Contextuel\" data-gtm-event=\"customEventSPE\" data-fig-domain=\"LEFIGARO\" target=\"_blank\" rel=\"noopener\">La Rochelle<\/a>\u00a0&#8211; qui a parfaitement r\u00e9ussi son int\u00e9gration chez les Maritimes &#8211; sera \u00e9paul\u00e9 par Romain Ntamack qui, enfin d\u00e9barrass\u00e9 de ses p\u00e9pins physiques, aura \u00e0 c\u0153ur de marquer les esprits. Pour la 15e charni\u00e8re de l\u2019\u00e8re Galthi\u00e9 et leur premi\u00e8re titularisation commune. Jusque-l\u00e0, ils n\u2019avaient jou\u00e9 ensemble que deux matches et 25 minutes en Bleu lors du dernier Tournoi des six nations\u00a0: 4 minutes face \u00e0 l\u2019\u00c9cosse et 21 autres contre le pays de Galles, avant que l\u2019ouvreur toulousain n\u2019\u00e9cope d\u2019un carton rouge pour plaquage dangereux.<\/p>\n<blockquote class=\"fig-quote&#10;    \">\n<p class=\"fig-quote__text\">Avec Romain Ntamack, on est plut\u00f4t align\u00e9 avec la m\u00eame vision du jeu. On essaye de vivre les choses pleinement et surtout de bien faire jouer notre \u00e9quipe<\/p>\n<p>            Nolann Le\u00a0Garrec\n    <\/p><\/blockquote>\n<p class=\"fig-paragraph\">\u00abC\u2019est plut\u00f4t agr\u00e9able de jouer avec Romain. On essaie de trouver des bonnes connexions ensemble mais aussi avec le reste de l\u2019\u00e9quipe, explique Nolann Le\u00a0Garrec. Notre r\u00f4le sera de bien faire jouer cette \u00e9quipe, on est plut\u00f4t align\u00e9 avec la m\u00eame vision du jeu. On essaye de vivre les choses pleinement et surtout de bien faire jouer notre \u00e9quipe.\u00bb Il lui faudra g\u00e9rer la pression constante qu\u2019imposent les Springboks, que ce soit dans les rucks ou dans les airs.\u00a0<a href=\"http:\/\/www.lefigaro.fr\/sports\/rugby\/xv-de-france\/la-meilleure-equipe-au-monde-qui-n-ait-jamais-existe-fabien-galthie-lance-le-choc-entre-le-xv-de-france-et-l-afrique-du-sud-20251106\" data-fig-type=\"NewsFlash\" data-gtm-custom-categorie=\"navigation\" data-gtm-custom-action=\"crossclick\" data-gtm-custom-label=\"Contextuel\" data-gtm-event=\"customEventSPE\" data-fig-domain=\"LEFIGARO\" target=\"_blank\" rel=\"noopener\">Fabien Galthi\u00e9<\/a>\u00a0a clairement d\u00e9taill\u00e9 ce qui attend son num\u00e9ro 9\u00a0: \u00abL\u2019Afrique du Sud, ce sont 15 chasseurs sur le terrain. Ils sont en chasse au sol et en l\u2019air. D\u00e8s lors, comment nous mettre en capacit\u00e9 de ne plus \u00eatre des chass\u00e9s mais de devenir des chasseurs\u00a0? L\u2019enjeu est l\u00e0.\u00bb Et Nolann Le\u00a0Garrec sera dans le c\u0153ur du r\u00e9acteur.<\/p>\n<p class=\"fig-paragraph\">Le match de samedi sera, aussi, l\u2019occasion pour lui de recroiser son ancien co\u00e9quipier au Racing 92, le capitaine sud-africain\u00a0<a href=\"http:\/\/www.lefigaro.fr\/sports\/rugby\/il-m-arrive-de-pleurer-quand-ce-n-est-pas-facile-les-confessions-de-siya-kolisi-capitaine-des-springboks-20240219\" data-fig-type=\"Article\" data-gtm-custom-categorie=\"navigation\" data-gtm-custom-action=\"crossclick\" data-gtm-custom-label=\"Contextuel\" data-gtm-event=\"customEventSPE\" data-fig-domain=\"LEFIGARO\" target=\"_blank\" rel=\"noopener\">Siya Kolisi<\/a>, dont le passage en France lors de la saison 2023-2024 n\u2019avait pas \u00e9t\u00e9 couronn\u00e9 de succ\u00e8s (18 matches, un essai). Et dont\u00a0<a href=\"http:\/\/www.lefigaro.fr\/sports\/rugby\/top-14\/top-14-l-international-sud-africain-siya-kolisi-quitte-le-racing-92-20240908\" data-fig-type=\"NewsFlash\" data-gtm-custom-categorie=\"navigation\" data-gtm-custom-action=\"crossclick\" data-gtm-custom-label=\"Contextuel\" data-gtm-event=\"customEventSPE\" data-fig-domain=\"LEFIGARO\" target=\"_blank\" rel=\"noopener\">le d\u00e9part avait fait couler beaucoup d\u2019encre<\/a>. \u00abSiya est un personnage particulier, c\u2019est quelqu\u2019un d\u2019authentique. L\u2019image qu\u2019on avait de lui derri\u00e8re les cam\u00e9ras, c\u2019est aussi l\u2019homme qu\u2019il est, confie-t-il. Il est g\u00e9n\u00e9reux et capable de se transformer pour les grands \u00e9v\u00e9nements.\u00bb Tout en se m\u00e9fiant du flanker qui, ce samedi, honorera sa 100e cape internationale\u00a0: \u00abIl aura \u00e0 c\u0153ur d\u2019\u00eatre performant. Son histoire au Racing 92 ne s\u2019est pas termin\u00e9e de la mani\u00e8re dont il aurait esp\u00e9r\u00e9 et \u00e0 la hauteur du joueur. Je pense qu\u2019il va essayer de mener son \u00e9quipe de la meilleure des fa\u00e7ons, comme il le fait souvent.\u00bb<\/p>\n","protected":false},"excerpt":{"rendered":"Apr\u00e8s avoir relev\u00e9 le d\u00e9fi des All Blacks cet \u00e9t\u00e9, le jeune demi de m\u00eal\u00e9e de La Rochelle,&hellip;\n","protected":false},"author":2,"featured_media":520045,"comment_status":"","ping_status":"","sticky":false,"template":"","format":"standard","meta":{"footnotes":""},"categories":[1416],"tags":[12116,1011,27,15351,479,1468,60,21067],"class_list":{"0":"post-520044","1":"post","2":"type-post","3":"status-publish","4":"format-standard","5":"has-post-thumbnail","7":"category-rugby","8":"tag-ffr","9":"tag-fr","10":"tag-france","11":"tag-nolann-le-garrec","12":"tag-rugby","13":"tag-rugby-football","14":"tag-sports","15":"tag-springboks"},"share_on_mastodon":{"url":"https:\/\/pubeurope.com\/@fr\/115512901901775255","error":""},"_links":{"self":[{"href":"https:\/\/www.europesays.com\/fr\/wp-json\/wp\/v2\/posts\/520044","targetHints":{"allow":["GET"]}}],"collection":[{"href":"https:\/\/www.europesays.com\/fr\/wp-json\/wp\/v2\/posts"}],"about":[{"href":"https:\/\/www.europesays.com\/fr\/wp-json\/wp\/v2\/types\/post"}],"author":[{"embeddable":true,"href":"https:\/\/www.europesays.com\/fr\/wp-json\/wp\/v2\/users\/2"}],"replies":[{"embeddable":true,"href":"https:\/\/www.europesays.com\/fr\/wp-json\/wp\/v2\/comments?post=520044"}],"version-history":[{"count":0,"href":"https:\/\/www.europesays.com\/fr\/wp-json\/wp\/v2\/posts\/520044\/revisions"}],"wp:featuredmedia":[{"embeddable":true,"href":"https:\/\/www.europesays.com\/fr\/wp-json\/wp\/v2\/media\/520045"}],"wp:attachment":[{"href":"https:\/\/www.europesays.com\/fr\/wp-json\/wp\/v2\/media?parent=520044"}],"wp:term":[{"taxonomy":"category","embeddable":true,"href":"https:\/\/www.europesays.com\/fr\/wp-json\/wp\/v2\/categories?post=520044"},{"taxonomy":"post_tag","embeddable":true,"href":"https:\/\/www.europesays.com\/fr\/wp-json\/wp\/v2\/tags?post=520044"}],"curies":[{"name":"wp","href":"https:\/\/api.w.org\/{rel}","templated":true}]}}