{"id":520046,"date":"2025-11-08T07:29:16","date_gmt":"2025-11-08T07:29:16","guid":{"rendered":"https:\/\/www.europesays.com\/fr\/520046\/"},"modified":"2025-11-08T07:29:16","modified_gmt":"2025-11-08T07:29:16","slug":"les-courts-de-tennis-exterieurs-de-saint-germain-du-puch-ont-ete-renoves","status":"publish","type":"post","link":"https:\/\/www.europesays.com\/fr\/520046\/","title":{"rendered":"les courts de tennis ext\u00e9rieurs de Saint-Germain-du-Puch ont \u00e9t\u00e9 r\u00e9nov\u00e9s"},"content":{"rendered":"<p>        <img decoding=\"async\" id=\"26634616\" src=\"https:\/\/www.europesays.com\/fr\/wp-content\/uploads\/2025\/11\/whatsapp-image-2025-11-01-at-12-40-07.jpeg\" alt=\"Deux nouveaux courts en dur, r\u00e9alis\u00e9s en r\u00e9sine, permettront d\u2019accueillir \u00e0 nouveau des rencontres de haut niveau.\" itemprop=\"contentURL\"\/><\/p>\n<p>    Deux nouveaux courts en dur, r\u00e9alis\u00e9s en r\u00e9sine, permettront d\u2019accueillir \u00e0 nouveau des rencontres de haut niveau.<\/p>\n<p>TC Saint-Germain-du-Puch<\/p>\n<p>    Surprise en sous-sol<\/p>\n<p>Le probl\u00e8me des anciens\u00a0? \u00ab\u00a0Ils ont \u00e9t\u00e9 r\u00e9alis\u00e9s dans les ann\u00e9es 1980, rappelle le maire Fran\u00e7ois Tosi. Ils ont \u00e9t\u00e9 victimes de la s\u00e9cheresse et sont devenus inaptes \u00e0 la pratique du sport de haut niveau.\u00a0\u00bb Des fissures de 5 \u00e0 8 millim\u00e8tres se sont form\u00e9es\u00a0indique le premier magistrat, constat effectu\u00e9 par la F\u00e9d\u00e9ration fran\u00e7aise de tennis en 2023. Le probl\u00e8me\u00a0? \u00ab\u00a0Nous devons avoir des courts ext\u00e9rieurs pour accueillir les comp\u00e9titions de ce niveau, indique Michel Faurie. Nous risquions de ne plus pouvoir accueillir les championnats de France.\u00a0\u00bb Une d\u00e9rogation a \u00e9t\u00e9 accord\u00e9e au club pour l\u2019an dernier. \u00ab\u00a0Cette ann\u00e9e, il nous aurait fallu aller jouer ailleurs, ce qui \u00e9tait probl\u00e9matique.\u00a0\u00bb<\/p>\n<p>    Sur le m\u00eame sujet<\/p>\n<p>                        <a href=\"https:\/\/www.sudouest.fr\/gironde\/libourne\/justice-un-hebergement-a-domicile-de-personnes-agees-juge-par-le-tribunal-de-libourne-26609210.php\" title=\"Justice\u00a0: un h\u00e9bergement \u00e0 domicile de personnes \u00e2g\u00e9es jug\u00e9 par le tribunal de Libourne\" target=\"_blank\" rel=\"noopener\"><br \/>\n                            <img decoding=\"async\" src=\"https:\/\/www.europesays.com\/fr\/wp-content\/uploads\/2025\/11\/vieillesse.jpg\" alt=\"Justice\u00a0: un h\u00e9bergement \u00e0 domicile de personnes \u00e2g\u00e9es jug\u00e9 par le tribunal de Libourne\"\/><br \/>\n                        <\/a><\/p>\n<p>                    <a href=\"https:\/\/www.sudouest.fr\/gironde\/libourne\/justice-un-hebergement-a-domicile-de-personnes-agees-juge-par-le-tribunal-de-libourne-26609210.php\" title=\"Justice\u00a0: un h\u00e9bergement \u00e0 domicile de personnes \u00e2g\u00e9es jug\u00e9 par le tribunal de Libourne\" target=\"_blank\" rel=\"noopener\"><\/p>\n<p>\n                            Justice\u00a0: un h\u00e9bergement \u00e0 domicile de personnes \u00e2g\u00e9es jug\u00e9 par le tribunal de Libourne\n                        <\/p>\n<p>                    <\/a><\/p>\n<p>\n                        Une septuag\u00e9naire qui h\u00e9bergeait des personnes \u00e2g\u00e9es dans sa maison de Saint-Germain-du-Puch a comparu ce mardi 4\u00a0novembre, accus\u00e9e de fonctionner sans les autorisations n\u00e9cessaires. Entre bienveillance envers les r\u00e9sidents et respect du cadre l\u00e9gal, l\u2019audience a mis en lumi\u00e8re les difficult\u00e9s li\u00e9es aux nouveaux modes de colocation senior. Le jugement a \u00e9t\u00e9 mis en d\u00e9lib\u00e9r\u00e9\n                    <\/p>\n<p>La municipalit\u00e9 n\u2019a pas pris ce risque. Des travaux pour de nouveaux terrains en dur, r\u00e9alis\u00e9s en r\u00e9sine, ont \u00e9t\u00e9 engag\u00e9s, command\u00e9s \u00e0 une entreprise sp\u00e9cialis\u00e9e. Le chantier a cependant \u00e9t\u00e9 retard\u00e9. \u00ab\u00a0Le sol argileux \u00e9tait instable, soupire Fran\u00e7ois Tosi. Il a fallu y rem\u00e9dier par une couche de 40\u00a0centim\u00e8tres d\u2019un m\u00e9lange chaux\u00a0\/\u00a0ciment.\u00a0Cela nous a occasionn\u00e9 42\u00a0000\u00a0euros de surco\u00fbt\u00a0!\u00a0\u00bb L\u2019\u00e9clairage a \u00e9galement \u00e9t\u00e9 repris en main, \u00ab\u00a0enti\u00e8rement r\u00e9alis\u00e9 en leds\u00a0\u00bb, homologu\u00e9 par la FFT pour la comp\u00e9tition.<\/p>\n<p>Le montage financier\u00a0? \u00ab\u00a0En partie sur fonds propre. Nous tablons sur 30\u00a0% de subventions dont une aide de la FFT. Et le club nous \u00e9paule. Nous avons r\u00e9alis\u00e9 un emprunt qui nous permet de boucler le budget mais aussi de r\u00e9aliser le r\u00e9am\u00e9nagement et l\u2019agrandissement de la biblioth\u00e8que, l\u2019acquisition d\u2019un immeuble et d\u2019anticiper des travaux de voirie.\u00a0\u00bb<\/p>\n<p>Objectif 2026<\/p>\n<p>Au-del\u00e0 du haut niveau, les \u00e9lus pensent aux jeunes, nombreux au sein du club. \u00ab\u00a0114 jeunes sur 253 adh\u00e9rents. Dont 46\u00a0% font partie de l\u2019\u00e9cole primaire.\u00a0\u00bb Une convention a \u00e9t\u00e9 sign\u00e9e avec le club \u00ab\u00a0pour une utilisation par le public saint-germanais, mais aussi avec les \u00e9coles primaires\u00a0\u00bb, les enfants pouvant ainsi s\u2019initier au tennis \u00ab\u00a0avec pr\u00eat de balles et de raquettes\u00a0\u00bb.<\/p>\n","protected":false},"excerpt":{"rendered":"Deux nouveaux courts en dur, r\u00e9alis\u00e9s en r\u00e9sine, permettront d\u2019accueillir \u00e0 nouveau des rencontres de haut niveau. TC&hellip;\n","protected":false},"author":2,"featured_media":520047,"comment_status":"","ping_status":"","sticky":false,"template":"","format":"standard","meta":{"footnotes":""},"categories":[1415],"tags":[1011,27,60,1467],"class_list":{"0":"post-520046","1":"post","2":"type-post","3":"status-publish","4":"format-standard","5":"has-post-thumbnail","7":"category-tennis","8":"tag-fr","9":"tag-france","10":"tag-sports","11":"tag-tennis"},"share_on_mastodon":{"url":"https:\/\/pubeurope.com\/@fr\/115512908408469140","error":""},"_links":{"self":[{"href":"https:\/\/www.europesays.com\/fr\/wp-json\/wp\/v2\/posts\/520046","targetHints":{"allow":["GET"]}}],"collection":[{"href":"https:\/\/www.europesays.com\/fr\/wp-json\/wp\/v2\/posts"}],"about":[{"href":"https:\/\/www.europesays.com\/fr\/wp-json\/wp\/v2\/types\/post"}],"author":[{"embeddable":true,"href":"https:\/\/www.europesays.com\/fr\/wp-json\/wp\/v2\/users\/2"}],"replies":[{"embeddable":true,"href":"https:\/\/www.europesays.com\/fr\/wp-json\/wp\/v2\/comments?post=520046"}],"version-history":[{"count":0,"href":"https:\/\/www.europesays.com\/fr\/wp-json\/wp\/v2\/posts\/520046\/revisions"}],"wp:featuredmedia":[{"embeddable":true,"href":"https:\/\/www.europesays.com\/fr\/wp-json\/wp\/v2\/media\/520047"}],"wp:attachment":[{"href":"https:\/\/www.europesays.com\/fr\/wp-json\/wp\/v2\/media?parent=520046"}],"wp:term":[{"taxonomy":"category","embeddable":true,"href":"https:\/\/www.europesays.com\/fr\/wp-json\/wp\/v2\/categories?post=520046"},{"taxonomy":"post_tag","embeddable":true,"href":"https:\/\/www.europesays.com\/fr\/wp-json\/wp\/v2\/tags?post=520046"}],"curies":[{"name":"wp","href":"https:\/\/api.w.org\/{rel}","templated":true}]}}