{"id":520048,"date":"2025-11-08T07:33:17","date_gmt":"2025-11-08T07:33:17","guid":{"rendered":"https:\/\/www.europesays.com\/fr\/520048\/"},"modified":"2025-11-08T07:33:17","modified_gmt":"2025-11-08T07:33:17","slug":"mickael-crispin-ca-fait-mal-a-la-tete-actualite","status":"publish","type":"post","link":"https:\/\/www.europesays.com\/fr\/520048\/","title":{"rendered":"Micka\u00ebl Crispin : \u00ab \u00c7a fait mal \u00e0 la t\u00eate \u00bb &#8211; Actualit\u00e9"},"content":{"rendered":"<p style=\"text-align: justify;\">Le Championnat d&rsquo;Europe d\u00e9bute ce week-end, \u00e0 Middelkerke. Et si ce n&rsquo;est pas une surprise de ne pas y retrouver <strong><a href=\"https:\/\/www.directvelo.com\/coureur\/12340\/mickael-crispin\" target=\"_blank\" rel=\"noopener\">Micka\u00ebl Crispin<\/a><\/strong>, l&rsquo;histoire aurait pu \u00eatre bien diff\u00e9rente dans d&rsquo;autres circonstances. Il y a six ans, en Italie, il y d\u00e9crochait alors l&rsquo;un de ses succ\u00e8s les plus m\u00e9morables, en devenant Champion d&rsquo;Europe Espoirs de cyclo-cross. La suite a \u00e9t\u00e9 un long chemin de croix qui ne lui a jamais permis de jouer les premiers r\u00f4les. \u00ab\u00a0Je repense forc\u00e9ment \u00e0 mes courses pass\u00e9es. Ce sont de bons souvenirs, de belles \u00e9motions. Mais je me dis que je ne vais plus revivre des \u00e9motions comme \u00e7a. C&rsquo;est pourtant \u00e7a qui me tient aujourd&rsquo;hui, mais \u00e7a fait mal \u00e0 la t\u00eate\u00a0\u00bb, raconte-t-il.<\/p>\n<p>Pass\u00e9 alors au Cross Team Legendre, les conditions n&rsquo;ont pas \u00e9t\u00e9 \u00e9videntes avec les difficult\u00e9s de l&rsquo;\u00e9quipe, et tout a chang\u00e9 pour celui qui est d\u00e9sormais \u00e2g\u00e9 de 27 ans. \u00ab\u00a0J&rsquo;aurais voulu que \u00e7a dure plus longtemps, comme \u00e7a aurait d\u00fb durer. La bascule est venue du fait de ne plus vivre du v\u00e9lo, il fallait trouver un travail\u00a0\u00bb. Chose faite aujourd&rsquo;hui. \u00ab\u00a0Je fais des prestations de services. Je fais un peu de tout pour les particuliers, r\u00e9novation de maison, tout \u00e7a\u00a0\u00bb. Pourtant il est encore sur le v\u00e9lo quand le temps le lui permet, comme dimanche dernier, o\u00f9 il a pris le d\u00e9part de l&rsquo;\u00e9preuve UCI de Langres. \u00ab\u00a0Ce n&rsquo;\u00e9tait pas ma meilleure course. C&rsquo;est un peu dommage de sortir sur un probl\u00e8me m\u00e9canique, c&rsquo;est arriv\u00e9 un peu t\u00f4t en plus. Mais \u00e7a reste encore le d\u00e9but de saison\u00a0\u00bb.<\/p>\n<p><strong>\u00ab C&rsquo;EST IRR\u00c9ALISABLE \u00bb<\/strong><\/p>\n<p>D\u00e9sormais membre de Bruvo Dukla Bratislava, Micka\u00ebl Crispin entretient un lien \u00e9troit avec la Slovaquie, puisque sa femme est originaire de ce pays. \u00ab\u00a0Son fr\u00e8re fait partie de l&rsquo;\u00e9quipe. Du coup \u00e7a s&rsquo;est fait un peu comme \u00e7a\u00a0\u00bb. N\u00e9anmoins, il vit toujours en France, du c\u00f4t\u00e9 de M\u00e9lisey. \u00ab\u00a0Je suis un peu entre deux. Il y a la vie pro et le v\u00e9lo. Il faut que je trouve quelque chose \u00e0 faire apr\u00e8s ma carri\u00e8re donc je navigue entre deux\u00a0\u00bb. S&rsquo;il est bien loin du niveau qu&rsquo;il aurait pu avoir avec une meilleure trajectoire, la passion l&rsquo;anime toujours. \u00ab\u00a0C&rsquo;est ce qui me fait continuer, mais d&rsquo;un c\u00f4t\u00e9, \u00e7a reste quand m\u00eame difficile de jouer les premiers r\u00f4les. Donc c&rsquo;est bien sans \u00eatre bien&#8230; Car \u00e7a fait mal au mental\u00a0\u00bb, admet-il.<\/p>\n<p>Il le conc\u00e8de, il va falloir du temps pour retrouver de bonnes sensations. \u00ab\u00a0\u00c0 mon avis, je n&rsquo;aurai pas de forme en d\u00e9but de saison. Parce que maintenant, je travaille quand m\u00eame beaucoup \u00e0 c\u00f4t\u00e9, car je suis \u00e0 mon compte, je ne vis plus du v\u00e9lo, insiste-t-il. J&rsquo;ai la famille en plus, avec la petite qui est arriv\u00e9e il y a un an et demi, donc il y a un peu plus de responsabilit\u00e9s\u00a0\u00bb. Micka\u00ebl Crispin aura donc besoin d&rsquo;un concours de circonstances. \u00ab\u00a0J&rsquo;ai encore des petits objectifs, mais on va dire que c&rsquo;est irr\u00e9alisable. Mais c&rsquo;est un peu ce qui me tient car c&rsquo;est compliqu\u00e9. J&rsquo;ai de tr\u00e8s bons souvenirs en Coupe de France, il y a \u00e9norm\u00e9ment de public, ce sont de belles courses. Mais je n&rsquo;ai pas le niveau pour y aller\u00a0\u00bb. Le meilleur est sans doute derri\u00e8re lui, mais il a eu le m\u00e9rite d&rsquo;exister.<\/p>\n","protected":false},"excerpt":{"rendered":"Le Championnat d&rsquo;Europe d\u00e9bute ce week-end, \u00e0 Middelkerke. Et si ce n&rsquo;est pas une surprise de ne pas&hellip;\n","protected":false},"author":2,"featured_media":520049,"comment_status":"","ping_status":"","sticky":false,"template":"","format":"standard","meta":{"footnotes":""},"categories":[1411],"tags":[834,828,836,829,837,827,83,826,824,823,1154,207,814,817,815,816,822,821,832,211,839,1011,27,820,818,819,835,831,830,833,838,60,212,208,825],"class_list":{"0":"post-520048","1":"post","2":"type-post","3":"status-publish","4":"format-standard","5":"has-post-thumbnail","7":"category-cyclisme","8":"tag-attaque","9":"tag-belgique","10":"tag-braquet","11":"tag-bretagne","12":"tag-chute","13":"tag-competition","14":"tag-coupe-de-france","15":"tag-coureur","16":"tag-course-cyclisme","17":"tag-course-cycliste","18":"tag-cycling","19":"tag-cyclisme","20":"tag-direct","21":"tag-direct-velo","22":"tag-directvelo","23":"tag-directvelo-com","24":"tag-epreuve","25":"tag-epreuve-cycliste","26":"tag-federation-francaise-de-cyclisme","27":"tag-ffc","28":"tag-flandres","29":"tag-fr","30":"tag-france","31":"tag-live","32":"tag-live-course","33":"tag-live-epreuve","34":"tag-peloton","35":"tag-radio-peloton","36":"tag-radio-tour","37":"tag-ravitaillement","38":"tag-relance","39":"tag-sports","40":"tag-uci","41":"tag-velo","42":"tag-velos"},"share_on_mastodon":{"url":"https:\/\/pubeurope.com\/@fr\/115512921602060331","error":""},"_links":{"self":[{"href":"https:\/\/www.europesays.com\/fr\/wp-json\/wp\/v2\/posts\/520048","targetHints":{"allow":["GET"]}}],"collection":[{"href":"https:\/\/www.europesays.com\/fr\/wp-json\/wp\/v2\/posts"}],"about":[{"href":"https:\/\/www.europesays.com\/fr\/wp-json\/wp\/v2\/types\/post"}],"author":[{"embeddable":true,"href":"https:\/\/www.europesays.com\/fr\/wp-json\/wp\/v2\/users\/2"}],"replies":[{"embeddable":true,"href":"https:\/\/www.europesays.com\/fr\/wp-json\/wp\/v2\/comments?post=520048"}],"version-history":[{"count":0,"href":"https:\/\/www.europesays.com\/fr\/wp-json\/wp\/v2\/posts\/520048\/revisions"}],"wp:featuredmedia":[{"embeddable":true,"href":"https:\/\/www.europesays.com\/fr\/wp-json\/wp\/v2\/media\/520049"}],"wp:attachment":[{"href":"https:\/\/www.europesays.com\/fr\/wp-json\/wp\/v2\/media?parent=520048"}],"wp:term":[{"taxonomy":"category","embeddable":true,"href":"https:\/\/www.europesays.com\/fr\/wp-json\/wp\/v2\/categories?post=520048"},{"taxonomy":"post_tag","embeddable":true,"href":"https:\/\/www.europesays.com\/fr\/wp-json\/wp\/v2\/tags?post=520048"}],"curies":[{"name":"wp","href":"https:\/\/api.w.org\/{rel}","templated":true}]}}