{"id":520058,"date":"2025-11-08T07:41:40","date_gmt":"2025-11-08T07:41:40","guid":{"rendered":"https:\/\/www.europesays.com\/fr\/520058\/"},"modified":"2025-11-08T07:41:40","modified_gmt":"2025-11-08T07:41:40","slug":"ce-jeune-artiste-de-pornic-lance-son-premier-ep-pres-de-nantes","status":"publish","type":"post","link":"https:\/\/www.europesays.com\/fr\/520058\/","title":{"rendered":"ce jeune artiste de Pornic lance son premier EP pr\u00e8s de Nantes"},"content":{"rendered":"<p>            Par<br \/>\n        <strong><br \/>\n            <a href=\"https:\/\/actu.fr\/auteur\/herve-pinson\" title=\"Consulter tous les articles de Herv\u00e9 Pinson\" target=\"_blank\" rel=\"noopener\">Herv\u00e9 Pinson<\/a><br \/>\n        <\/strong><\/p>\n<p>        Publi\u00e9 le<\/p>\n<p>            7 nov. 2025 \u00e0 18h20        <\/p>\n<p>Le talent n\u2019attend pas le nombre des ann\u00e9es. <b>Guillaume Journey<\/b>, auteur-compositeur-interpr\u00e8te de 21\u00a0ans, de <a href=\"https:\/\/actu.fr\/pays-de-la-loire\/pornic_44131\" target=\"_blank\" rel=\"noopener\">Pornic<\/a>, (Loire-Atlantique), tiendra sa toute premi\u00e8re sc\u00e8ne en t\u00eate d\u2019affiche \u00e0 l\u2019occasion de la \u00ab\u2009release party\u2009\u00bb de son EP inaugural.<\/p>\n<p class=\" wall-content\">L\u2019\u00e9v\u00e9nement se d\u00e9roulera \u00e0 <b>La Barakason<\/b>, \u00e0 <a href=\"https:\/\/actu.fr\/pays-de-la-loire\/reze_44143\" target=\"_blank\" rel=\"noopener\">Rez\u00e9<\/a> au sud de Nantes, le <b>vendredi 14 novembre 2025<\/b> \u00e0 20\u2009h\u200930, et marque l\u2019aboutissement d\u2019un travail acharn\u00e9 pour l\u2019artiste qui a commenc\u00e9 la musique \u00e0 Scenissimo, \u00e9cole du spectacle \u00e0 Pornic.<\/p>\n<p class=\" wall-content\">L\u2019EP, enti\u00e8rement produit par <b>Otta<\/b>\u00a0(connu pour son travail avec Slimane, Kimberose et Klem), se veut un manifeste de sinc\u00e9rit\u00e9.<\/p>\n<p class=\" wall-content\">Guillaume Journey (de son vrai nom Guillaume Mocquard) a une vision claire de sa mission artistique\u2009: \u00ab\u2009Je repars de chacun de mes concerts en ayant laiss\u00e9 une partie de moi au public. L\u2019objectif, c\u2019est de <b>toucher les c\u0153urs<\/b>\u2009\u00bb.<\/p>\n<p>Pop moderne et histoires vraies<\/p>\n<p class=\" wall-content\">L\u2019univers de Guillaume Journey se distingue par un m\u00e9lange de <b>m\u00e9lodies pop<\/b> accrocheuses et de textes d\u2019une \u00ab\u2009sinc\u00e9rit\u00e9 d\u00e9sarmante\u2009\u00bb.<\/p>\n<p>Vid\u00e9os : en ce moment sur Actu<\/p>\n<p class=\" wall-content\">Le jeune homme, qui a d\u00e9but\u00e9 s\u00e9rieusement la musique durant le confinement avant de se produire dans la rue sur le port de Pornic, affirme vouloir \u00eatre \u00ab\u2009sans filtre, naturel et humain\u2009\u00bb.<\/p>\n<p class=\" wall-content\">L\u2019EP, <b>qui sortira officiellement \u00e0 minuit<\/b> le 14\u00a0novembre, est une collection de sept titres qui explorent \u00ab\u2009les contrastes de l\u2019\u00e2me humaine, entre espoir et fragilit\u00e9\u2009\u00bb.<\/p>\n<p>Votre r\u00e9gion, votre actu !<\/p>\n<p>Recevez chaque jour les infos qui comptent pour vous.<\/p>\n<p>\t<a href=\"https:\/\/actu.fr\/newsletter\" class=\"ac-btn ac-btn--corner ac-btn--medium ac-btn--blue800\" target=\"_blank\" rel=\"noopener\">S&rsquo;incrire<\/a><\/p>\n<p class=\" wall-content\">L\u2019artiste confie avoir cherch\u00e9 \u00e0 cr\u00e9er \u00ab\u2009un disque <b>qui parle \u00e0 chacun<\/b>, un EP qui accompagne autant qu\u2019il bouscule\u2009\u00bb.<\/p>\n<p class=\" wall-content\">Chaque chanson est con\u00e7ue pour \u00ab\u2009raconter une histoire \u00e0 chaque fois\u2009\u00bb. Parmi ces r\u00e9cits, on trouve des th\u00e8mes universels et personnels.<\/p>\n<p class=\" wall-content\">Le titre 18\u00a0ans, par exemple, est particuli\u00e8rement significatif. L\u2019artiste, qui a tourn\u00e9 le <a href=\"https:\/\/www.youtube.com\/watch?v=EEfU4nDVn_o\" target=\"_blank\" rel=\"noopener\">clip au mus\u00e9e des Beaux-Arts de Nantes<\/a>, explique\u2009: \u00ab\u2009Ce single, je l\u2019ai \u00e9crit \u00e0 18\u00a0ans. C\u2019est le plus important pour moi parmi ce que j\u2019ai d\u00e9j\u00e0 sorti, cette chanson m\u2019a aid\u00e9e lorsque je l\u2019ai \u00e9crite\u2009\u00bb.<\/p>\n<p class=\" wall-content\">Ce morceau aborde les difficult\u00e9s de la transition \u00e0 l\u2019\u00e2ge adulte, inspir\u00e9 par les exp\u00e9riences de ses proches\u2009: <b>\u00ab\u2009<\/b>Certains ont perdu pied, j\u2019ai voulu les repr\u00e9senter\u2009\u00bb. Un autre titre, Feel free, \u00e9voque le voyage.<\/p>\n<p class=\" wall-content\">\n<p>Avec des \u00e9l\u00e8ves de l\u2019\u00e9cole Feel Free<\/p>\n<p class=\" wall-content\">Le concert du 14\u00a0novembre sera un \u00e9v\u00e9nement d\u2019une heure et demie, incluant notamment tous les titres de l\u2019EP. L\u2019accompagnement sera assur\u00e9 par ses musiciens habituels (pianiste et guitariste) qui l\u2019ont suivi durant l\u2019\u00e9t\u00e9, rejoints pour la premi\u00e8re fois par un batteur.<\/p>\n<p class=\" wall-content\">Cette date, qui va <b>\u00ab\u2009conclure la grosse boucle de 2025\u2009\u00bb<\/b>, est \u00e9galement l\u2019occasion pour l\u2019artiste de mettre en avant la sc\u00e8ne locale et ses \u00e9l\u00e8ves. Quelques-uns se produiront au bar, avant et apr\u00e8s le spectacle.<\/p>\n<p class=\" wall-content\">En premi\u00e8re partie, le public d\u00e9couvrira <b>E majeur<\/b>, une artiste nantaise de pop fran\u00e7aise. De plus, pour cr\u00e9er une <b>\u00ab\u2009petite ambiance cocktail\u2009\u00bb<\/b>, quatre \u00e9l\u00e8ves de <a href=\"https:\/\/www.feel-free.fr\/\" target=\"_blank\" rel=\"noopener\">Feel Free<\/a>, l\u2019\u00e9cole de spectacle pornicaise, feront de courts sets dans l\u2019espace bar avant et apr\u00e8s le spectacle. \u00ab\u2009L\u2019intro du concert a \u00e9t\u00e9 enregistr\u00e9e par deux \u00e9l\u00e8ves de th\u00e9\u00e2tre de l\u2019association.\u2009\u00bb<\/p>\n<p class=\" wall-content\">La suite\u2009? Guillaume Journey a d\u00e9j\u00e0 pr\u00e9u de se produire \u00e0 Paris en janvier\u00a02026 pour deux dates.<\/p>\n<p>R\u00e9servation pour le concert de Rez\u00e9 sur <a href=\"https:\/\/www.billetweb.fr\/release-party-barakason-guillaume-journey\" target=\"_blank\" rel=\"noopener\">Billetweb ici<\/a>.<\/p>\n<p class=\" wall-content\">Personnalisez votre actualit\u00e9 en ajoutant vos villes et m\u00e9dias en favori avec <a href=\"https:\/\/moncompte.actu.fr\" title=\"D\u00e9couvez Mon Actu\" rel=\"nofollow noopener\" data-trk=\"{&quot;cta&quot;:{&quot;action&quot;:&quot;https:\\\/\\\/moncompte.actu.fr&quot;,&quot;category&quot;:&quot;mon compte&quot;,&quot;from&quot;:&quot;article footer&quot;,&quot;name&quot;:&quot;Mon actu&quot;,&quot;type&quot;:&quot;cta&quot;}}\" target=\"_blank\">Mon Actu<\/a>.<\/p>\n","protected":false},"excerpt":{"rendered":"Par Herv\u00e9 Pinson Publi\u00e9 le 7 nov. 2025 \u00e0 18h20 Le talent n\u2019attend pas le nombre des ann\u00e9es.&hellip;\n","protected":false},"author":2,"featured_media":520059,"comment_status":"","ping_status":"","sticky":false,"template":"","format":"standard","meta":{"footnotes":""},"categories":[1355],"tags":[1697,58,59,1011,27,1652,1361,873],"class_list":{"0":"post-520058","1":"post","2":"type-post","3":"status-publish","4":"format-standard","5":"has-post-thumbnail","7":"category-musique","8":"tag-concert","9":"tag-divertissement","10":"tag-entertainment","11":"tag-fr","12":"tag-france","13":"tag-loisirs-culture","14":"tag-music","15":"tag-musique"},"share_on_mastodon":{"url":"https:\/\/pubeurope.com\/@fr\/115512952969751943","error":""},"_links":{"self":[{"href":"https:\/\/www.europesays.com\/fr\/wp-json\/wp\/v2\/posts\/520058","targetHints":{"allow":["GET"]}}],"collection":[{"href":"https:\/\/www.europesays.com\/fr\/wp-json\/wp\/v2\/posts"}],"about":[{"href":"https:\/\/www.europesays.com\/fr\/wp-json\/wp\/v2\/types\/post"}],"author":[{"embeddable":true,"href":"https:\/\/www.europesays.com\/fr\/wp-json\/wp\/v2\/users\/2"}],"replies":[{"embeddable":true,"href":"https:\/\/www.europesays.com\/fr\/wp-json\/wp\/v2\/comments?post=520058"}],"version-history":[{"count":0,"href":"https:\/\/www.europesays.com\/fr\/wp-json\/wp\/v2\/posts\/520058\/revisions"}],"wp:featuredmedia":[{"embeddable":true,"href":"https:\/\/www.europesays.com\/fr\/wp-json\/wp\/v2\/media\/520059"}],"wp:attachment":[{"href":"https:\/\/www.europesays.com\/fr\/wp-json\/wp\/v2\/media?parent=520058"}],"wp:term":[{"taxonomy":"category","embeddable":true,"href":"https:\/\/www.europesays.com\/fr\/wp-json\/wp\/v2\/categories?post=520058"},{"taxonomy":"post_tag","embeddable":true,"href":"https:\/\/www.europesays.com\/fr\/wp-json\/wp\/v2\/tags?post=520058"}],"curies":[{"name":"wp","href":"https:\/\/api.w.org\/{rel}","templated":true}]}}