{"id":520065,"date":"2025-11-08T07:45:18","date_gmt":"2025-11-08T07:45:18","guid":{"rendered":"https:\/\/www.europesays.com\/fr\/520065\/"},"modified":"2025-11-08T07:45:18","modified_gmt":"2025-11-08T07:45:18","slug":"elle-tetanise-la-concurrence-a-star-is-born-cette-candidate-fait-lunanimite-sur-le-prime","status":"publish","type":"post","link":"https:\/\/www.europesays.com\/fr\/520065\/","title":{"rendered":"\u00ab\u00a0Elle t\u00e9tanise la concurrence\u00a0\u00bb, \u00ab\u00a0a star is born\u00a0\u00bb, cette candidate fait l\u2019unanimit\u00e9 sur le prime"},"content":{"rendered":"<p>Alors qu\u2019elle avait d\u00e9j\u00e0 triomph\u00e9 lors du battle du Top 3 de la Star Academy 2025 avec J\u2019avoue de Linh la semaine derni\u00e8re, d\u00e9crochant ainsi l\u2019immunit\u00e9, Ambre a une nouvelle fois prouv\u00e9 qu\u2019on pouvait compter sur elle pour faire le show en prime sur <a href=\"https:\/\/www.20minutes.fr\/dossier\/tf1\" class=\"c-link c-link--is-underlined\" target=\"_blank\" rel=\"noopener\">TF1<\/a>. Celle qui a eu la chance de chanter aux <a href=\"https:\/\/www.20minutes.fr\/dossier\/nrj_music_awards\" class=\"c-link c-link--is-underlined\" target=\"_blank\" rel=\"noopener\">NRJ Music Awards<\/a> aux c\u00f4t\u00e9s de Kendji est parvenue \u00e0 sublimer l\u2019ouverture du prime de ce vendredi 7\u00a0novembre avec le titre What\u2019s Up de 4 Non Blondes.<\/p>\n<blockquote class=\"twitter-tweet\" align=\"center\" data-lang=\"fr_FR\">\n<p lang=\"fr\" dir=\"ltr\">Quand on me demandera un top 10 de cette fin de saison, cette performance y aura une place, c\u2019est certain.<\/p>\n<p>Jamais un prime de cette \u00e9mission n\u2019avait \u00e9t\u00e9 ouvert avec quelque chose de ce niveau.<\/p>\n<p>Ambre a t\u00e9tanis\u00e9 la concurrence.<a href=\"https:\/\/twitter.com\/hashtag\/StarAcademy?src=hash&amp;ref_src=twsrc%5Etfw\" target=\"_blank\" rel=\"noopener\">#StarAcademy<\/a><a href=\"https:\/\/t.co\/d11wMq2QJm\">pic.twitter.com\/d11wMq2QJm<\/a><\/p>\n<p>\u2014 Carey Mahoney (@Merlinozo) <a href=\"https:\/\/twitter.com\/Merlinozo\/status\/1986896851199524903?ref_src=twsrc%5Etfw\" target=\"_blank\" rel=\"noopener\">November 7, 2025<\/a><\/p><\/blockquote>\n<p class=\"mb-xxl@xs color-ultramarine font-weight-semi-bold@xs font-source-serif-pro heading-s@xs\">L\u2019acc\u00e8s \u00e0 ce contenu a \u00e9t\u00e9 bloqu\u00e9 afin de respecter votre choix de consentement<\/p>\n<p class=\"mb-m@xs text-l@xs\">En cliquant sur\u00ab J\u2019accepte \u00bb, vous acceptez le d\u00e9p\u00f4t de cookies par des services externes et aurez ainsi acc\u00e8s aux contenus de nos partenaires.<\/p>\n<p class=\"mb-xl@xs text-s@xs\">Plus d\u2019informations sur la page<a href=\"https:\/\/www.20minutes.fr\/gestion-cookies\" class=\"mx-xxs@xs color-ultramarine\" target=\"_blank\" rel=\"noopener\">Politique de gestion des cookies<\/a><\/p>\n<p>J\u2019accepteQuand on me demandera un top 10 de cette fin de saison, cette performance y aura une place, c\u2019est certain.Jamais un prime de cette \u00e9mission n\u2019avait \u00e9t\u00e9 ouvert avec quelque chose de ce niveau.Ambre a t\u00e9tanis\u00e9 la concurrence.#StarAcademypic.twitter.com\/d11wMq2QJm\u2014 Carey Mahoney (@Merlinozo) November 7, 2025Les internautes dithyrambiques apr\u00e8s la prestation d\u2019Ambre<\/p>\n<p>\u00ab\u00a0Faut se taire et applaudir\u00a0\u00bb, \u00ab\u00a0C\u2019\u00e9tait m\u00eame au-dessus d\u2019un niveau de finale\u00a0\u00bb ou encore \u00ab\u00a0On est en finale la v\u00e9rit\u00e9\u00a0\u00bb\u2026 Sur la Toile, les commentaires positifs concernant la prestation d\u2019Ambre n\u2019ont pas manqu\u00e9. Elle est \u00e9galement repartie avec le coup de c\u0153ur de Jonathan, le prof de danse.<\/p>\n<p>D\u00e9j\u00e0 immunis\u00e9e, la benjamine de l\u2019\u00e9mission (elle a 18 ans) a aid\u00e9 son \u00e9quipe toute la semaine et assur\u00e9 en ouverture du prime time. M\u00eame si elle a termin\u00e9 le programme en pleurs apr\u00e8s l\u2019\u00e9limination de Noah, Ambre sera contente de se r\u00e9veiller pr\u00e8s de M\u00e9lissa, sauv\u00e9e in extremis par les \u00e9l\u00e8ves apr\u00e8s avoir interpr\u00e9t\u00e9 Formidable de <a href=\"https:\/\/www.20minutes.fr\/dossier\/stromae\" class=\"c-link c-link--is-underlined\" target=\"_blank\" rel=\"noopener\">Stromae<\/a>, en sanglots.<\/p>\n<p><script async src=\"https:\/\/platform.twitter.com\/widgets.js\" charset=\"utf-8\"><\/script><\/p>\n","protected":false},"excerpt":{"rendered":"Alors qu\u2019elle avait d\u00e9j\u00e0 triomph\u00e9 lors du battle du Top 3 de la Star Academy 2025 avec J\u2019avoue&hellip;\n","protected":false},"author":2,"featured_media":520066,"comment_status":"","ping_status":"","sticky":false,"template":"","format":"standard","meta":{"footnotes":""},"categories":[8],"tags":[58,59,1011,27,10827,5095,252,199],"class_list":{"0":"post-520065","1":"post","2":"type-post","3":"status-publish","4":"format-standard","5":"has-post-thumbnail","7":"category-divertissement","8":"tag-divertissement","9":"tag-entertainment","10":"tag-fr","11":"tag-france","12":"tag-nikos-aliagas","13":"tag-star-academy","14":"tag-television","15":"tag-tf1"},"share_on_mastodon":{"url":"https:\/\/pubeurope.com\/@fr\/115512968669313170","error":""},"_links":{"self":[{"href":"https:\/\/www.europesays.com\/fr\/wp-json\/wp\/v2\/posts\/520065","targetHints":{"allow":["GET"]}}],"collection":[{"href":"https:\/\/www.europesays.com\/fr\/wp-json\/wp\/v2\/posts"}],"about":[{"href":"https:\/\/www.europesays.com\/fr\/wp-json\/wp\/v2\/types\/post"}],"author":[{"embeddable":true,"href":"https:\/\/www.europesays.com\/fr\/wp-json\/wp\/v2\/users\/2"}],"replies":[{"embeddable":true,"href":"https:\/\/www.europesays.com\/fr\/wp-json\/wp\/v2\/comments?post=520065"}],"version-history":[{"count":0,"href":"https:\/\/www.europesays.com\/fr\/wp-json\/wp\/v2\/posts\/520065\/revisions"}],"wp:featuredmedia":[{"embeddable":true,"href":"https:\/\/www.europesays.com\/fr\/wp-json\/wp\/v2\/media\/520066"}],"wp:attachment":[{"href":"https:\/\/www.europesays.com\/fr\/wp-json\/wp\/v2\/media?parent=520065"}],"wp:term":[{"taxonomy":"category","embeddable":true,"href":"https:\/\/www.europesays.com\/fr\/wp-json\/wp\/v2\/categories?post=520065"},{"taxonomy":"post_tag","embeddable":true,"href":"https:\/\/www.europesays.com\/fr\/wp-json\/wp\/v2\/tags?post=520065"}],"curies":[{"name":"wp","href":"https:\/\/api.w.org\/{rel}","templated":true}]}}