{"id":520093,"date":"2025-11-08T08:08:49","date_gmt":"2025-11-08T08:08:49","guid":{"rendered":"https:\/\/www.europesays.com\/fr\/520093\/"},"modified":"2025-11-08T08:08:49","modified_gmt":"2025-11-08T08:08:49","slug":"un-adolescent-embarque-dans-une-voiture-puis-passe-a-tabac","status":"publish","type":"post","link":"https:\/\/www.europesays.com\/fr\/520093\/","title":{"rendered":"un adolescent embarqu\u00e9 dans une voiture puis pass\u00e9 \u00e0 tabac"},"content":{"rendered":"<p>\n\t\t\t\t\t\t\t\t\t\t\t\t\t05 Novembre 2025\n\t\t\t\t\t\t\t\t\t\t\t\t<\/p>\n<p>\t\t\t\t\t\t\t\t\t\t\t<img decoding=\"async\" src=\"https:\/\/www.europesays.com\/fr\/wp-content\/uploads\/2025\/11\/1280x720_grenoble-un-adolescent-embarque-dans-une-voiture-puis-passe-a-tabac_690aea20b13de.jpg\" alt=\"Grenoble : un adolescent embarqu\u00e9 dans une voiture puis pass\u00e9 \u00e0 tabac\" title=\"Grenoble : un adolescent embarqu\u00e9 dans une voiture puis pass\u00e9 \u00e0 tabac\" width=\"1280\" height=\"720\" class=\"img-fluid  mb-3\" loading=\"lazy\"\/>\t\t\t\t\t\t\t\t\t\t\t\t<\/p>\n<p>Grenoble : un adolescent embarqu\u00e9 dans une voiture puis pass\u00e9 \u00e0 tabac &#8211; DR<\/p>\n<p itemprop=\"description\"><strong>Ce mardi apr\u00e8s-midi, une sc\u00e8ne tr\u00e8s violente s&rsquo;est d\u00e9roul\u00e9e \u00e0 Grenoble.<\/strong><\/p>\n<p>Un adolescent \u00e2g\u00e9 de 14 ans aurait d&rsquo;abord \u00e9t\u00e9 interpell\u00e9 rue L\u00e9on-Jouhaux par un groupe d&rsquo;individus circulant \u00e0 bord d&rsquo;une voiture. Certains d&rsquo;entre eux seraient alors sortis pour le forcer \u00e0 monter avec eux. Puis arriv\u00e9s rue Hoche, ils l&rsquo;ont fait descendre pour le passer \u00e0 tabac.<\/p>\n<p>Une enqu\u00eate a \u00e9t\u00e9 ouverte pour les retrouver. On ignore s&rsquo;il s&rsquo;agit d&rsquo;une agression gratuite ou si les suspects connaissaient leur victime.<\/p>\n","protected":false},"excerpt":{"rendered":"05 Novembre 2025 Grenoble : un adolescent embarqu\u00e9 dans une voiture puis pass\u00e9 \u00e0 tabac &#8211; DR Ce&hellip;\n","protected":false},"author":2,"featured_media":520094,"comment_status":"","ping_status":"","sticky":false,"template":"","format":"standard","meta":{"footnotes":""},"categories":[9566],"tags":[1111,11,7733,8279,2430,7736,650,7734,2889,2263,1777,674,1011,27,2731,8280,6417,1114,108,4662,12,3725,1825,25,7737],"class_list":{"0":"post-520093","1":"post","2":"type-post","3":"status-publish","4":"format-standard","5":"has-post-thumbnail","7":"category-grenoble","8":"tag-actu","9":"tag-actualites","10":"tag-alpes","11":"tag-alpes1","12":"tag-auvergne-rhone-alpes","13":"tag-cds","14":"tag-cinema","15":"tag-ecoute","16":"tag-emission","17":"tag-equipe","18":"tag-eu","19":"tag-europe","20":"tag-fr","21":"tag-france","22":"tag-grenoble","23":"tag-haute","24":"tag-information","25":"tag-infos","26":"tag-isere","27":"tag-journal","28":"tag-news","29":"tag-podcast","30":"tag-radio","31":"tag-republique-francaise","32":"tag-winamp"},"share_on_mastodon":{"url":"https:\/\/pubeurope.com\/@fr\/115513063672896465","error":""},"_links":{"self":[{"href":"https:\/\/www.europesays.com\/fr\/wp-json\/wp\/v2\/posts\/520093","targetHints":{"allow":["GET"]}}],"collection":[{"href":"https:\/\/www.europesays.com\/fr\/wp-json\/wp\/v2\/posts"}],"about":[{"href":"https:\/\/www.europesays.com\/fr\/wp-json\/wp\/v2\/types\/post"}],"author":[{"embeddable":true,"href":"https:\/\/www.europesays.com\/fr\/wp-json\/wp\/v2\/users\/2"}],"replies":[{"embeddable":true,"href":"https:\/\/www.europesays.com\/fr\/wp-json\/wp\/v2\/comments?post=520093"}],"version-history":[{"count":0,"href":"https:\/\/www.europesays.com\/fr\/wp-json\/wp\/v2\/posts\/520093\/revisions"}],"wp:featuredmedia":[{"embeddable":true,"href":"https:\/\/www.europesays.com\/fr\/wp-json\/wp\/v2\/media\/520094"}],"wp:attachment":[{"href":"https:\/\/www.europesays.com\/fr\/wp-json\/wp\/v2\/media?parent=520093"}],"wp:term":[{"taxonomy":"category","embeddable":true,"href":"https:\/\/www.europesays.com\/fr\/wp-json\/wp\/v2\/categories?post=520093"},{"taxonomy":"post_tag","embeddable":true,"href":"https:\/\/www.europesays.com\/fr\/wp-json\/wp\/v2\/tags?post=520093"}],"curies":[{"name":"wp","href":"https:\/\/api.w.org\/{rel}","templated":true}]}}