{"id":520097,"date":"2025-11-08T08:11:21","date_gmt":"2025-11-08T08:11:21","guid":{"rendered":"https:\/\/www.europesays.com\/fr\/520097\/"},"modified":"2025-11-08T08:11:21","modified_gmt":"2025-11-08T08:11:21","slug":"que-faire-en-bretagne-en-novembre-festivals-expos-et-idees-de-sorties-pour-affronter-lhiver-3","status":"publish","type":"post","link":"https:\/\/www.europesays.com\/fr\/520097\/","title":{"rendered":"Que faire en Bretagne en novembre\u00a0? Festivals, expos et id\u00e9es de sorties pour affronter l\u2019hiver"},"content":{"rendered":"<p>Saison creuse\u00a0? Pas vraiment. <a href=\"https:\/\/www.ouest-france.fr\/bretagne\/\" target=\"_self\" rel=\"noopener\">En Bretagne<\/a>, les mois d\u2019automne et d\u2019hiver restent l\u2019un des meilleurs moments pour savourer la culture locale, rencontrer des artistes et red\u00e9couvrir des lieux embl\u00e9matiques loin des foules. Des grands festivals litt\u00e9raires aux expositions immersives, en passant par les c\u00e9l\u00e9brations de la culture bretonne, la r\u00e9gion offre un programme aussi dense qu\u2019inattendu.  <a href=\"https:\/\/www.ouest-france.fr\/bretagne\/magazine-bretons\/\" target=\"_self\" rel=\"noopener\">Bretons<\/a>  vous liste certaines id\u00e9es de sorties pour les prochaines semaines.<\/p>\n<p><strong>Lire aussi\u00a0:<\/strong> <a href=\"https:\/\/rennes.maville.com\/actu\/actudet_-ce-geographe-publie-son-recit-de-voyage-pour-faire-connaitre-la-bretagne-loin-des-touristes-_7-7050627_actu.Htm\" target=\"_self\" rel=\"noopener\">Ce g\u00e9ographe publie son r\u00e9cit de voyage pour faire conna\u00eetre \u00ab\u00a0la Bretagne loin des touristes\u00a0\u00bb<\/a><\/p>\n<p>1. Festival du livre en Bretagne de Gu\u00e9rande<\/p>\n<p>Organis\u00e9 par l\u2019association Gourenez, le festival du livre gu\u00e9randais revient pour une 21e \u00e9dition. Au programme\u00a0: d\u00e9dicaces, rencontres, animations, expositions, espace jeunesse, atelier calligraphie\u2026 Parmi les 150\u00a0auteurs annonc\u00e9s, on pourra croiser Sorj Chalandon, Nolwenn Le Blevennec ou encore Lo\u00efc Senan, sous la pr\u00e9sidence d\u2019honneur de la reporter Doroth\u00e9e Olli\u00e9ric. Centre culturel Athanor, Gu\u00e9rande, les 15 et 16\u00a0novembre.<\/p>\n<p>2. Dispar Amzer, Douarnenez<\/p>\n<p>L\u2019association Emglev Bro Douarnenez anime l\u2019automne gr\u00e2ce \u00e0 une vingtaine d\u2019\u00e9v\u00e8nements autour de la langue et de la culture bretonnes. Avec, entre autres, des rencontres en breton (balade, conf\u00e9rence, repas), des spectacles (marionnettes, concert), du cin\u00e9ma, des activit\u00e9s jeune public (dessin, lecture en breton) et des stages (\u00e9criture en langue bretonne, danse, chant, clarinette), avant un grand fest-noz le 22\u00a0novembre.\u00a0Pays de Douarnenez (29), jusqu\u2019au 22\u00a0novembre.<\/p>\n<p>3. \u00ab\u00a0Faire corps\u00a0\u00bb, Rennes<\/p>\n<p>Dans le cadre du festival rennais de photo Glaz, qui s\u2019int\u00e9resse en 2025 aux liens entre amour et r\u00e9bellion, le Frac Bretagne et L\u2019Imagerie centre d\u2019art de Lannion s\u2019associent pour r\u00e9unir les \u0153uvres de seize artistes. De Julie Hasco\u00ebt \u00e0 Martin Parr, en passant par Jean Bizien et William Klein, tous explorent la th\u00e9matique du corps pour raconter nos mani\u00e8res de nous relier par le groupe, l\u2019amour ou la lutte. Frac Bretagne, Rennes, jusqu\u2019au 4\u00a0janvier.<\/p>\n<p>4. Festival Mots Zik, Saint-Jacut-les-Pins<\/p>\n<p>Depuis dix-sept ans, le festival associatif Mots Zik r\u00e9chauffe la commune de Saint-Jacut-les-Pins, dans le pays de Redon. Le vendredi soir sera plac\u00e9 sous le signe du rock, avec Moundrag, Ultra Vomit, la chanteuse Ad\u00e9, Tagada Jones et Hilight Tribe, avant le passage de Jungeli, Superbus, L2B, Carbonne, N\u00e8g\u2019Marrons et DJ Zebra &amp; Stone le samedi.\u00a0Salle polyvalente et chapiteau musical, Saint-Jacut-les-Pins (56), les 7 et 8\u00a0novembre.<\/p>\n<p>5. \u00ab\u00a0Kourtney Roy &#8211; L\u2019architecture contemporaine dans le Morbihan, un autre regard\u00a0\u00bb, Vannes<\/p>\n<p>Halles de Merville, \u00e9glise Notre-Dame-de-Victoire, immeuble Plein Ciel, villa Beauvir\u2026 La photographe canadienne Kourtney Roy a immortalis\u00e9 des b\u00e2timents embl\u00e9matiques du Morbihan, dans un style vintage et color\u00e9. Ses photos sont visibles sur le parvis de la Cit\u00e9 de la voile, jusqu\u2019en avril, et \u00e0 l\u2019h\u00f4tel de Limur, jusqu\u2019\u00e0 fin mars.\u00a0Parvis de la Cit\u00e9 de la voile, Lorient, et h\u00f4tel de Limur, Vannes, jusqu\u2019au 29\u00a0mars.<\/p>\n<p>6. Festival europ\u00e9en du film court de Brest<\/p>\n<p>40\u00a0ans et toutes ses dents\u00a0! Le Festival europ\u00e9en du film court de Brest, d\u00e9sormais quadrag\u00e9naire, vous invite \u00e0 d\u00e9couvrir une multitude de courts m\u00e9trages venus de toute l\u2019Europe. Des films en comp\u00e9tition, des programmes off, des s\u00e9ances jeune public ou des r\u00e9trospectives seront projet\u00e9s toute la semaine au Quartz.\u00a0Le Quartz, Brest, du 11 au 16\u00a0novembre.<\/p>\n<p>\u00a0<\/p>\n","protected":false},"excerpt":{"rendered":"Saison creuse\u00a0? Pas vraiment. En Bretagne, les mois d\u2019automne et d\u2019hiver restent l\u2019un des meilleurs moments pour savourer&hellip;\n","protected":false},"author":2,"featured_media":519518,"comment_status":"","ping_status":"","sticky":false,"template":"","format":"standard","meta":{"footnotes":""},"categories":[2821],"tags":[1111,11,3987,829,1777,674,8202,4560,3337,1011,27,6736,3246,12,24649,584,25,1669],"class_list":{"0":"post-520097","1":"post","2":"type-post","3":"status-publish","4":"format-standard","5":"has-post-thumbnail","7":"category-rennes","8":"tag-actu","9":"tag-actualites","10":"tag-affronter","11":"tag-bretagne","12":"tag-eu","13":"tag-europe","14":"tag-expos","15":"tag-faire","16":"tag-festivals","17":"tag-fr","18":"tag-france","19":"tag-hiver","20":"tag-idees","21":"tag-news","22":"tag-novembre","23":"tag-rennes","24":"tag-republique-francaise","25":"tag-sorties"},"share_on_mastodon":{"url":"https:\/\/pubeurope.com\/@fr\/115513070896464380","error":""},"_links":{"self":[{"href":"https:\/\/www.europesays.com\/fr\/wp-json\/wp\/v2\/posts\/520097","targetHints":{"allow":["GET"]}}],"collection":[{"href":"https:\/\/www.europesays.com\/fr\/wp-json\/wp\/v2\/posts"}],"about":[{"href":"https:\/\/www.europesays.com\/fr\/wp-json\/wp\/v2\/types\/post"}],"author":[{"embeddable":true,"href":"https:\/\/www.europesays.com\/fr\/wp-json\/wp\/v2\/users\/2"}],"replies":[{"embeddable":true,"href":"https:\/\/www.europesays.com\/fr\/wp-json\/wp\/v2\/comments?post=520097"}],"version-history":[{"count":0,"href":"https:\/\/www.europesays.com\/fr\/wp-json\/wp\/v2\/posts\/520097\/revisions"}],"wp:featuredmedia":[{"embeddable":true,"href":"https:\/\/www.europesays.com\/fr\/wp-json\/wp\/v2\/media\/519518"}],"wp:attachment":[{"href":"https:\/\/www.europesays.com\/fr\/wp-json\/wp\/v2\/media?parent=520097"}],"wp:term":[{"taxonomy":"category","embeddable":true,"href":"https:\/\/www.europesays.com\/fr\/wp-json\/wp\/v2\/categories?post=520097"},{"taxonomy":"post_tag","embeddable":true,"href":"https:\/\/www.europesays.com\/fr\/wp-json\/wp\/v2\/tags?post=520097"}],"curies":[{"name":"wp","href":"https:\/\/api.w.org\/{rel}","templated":true}]}}