{"id":520121,"date":"2025-11-08T08:26:11","date_gmt":"2025-11-08T08:26:11","guid":{"rendered":"https:\/\/www.europesays.com\/fr\/520121\/"},"modified":"2025-11-08T08:26:11","modified_gmt":"2025-11-08T08:26:11","slug":"la-droite-et-le-centre-reunis-dans-les-9e-10e","status":"publish","type":"post","link":"https:\/\/www.europesays.com\/fr\/520121\/","title":{"rendered":"La droite et le centre r\u00e9unis dans les 9e-10e"},"content":{"rendered":"<p>Depuis 2022, une partie de la majorit\u00e9 de Lionel Royer-Perreaut avait fait s\u00e9cession, apr\u00e8s que le maire de secteur, \u00e9lu sous l&rsquo;\u00e9tiquette LR deux ans plus t\u00f4t, avait ralli\u00e9 Renaissance aux l\u00e9gislatives. Un mois apr\u00e8s le retrait d\u00e9finitif de la vie politique de <a href=\"https:\/\/www.laprovence.com\/article\/politique\/7294640597635914\/exclusif-municipales-2026-a-marseille-lionel-royer-perreaut-quitte-la-vie-publique-et-ne-soutiendra-pas-martine-vassal\" target=\"_blank\" rel=\"noopener\">Lionel Royer-Perreaut<\/a>, et alors que le RN cr\u00e9ait son groupe dans le m\u00eame conseil, les deux groupes de la droite et du centre ont fusionn\u00e9.<\/p>\n<p>Le nouvel ensemble majoritaire sera dirig\u00e9 par Didier R\u00e9ault (LR), sous l&rsquo;\u00e9gide de la maire (DVD) de secteur, <a href=\"https:\/\/www.laprovence.com\/article\/region\/3390192835913615\/pour-2025-la-maire-des-9e-10e-a-marseille-aimerait-que-les-travaux-du-boulevard-urbain-sud-commencent\" target=\"_blank\" rel=\"noopener\">Anne-Marie d&rsquo;Estienne d&rsquo;Orves<\/a>.<\/p>\n","protected":false},"excerpt":{"rendered":"Depuis 2022, une partie de la majorit\u00e9 de Lionel Royer-Perreaut avait fait s\u00e9cession, apr\u00e8s que le maire de&hellip;\n","protected":false},"author":2,"featured_media":520122,"comment_status":"","ping_status":"","sticky":false,"template":"","format":"standard","meta":{"footnotes":""},"categories":[2814],"tags":[17,1111,11,3335,2826,1446,6592,1777,674,1011,27,151,884,12,316,882,25,11386],"class_list":{"0":"post-520121","1":"post","2":"type-post","3":"status-publish","4":"format-standard","5":"has-post-thumbnail","7":"category-marseille","8":"tag-17","9":"tag-actu","10":"tag-actualites","11":"tag-centre","12":"tag-confidentiels","13":"tag-dans","14":"tag-droite","15":"tag-eu","16":"tag-europe","17":"tag-fr","18":"tag-france","19":"tag-les","20":"tag-marseille","21":"tag-news","22":"tag-politique","23":"tag-provence-alpes-cote-dazur","24":"tag-republique-francaise","25":"tag-reunis"},"share_on_mastodon":{"url":"https:\/\/pubeurope.com\/@fr\/115513129955716496","error":""},"_links":{"self":[{"href":"https:\/\/www.europesays.com\/fr\/wp-json\/wp\/v2\/posts\/520121","targetHints":{"allow":["GET"]}}],"collection":[{"href":"https:\/\/www.europesays.com\/fr\/wp-json\/wp\/v2\/posts"}],"about":[{"href":"https:\/\/www.europesays.com\/fr\/wp-json\/wp\/v2\/types\/post"}],"author":[{"embeddable":true,"href":"https:\/\/www.europesays.com\/fr\/wp-json\/wp\/v2\/users\/2"}],"replies":[{"embeddable":true,"href":"https:\/\/www.europesays.com\/fr\/wp-json\/wp\/v2\/comments?post=520121"}],"version-history":[{"count":0,"href":"https:\/\/www.europesays.com\/fr\/wp-json\/wp\/v2\/posts\/520121\/revisions"}],"wp:featuredmedia":[{"embeddable":true,"href":"https:\/\/www.europesays.com\/fr\/wp-json\/wp\/v2\/media\/520122"}],"wp:attachment":[{"href":"https:\/\/www.europesays.com\/fr\/wp-json\/wp\/v2\/media?parent=520121"}],"wp:term":[{"taxonomy":"category","embeddable":true,"href":"https:\/\/www.europesays.com\/fr\/wp-json\/wp\/v2\/categories?post=520121"},{"taxonomy":"post_tag","embeddable":true,"href":"https:\/\/www.europesays.com\/fr\/wp-json\/wp\/v2\/tags?post=520121"}],"curies":[{"name":"wp","href":"https:\/\/api.w.org\/{rel}","templated":true}]}}