{"id":520168,"date":"2025-11-08T08:55:24","date_gmt":"2025-11-08T08:55:24","guid":{"rendered":"https:\/\/www.europesays.com\/fr\/520168\/"},"modified":"2025-11-08T08:55:24","modified_gmt":"2025-11-08T08:55:24","slug":"la-princesse-delphine-ouvre-son-atelier-et-devoile-son-histoire-a-travers-ses-creations","status":"publish","type":"post","link":"https:\/\/www.europesays.com\/fr\/520168\/","title":{"rendered":"La princesse Delphine ouvre son atelier et d\u00e9voile son histoire \u00e0 travers ses cr\u00e9ations"},"content":{"rendered":"<p>Depuis toujours Delphine de Saxe-Cobourg ressent ce besoin vital de s\u2019exprimer \u00e0 travers l\u2019art. La princesse de Delphine, devenue une artiste de renom, ouvre ce samedi les portes de son atelier \u00e0 une \u00e9quipe de t\u00e9l\u00e9vision. Au cours d\u2019une interview exclusive, accord\u00e9e \u00e0 Place Royale, la s\u0153ur du roi Philippe de Belgique d\u00e9voile les recoins de son atelier et sa routine artistique qui lui permet de vivre sereinement.<\/p>\n<p><strong>Lire aussi : <a href=\"https:\/\/histoiresroyales.fr\/tenue-queer-princesse-delphine-appelle-tolerance-fete-nationale\/\" rel=\"nofollow noopener\" target=\"_blank\">La princesse Delphine porte une tenue appelant \u00e0 la tol\u00e9rance lors de la f\u00eate nationale belge<\/a><\/strong><\/p>\n<p>Delphine de Saxe-Cobourg ouvre les portes de son atelier \u00e0 Place Royale<\/p>\n<p>La <a href=\"https:\/\/histoiresroyales.fr\/famille-royale-belge\/delphine-de-saxe-cobourg\/\" rel=\"nofollow noopener\" target=\"_blank\">princesse Delphine de Belgique<\/a>, 57 ans, est une personnalit\u00e9 \u00e0 part au sein de la famille royale belge : par son parcours mais aussi par son besoin de s\u2019exprimer avec l\u2019art. Surtout, ne lui parlez pas d\u2019excentricit\u00e9 ni de provocation, Delphine utilise simplement l\u2019art comme un exutoire. Son univers color\u00e9, ses mantras \u00e0 r\u00e9p\u00e9tition et ses objets faisant r\u00e9f\u00e9rence \u00e0 son histoire personnelle sont n\u00e9cessaires \u00e0 son \u00e9quilibre. <\/p>\n<p><img fetchpriority=\"high\" decoding=\"async\" width=\"1300\" height=\"867\" src=\"https:\/\/www.europesays.com\/fr\/wp-content\/uploads\/2025\/11\/princesse-delphine-de-belgique-interview-explications-art.jpg\" alt=\"\" class=\"wp-image-227503 lazyload\" data-  \/>Delphine de Saxe-Cobourg, princesse de Belgique, s\u2019appr\u00eate \u00e0 ouvrir les portes de son atelier \u00e0 une \u00e9quipe de t\u00e9l\u00e9vision (Photo : Olivier Pirard)<\/p>\n<p>\u00c0 l\u2019occasion d\u2019une interview exclusive accord\u00e9e \u00e0 Place Royale, la fille du roi Albert\u00a0II ouvre les portes de son atelier. Contrairement aux id\u00e9es re\u00e7ues, derri\u00e8re cette apparente personnalit\u00e9 expansive, se cache une princesse \u00e0 la vie tr\u00e8s ordonn\u00e9e. D\u00e8s que son fils, le prince Oscar, a quitt\u00e9 la maison le matin pour se rendre \u00e0 l\u2019\u00e9cole, Delphine, elle, ouvre les portes de son atelier, \u00e9teint son t\u00e9l\u00e9phone et se met \u00e0 cr\u00e9er jusqu\u2019en fin d\u2019apr\u00e8s-midi. <\/p>\n<p><img loading=\"lazy\" decoding=\"async\" width=\"1300\" height=\"867\" src=\"https:\/\/www.europesays.com\/fr\/wp-content\/uploads\/2025\/11\/interview-exclusive-place-royale-princesse-delphine.jpg\" alt=\"\" class=\"wp-image-227505 lazyload\" data-  \/>La princesse Delphine emm\u00e8ne Alix Battard \u00e0 la d\u00e9couverte de son atelier, o\u00f9 elle cr\u00e9e la majorit\u00e9 de ses \u0153uvres (Photo : Olivier Pirard)<\/p>\n<p><strong>Lire aussi : <a href=\"https:\/\/histoiresroyales.fr\/princesse-delphine-princesse-josephine-prince-oscar-avant-premiere-schtroumpfs-rihanna\/\" rel=\"nofollow noopener\" target=\"_blank\">La princesse Delphine, la princesse Jos\u00e9phine et le prince Oscar \u00e0 l\u2019avant-premi\u00e8re des Schtroumpfs avec Rihanna<\/a><\/strong><\/p>\n<p>La princesse Delphine retrace l\u2019\u00e9volution de son parcours artistique<\/p>\n<p>Lors de cet entretien r\u00e9alis\u00e9 chez elle, la princesse Delphine guide Alix Battard \u00e0 travers ses \u0153uvres, parle de son besoin irr\u00e9pressible de cr\u00e9er et \u00e9voque ses anciennes blessures. De sa premi\u00e8re sculpture en forme de tr\u00f4ne, \u00e0 sa cr\u00e9ation picturale vaudou, Delphine de Saxe-Cobourg r\u00e9v\u00e8le la signification de ses \u0153uvres parfois \u00e9nigmatiques. <\/p>\n<p><img loading=\"lazy\" decoding=\"async\" width=\"1400\" height=\"934\" src=\"https:\/\/www.europesays.com\/fr\/wp-content\/uploads\/2025\/11\/princesse-delphine-de-saxe-cobourg-art-atelier-ouverture-portes-chez-elle.jpg\" alt=\"\" class=\"wp-image-227507 lazyload\" data-  \/>La fille du roi Albert II se confie sur ce besoin de cr\u00e9er (Photo : Olivier Pirard)<\/p>\n<p><img loading=\"lazy\" decoding=\"async\" width=\"1399\" height=\"933\" src=\"https:\/\/www.europesays.com\/fr\/wp-content\/uploads\/2025\/11\/princesse-excentrique-delphine.jpg\" alt=\"\" class=\"wp-image-227512 lazyload\" data-  \/>Excentrique en apparence, Delphine a pourtant une vie bien ordonn\u00e9e (Photo : Olivier Pirard)<\/p>\n<p>La princesse Delphine explique aussi comment sa m\u00e8re, qui \u00ab\u00a0d\u00e9testait l\u2019id\u00e9e [qu\u2019elle] devienne une pourrie g\u00e2t\u00e9e \u00bb, l\u2019a encourag\u00e9e \u00e0 d\u00e9velopper ses comp\u00e9tences artistiques. \u00ab\u00a0J\u2019\u00e9tais seule quand j\u2019\u00e9tais petite et j\u2019avais peur de ce monde ext\u00e9rieur \u00bb, explique Delphine, qui a ressenti depuis son enfance ce besoin de s\u2019entourer de couleurs pour rendre sa vie plus agr\u00e9able et \u00e9chapper au monde gris des adultes.<\/p>\n<p><img loading=\"lazy\" decoding=\"async\" width=\"1300\" height=\"867\" src=\"https:\/\/www.europesays.com\/fr\/wp-content\/uploads\/2025\/11\/princesse-delphine-photos-exclusives-chez-elle-atelier.jpg\" alt=\"\" class=\"wp-image-227510 lazyload\" data-  \/>Delphine de Saxe-Cobourg confie \u00e0 Alix Battard son besoin de s\u2019entourer de couleurs (Photo : Olivier Pirard)<\/p>\n<p>Autrefois revendicatrice et ayant cette volont\u00e9 d\u2019\u00eatre entendue, Delphine pr\u00e9f\u00e8re aujourd\u2019hui r\u00e9pandre des messages positifs et r\u00e9conciliateurs. \u00ab\u00a0M\u00eame si la vie n\u2019est pas toujours \u00e9vidente, on peut tout de m\u00eame devenir une rose \u00bb et faire en sorte que la vie \u00ab\u00a0soit belle ou dr\u00f4le \u00bb, explique Delphine au cours de l\u2019entretien, en expliquant la signification d\u2019un de ses tableaux.<\/p>\n<p><img loading=\"lazy\" decoding=\"async\" width=\"934\" height=\"1400\" src=\"https:\/\/www.europesays.com\/fr\/wp-content\/uploads\/2025\/11\/princesse-delphine-de-saxe-cobourg-oeuvre-atelier-art-934x1400.jpg\" alt=\"\" class=\"wp-image-227508 lazyload\" data-  \/>La princesse Delphine retrace son parcours artistique depuis son enfance, jusqu\u2019\u00e0 sa routine quotidienne dans son atelier (Photo : Olivier Pirard)<\/p>\n<p>L\u2019artiste est notamment connue pour ses po\u00e8mes et ses \u0153uvres r\u00e9p\u00e9tant \u00e0 l\u2019infini les mots \u00ab\u00a0blabla \u00bb et \u00ab\u00a0love \u00bb. Depuis quelques ann\u00e9es, elle s\u2019est aussi lanc\u00e9e dans le wearable art, l\u2019art que l\u2019on peut porter, en imprimant ses messages symboliques sur des pi\u00e8ces de tissu et des v\u00eatements.<\/p>\n<p><img loading=\"lazy\" decoding=\"async\" width=\"1400\" height=\"934\" src=\"https:\/\/www.europesays.com\/fr\/wp-content\/uploads\/2025\/11\/wareable-art-princesse-delphine-presente-tenus.jpg\" alt=\"\" class=\"wp-image-227511 lazyload\" data-  \/>Delphine s\u2019est aussi lanc\u00e9e dans le wearable art (Photo : Olivier Pirard)<\/p>\n<p><img loading=\"lazy\" decoding=\"async\" width=\"1300\" height=\"867\" src=\"https:\/\/www.europesays.com\/fr\/wp-content\/uploads\/2025\/11\/princesse-delphine-ouvre-domicile-photos-exlcu-interieur.jpg\" alt=\"\" class=\"wp-image-227509 lazyload\" data-  \/>\u00c0 son domicile d\u2019Uccle, en r\u00e9gion bruxelloise, la s\u0153ur du roi Philippe se confie \u00e0 Alix Battard pour Place Royale (Photo : Olivier Pirard)<\/p>\n<p>L\u2019interview d\u00e9voile une personnalit\u00e9 toujours \u00e0 fleur de peau, dont la sensibilit\u00e9 extr\u00eame ne peut \u00eatre apais\u00e9e que par ce besoin presque d\u00e9mesur\u00e9 de cr\u00e9er. Depuis 2020, date \u00e0 laquelle le roi Albert II l\u2019a reconnue comme sa fille, jusqu\u2019\u00e0 aujourd\u2019hui, la vie de Delphine a bien chang\u00e9 et son art \u00e9galement. Au d\u00e9but de sa carri\u00e8re, l\u2019art \u00e9tait sa voix. \u00ab\u00a0\u00c0 travers mes \u0153uvres, je voulais dire des choses que je ne pouvais pas dire et \u00e7a c\u2019\u00e9tait vraiment ma signature \u00bb, explique Delphine, dans cette interview qui sera diffus\u00e9e dans Place Royale, sur RTLtvi, ce 8 novembre \u00e0 19 heures 45.<\/p>\n<p>\t\t\t\t<img loading=\"lazy\" alt=\"Avatar photo\" src=\"https:\/\/www.europesays.com\/fr\/wp-content\/uploads\/2025\/04\/1516945716303-164x164.jpeg\"  class=\"avatar avatar-164 photo lazyload\" height=\"164\" width=\"164\" decoding=\"async\"\/><br \/>\n\t\t<a href=\"https:\/\/histoiresroyales.fr\/author\/royaliste123\/\" rel=\"nofollow noopener\" target=\"_blank\">Nicolas Fontaine<\/a><br \/>\n\t\t\t\t\tR\u00e9dacteur en chef<\/p>\n<p>Nicolas Fontaine a \u00e9t\u00e9 concepteur-r\u00e9dacteur et auteur pour de nombreuses marques et m\u00e9dias belges et fran\u00e7ais. Sp\u00e9cialiste de l&rsquo;actualit\u00e9 des familles royales, Nicolas a fond\u00e9 le site Histoires royales dont il est le r\u00e9dacteur en chef.&#13;<br \/>\n&#13;<br \/>\nnicolas@histoiresroyales.fr<\/p>\n<p>\t\t\t\t\t\t\t<a href=\"https:\/\/twitter.com\/ActusRoyales\" class=\"boxed-icon fill twitter\" target=\"_blank\" rel=\"nofollow noopener\"><\/a><br \/>\n\t\t\t\t\t\t\t\t\t<a href=\"https:\/\/www.instagram.com\/histoiresroyales.fr\/\" class=\"boxed-icon fill instagram\" target=\"_blank\" rel=\"nofollow noopener\"><\/a><\/p>\n<p>\t\t\t\t\t\t\t\t\t\t\t\t\t<script async src=\"https:\/\/platform.twitter.com\/widgets.js\" charset=\"utf-8\"><\/script><script async src=\"\/\/www.instagram.com\/embed.js\"><\/script><\/p>\n","protected":false},"excerpt":{"rendered":"Depuis toujours Delphine de Saxe-Cobourg ressent ce besoin vital de s\u2019exprimer \u00e0 travers l\u2019art. La princesse de Delphine,&hellip;\n","protected":false},"author":2,"featured_media":520169,"comment_status":"","ping_status":"","sticky":false,"template":"","format":"standard","meta":{"footnotes":""},"categories":[1359],"tags":[3734,64101,58,59,1011,27,2173,973],"class_list":{"0":"post-520168","1":"post","2":"type-post","3":"status-publish","4":"format-standard","5":"has-post-thumbnail","7":"category-people","8":"tag-art","9":"tag-delphine-de-saxe-cobourg","10":"tag-divertissement","11":"tag-entertainment","12":"tag-fr","13":"tag-france","14":"tag-interview","15":"tag-people"},"share_on_mastodon":{"url":"https:\/\/pubeurope.com\/@fr\/115513252375172276","error":""},"_links":{"self":[{"href":"https:\/\/www.europesays.com\/fr\/wp-json\/wp\/v2\/posts\/520168","targetHints":{"allow":["GET"]}}],"collection":[{"href":"https:\/\/www.europesays.com\/fr\/wp-json\/wp\/v2\/posts"}],"about":[{"href":"https:\/\/www.europesays.com\/fr\/wp-json\/wp\/v2\/types\/post"}],"author":[{"embeddable":true,"href":"https:\/\/www.europesays.com\/fr\/wp-json\/wp\/v2\/users\/2"}],"replies":[{"embeddable":true,"href":"https:\/\/www.europesays.com\/fr\/wp-json\/wp\/v2\/comments?post=520168"}],"version-history":[{"count":0,"href":"https:\/\/www.europesays.com\/fr\/wp-json\/wp\/v2\/posts\/520168\/revisions"}],"wp:featuredmedia":[{"embeddable":true,"href":"https:\/\/www.europesays.com\/fr\/wp-json\/wp\/v2\/media\/520169"}],"wp:attachment":[{"href":"https:\/\/www.europesays.com\/fr\/wp-json\/wp\/v2\/media?parent=520168"}],"wp:term":[{"taxonomy":"category","embeddable":true,"href":"https:\/\/www.europesays.com\/fr\/wp-json\/wp\/v2\/categories?post=520168"},{"taxonomy":"post_tag","embeddable":true,"href":"https:\/\/www.europesays.com\/fr\/wp-json\/wp\/v2\/tags?post=520168"}],"curies":[{"name":"wp","href":"https:\/\/api.w.org\/{rel}","templated":true}]}}