{"id":520212,"date":"2025-11-08T09:27:14","date_gmt":"2025-11-08T09:27:14","guid":{"rendered":"https:\/\/www.europesays.com\/fr\/520212\/"},"modified":"2025-11-08T09:27:14","modified_gmt":"2025-11-08T09:27:14","slug":"trois-radars-incendies-en-moins-dune-heure-en-ille-et-vilaine-la-nuit-derniere","status":"publish","type":"post","link":"https:\/\/www.europesays.com\/fr\/520212\/","title":{"rendered":"Trois radars incendi\u00e9s en moins d\u2019une heure en Ille-et-Vilaine, la nuit derni\u00e8re"},"content":{"rendered":"<p>Les pompiers d\u2019Ille-et-Vilaine ont \u00e9t\u00e9 appel\u00e9s \u00e0 2\u00a0h\u00a049, la nuit derni\u00e8re, un radar automatique sur tourelle ayant \u00e9t\u00e9 incendi\u00e9 sur la D155, \u00e0 hauteur de la commune de Val-Couesnon, au nord de Rennes. \u00c0 3 h 24, ils ont de nouveau d\u00fb intervenir pour la m\u00eame raison, \u00e0 une quarantaine de kilom\u00e8tres, sur la D798 \u00e0 hauteur de Luitr\u00e9-Dompierre. Quatre minutes plus tard, \u00e0 7 kilom\u00e8tres de Luitr\u00e9-Dompierre, sur la RN12 \u00e0 hauteur de La Chapelle-Fleurign\u00e9, un troisi\u00e8me radar a \u00e9t\u00e9 incendi\u00e9.<\/p>\n","protected":false},"excerpt":{"rendered":"Les pompiers d\u2019Ille-et-Vilaine ont \u00e9t\u00e9 appel\u00e9s \u00e0 2\u00a0h\u00a049, la nuit derni\u00e8re, un radar automatique sur tourelle ayant \u00e9t\u00e9&hellip;\n","protected":false},"author":2,"featured_media":520213,"comment_status":"","ping_status":"","sticky":false,"template":"","format":"standard","meta":{"footnotes":""},"categories":[2821],"tags":[1111,11,829,765,1777,674,118,1011,27,848,12,584,25],"class_list":{"0":"post-520212","1":"post","2":"type-post","3":"status-publish","4":"format-standard","5":"has-post-thumbnail","7":"category-rennes","8":"tag-actu","9":"tag-actualites","10":"tag-bretagne","11":"tag-en-continu","12":"tag-eu","13":"tag-europe","14":"tag-faits-divers","15":"tag-fr","16":"tag-france","17":"tag-ille-et-vilaine","18":"tag-news","19":"tag-rennes","20":"tag-republique-francaise"},"share_on_mastodon":{"url":"https:\/\/pubeurope.com\/@fr\/115513369847439557","error":""},"_links":{"self":[{"href":"https:\/\/www.europesays.com\/fr\/wp-json\/wp\/v2\/posts\/520212","targetHints":{"allow":["GET"]}}],"collection":[{"href":"https:\/\/www.europesays.com\/fr\/wp-json\/wp\/v2\/posts"}],"about":[{"href":"https:\/\/www.europesays.com\/fr\/wp-json\/wp\/v2\/types\/post"}],"author":[{"embeddable":true,"href":"https:\/\/www.europesays.com\/fr\/wp-json\/wp\/v2\/users\/2"}],"replies":[{"embeddable":true,"href":"https:\/\/www.europesays.com\/fr\/wp-json\/wp\/v2\/comments?post=520212"}],"version-history":[{"count":0,"href":"https:\/\/www.europesays.com\/fr\/wp-json\/wp\/v2\/posts\/520212\/revisions"}],"wp:featuredmedia":[{"embeddable":true,"href":"https:\/\/www.europesays.com\/fr\/wp-json\/wp\/v2\/media\/520213"}],"wp:attachment":[{"href":"https:\/\/www.europesays.com\/fr\/wp-json\/wp\/v2\/media?parent=520212"}],"wp:term":[{"taxonomy":"category","embeddable":true,"href":"https:\/\/www.europesays.com\/fr\/wp-json\/wp\/v2\/categories?post=520212"},{"taxonomy":"post_tag","embeddable":true,"href":"https:\/\/www.europesays.com\/fr\/wp-json\/wp\/v2\/tags?post=520212"}],"curies":[{"name":"wp","href":"https:\/\/api.w.org\/{rel}","templated":true}]}}