{"id":520214,"date":"2025-11-08T09:28:09","date_gmt":"2025-11-08T09:28:09","guid":{"rendered":"https:\/\/www.europesays.com\/fr\/520214\/"},"modified":"2025-11-08T09:28:09","modified_gmt":"2025-11-08T09:28:09","slug":"accuse-dagressions-sexuelles-ce-pretre-a-t-il-aussi-fait-des-victimes-a-rennes-et-en-ille-et-vilaine","status":"publish","type":"post","link":"https:\/\/www.europesays.com\/fr\/520214\/","title":{"rendered":"Accus\u00e9 d&rsquo;agressions sexuelles, ce pr\u00eatre a-t-il aussi fait des victimes \u00e0 Rennes et en Ille-et-Vilaine\u00a0?"},"content":{"rendered":"<p>            Par<br \/>\n        <strong><br \/>\n            <a href=\"https:\/\/actu.fr\/auteur\/laurene-fertin\" title=\"Consulter tous les articles de Laur\u00e8ne Fertin\" rel=\"nofollow noopener\" target=\"_blank\">Laur\u00e8ne Fertin<\/a><br \/>\n        <\/strong><\/p>\n<p>        Publi\u00e9 le<\/p>\n<p>            8 nov. 2025 \u00e0 9h44        <\/p>\n<p><a href=\"https:\/\/actu.fr\/bretagne\/rennes_35238\/accuse-d-agressions-sexuelles-sur-des-mineurs-au-maroc-un-pretre-du-diocese-de-rennes-reconnait-les-faits_63407586.html\" rel=\"nofollow noopener\" target=\"_blank\">Accus\u00e9 d\u2019agressions sexuelles sur de jeunes migrants au Maroc, pr\u00e9cis\u00e9ment \u00e0 <\/a><strong><a href=\"https:\/\/actu.fr\/bretagne\/rennes_35238\/accuse-d-agressions-sexuelles-sur-des-mineurs-au-maroc-un-pretre-du-diocese-de-rennes-reconnait-les-faits_63407586.html\" rel=\"nofollow noopener\" target=\"_blank\">Casablanca<\/a>,<\/strong> le p\u00e8re Exelmans est initialement <strong>rattach\u00e9 au dioc\u00e8se de Rennes<\/strong>. En effet, le pr\u00eatre a exerc\u00e9 son minist\u00e8re public dans les paroisses de <strong>Maurepas, Cesson-S\u00e9vign\u00e9, Mordelles<\/strong> mais aussi dans <strong>la Cath\u00e9drale de Rennes.<\/strong><\/p>\n<p>Les paroisses inform\u00e9es en janvier\u00a02025<\/p>\n<p class=\" wall-content\">Pour rappel, le p\u00e8re Exelmans dirigeait <strong>le service d\u2019accueil des migrants de Casablanca<\/strong>, au Maroc, <strong>de 2021 \u00e0 2024<\/strong>. Pendant ces ann\u00e9es, selon l\u2019\u00c9glise qui a men\u00e9 une enqu\u00eate canonique (une enqu\u00eate interne), <strong>une victime<\/strong> du p\u00e8re Exelmans a \u00e9t\u00e9 identifi\u00e9e formellement. Le journal marocain <a href=\"https:\/\/enass.ma\/enquete-abus-sexuels-sur-des-refugies-mineurs-a-leglise-de-casablanca\/\" rel=\"nofollow noopener\" target=\"_blank\">Enass<\/a> qui a r\u00e9v\u00e9l\u00e9 l\u2019affaire fait \u00e9tat, quant \u00e0 lui, de <strong>six personnes mineures<\/strong> concern\u00e9es au moment des faits.<\/p>\n<p class=\" wall-content\">Selon le dioc\u00e8se de Rennes, <strong>le 10\u00a0janvier 2025<\/strong>, alors que le p\u00e8re Exelmans est <strong>contraint de stopper l\u2019exercice<\/strong> <strong>de son minist\u00e8re<\/strong> en raison \u00ab\u2009d\u2019un pr\u00e9cepte p\u00e9nal\u2009\u00bb \u00e9mis \u00e0 son encontre par l\u2019\u00c9glise*, les quatre paroisses d\u2019Ille-et-Vilaine <strong>sont inform\u00e9es des accusations<\/strong> port\u00e9es contre le pr\u00eatre, par le biais d\u2019un communiqu\u00e9.<\/p>\n<p>Deux appels \u00e0 t\u00e9moins<\/p>\n<p class=\" wall-content\"><strong>Un appel \u00e0 t\u00e9moins<\/strong> est alors lanc\u00e9 pour savoir si d\u2019autres victimes existent. Toujours selon le dioc\u00e8se de Rennes, <strong>un autre appel \u00e0 t\u00e9moins<\/strong> est lanc\u00e9 le 23\u00a0f\u00e9vrier 2025 \u00e0 la demande de l\u2019archev\u00eaque de Rennes, par les d\u00e9l\u00e9gu\u00e9s territoriaux Portes de Bretagne des scouts et guides de France, \u00e0 l\u2019attention des familles du groupe dans lequel le p\u00e8re Antoine a \u00e9t\u00e9 <strong>aum\u00f4nier.<\/strong><\/p>\n<blockquote class=\"ac-article-quote wall-content\">\n<p>Malgr\u00e9 les diff\u00e9rents appels \u00e0 t\u00e9moins, aucune accusation ne parvient, ni \u00e0 la Cellule<br \/>\nd\u2019\u00e9coute ni \u00e0 l\u2019Archev\u00eaque de Rennes, jusqu\u2019\u00e0 ce jour.<\/p>\n<p>    <strong>Dioc\u00e8se de Rennes<\/strong>\n            <\/p><\/blockquote>\n<p class=\" wall-content\">Le p\u00e8re Antoine Exelmans \u2013 qui a d\u2019ailleurs reconnu \u00ab\u2009librement les faits\u2009\u00bb sur les agressions qui se sont d\u00e9roul\u00e9es au Maroc \u2013 est toujours vis\u00e9 par<strong> une enqu\u00eate<\/strong>. Il a \u00e9t\u00e9 <strong>entendu par la police judiciaire<\/strong> \u00e0 la demande du procureur de Saint-\u00c9tienne. Celle-ci d\u00e9terminera s\u2019il subsiste, bel et bien, d\u2019autres victimes du pr\u00eatre.<\/p>\n<p>Votre r\u00e9gion, votre actu !<\/p>\n<p>Recevez chaque jour les infos qui comptent pour vous.<\/p>\n<p>\t<a href=\"https:\/\/actu.fr\/newsletter\" class=\"ac-btn ac-btn--corner ac-btn--medium ac-btn--blue800\" rel=\"nofollow noopener\" target=\"_blank\">S&rsquo;incrire<\/a><\/p>\n<p>*Pr\u00e9cis\u00e9ment, \u00ab\u2009il lui est interdit d\u2019accomplir tout minist\u00e8re public, d\u2019\u00eatre en contact avec des mineurs sans la pr\u00e9sence de majeurs, et il a l\u2019obligation d\u2019un suivi psychologique\u2009\u00bb, indique le dioc\u00e8se de Rennes.<\/p>\n<p class=\" wall-content\">Personnalisez votre actualit\u00e9 en ajoutant vos villes et m\u00e9dias en favori avec <a href=\"https:\/\/moncompte.actu.fr\" title=\"D\u00e9couvez Mon Actu\" rel=\"nofollow noopener\" data-trk=\"{&quot;cta&quot;:{&quot;action&quot;:&quot;https:\\\/\\\/moncompte.actu.fr&quot;,&quot;category&quot;:&quot;mon compte&quot;,&quot;from&quot;:&quot;article footer&quot;,&quot;name&quot;:&quot;Mon actu&quot;,&quot;type&quot;:&quot;cta&quot;}}\" target=\"_blank\">Mon Actu<\/a>.<\/p>\n","protected":false},"excerpt":{"rendered":"Par Laur\u00e8ne Fertin Publi\u00e9 le 8 nov. 2025 \u00e0 9h44 Accus\u00e9 d\u2019agressions sexuelles sur de jeunes migrants au&hellip;\n","protected":false},"author":2,"featured_media":520215,"comment_status":"","ping_status":"","sticky":false,"template":"","format":"standard","meta":{"footnotes":""},"categories":[2821],"tags":[1111,11,829,1777,674,118,1011,27,303,12,4020,584,25,799],"class_list":{"0":"post-520214","1":"post","2":"type-post","3":"status-publish","4":"format-standard","5":"has-post-thumbnail","7":"category-rennes","8":"tag-actu","9":"tag-actualites","10":"tag-bretagne","11":"tag-eu","12":"tag-europe","13":"tag-faits-divers","14":"tag-fr","15":"tag-france","16":"tag-justice","17":"tag-news","18":"tag-religion","19":"tag-rennes","20":"tag-republique-francaise","21":"tag-violences-sexuelles"},"share_on_mastodon":{"url":"https:\/\/pubeurope.com\/@fr\/115513373915343092","error":""},"_links":{"self":[{"href":"https:\/\/www.europesays.com\/fr\/wp-json\/wp\/v2\/posts\/520214","targetHints":{"allow":["GET"]}}],"collection":[{"href":"https:\/\/www.europesays.com\/fr\/wp-json\/wp\/v2\/posts"}],"about":[{"href":"https:\/\/www.europesays.com\/fr\/wp-json\/wp\/v2\/types\/post"}],"author":[{"embeddable":true,"href":"https:\/\/www.europesays.com\/fr\/wp-json\/wp\/v2\/users\/2"}],"replies":[{"embeddable":true,"href":"https:\/\/www.europesays.com\/fr\/wp-json\/wp\/v2\/comments?post=520214"}],"version-history":[{"count":0,"href":"https:\/\/www.europesays.com\/fr\/wp-json\/wp\/v2\/posts\/520214\/revisions"}],"wp:featuredmedia":[{"embeddable":true,"href":"https:\/\/www.europesays.com\/fr\/wp-json\/wp\/v2\/media\/520215"}],"wp:attachment":[{"href":"https:\/\/www.europesays.com\/fr\/wp-json\/wp\/v2\/media?parent=520214"}],"wp:term":[{"taxonomy":"category","embeddable":true,"href":"https:\/\/www.europesays.com\/fr\/wp-json\/wp\/v2\/categories?post=520214"},{"taxonomy":"post_tag","embeddable":true,"href":"https:\/\/www.europesays.com\/fr\/wp-json\/wp\/v2\/tags?post=520214"}],"curies":[{"name":"wp","href":"https:\/\/api.w.org\/{rel}","templated":true}]}}