{"id":520216,"date":"2025-11-08T09:29:26","date_gmt":"2025-11-08T09:29:26","guid":{"rendered":"https:\/\/www.europesays.com\/fr\/520216\/"},"modified":"2025-11-08T09:29:26","modified_gmt":"2025-11-08T09:29:26","slug":"strasbourg-yana-kononova-interroge-la-memoire-de-la-terre-dukraine","status":"publish","type":"post","link":"https:\/\/www.europesays.com\/fr\/520216\/","title":{"rendered":"Strasbourg. Yana Kononova interroge la m\u00e9moire de la terre d&rsquo;Ukraine"},"content":{"rendered":"<p class=\"wp-block-post-excerpt__excerpt\">\u00c0 Stimultania, l\u2019exposition The Basilisk de l\u2019artiste ukrainienne Yana Kononova transforme les paysages ravag\u00e9s en lieux de m\u00e9moire. Une travers\u00e9e sensorielle entre deuil, foi et r\u00e9sistance. <\/p>\n<p class=\"font-sans\">\n\t\t\tCet article est en acc\u00e8s libre. Pour soutenir Rue89 Strasbourg,<br \/>\n\t\t\t<a class=\"underline\" href=\"https:\/\/www.rue89strasbourg.com\/abonnement\" target=\"_blank\" rel=\"noopener\">abonnez-vous<\/a>.\n\t\t<\/p>\n<p>Talia Mikaelian<\/p>\n<p>Publi\u00e9 le 8 novembre 2025\u00a0\u00a0\u00b7\u00a0\u00a0<\/p>\n<p>Imprim\u00e9 le 8 novembre 2025 \u00e0 09h43\u00a0\u00a0\u00b7\u00a0\u00a0<\/p>\n<p>\t\t\t\t\t2\u00a0minutes\n<\/p>\n<p class=\"has-drop-cap\">D\u00e8s l\u2019entr\u00e9e dans la salle d\u2019exposition de Stimultania, situ\u00e9e dans le quartier Gare de Strasbourg, une atmosph\u00e8re dense et silencieuse s\u2019impose. Dans la p\u00e9nombre, les photographies en noir et blanc de Yana Kononova semblent \u00e9mettre leur propre lueur. The Basilisk n\u2019est pas qu\u2019une exposition : c\u2019est une exp\u00e9rience immersive o\u00f9 la guerre devient mati\u00e8re, et la mati\u00e8re, m\u00e9moire.\u00a0<\/p>\n<p>Co-produite avec le Centre du patrimoine arm\u00e9nien \u00e0 Valence, qui a pour objectif de\u00a0 sensibiliser les gens au \u00ab\u00a0monde conflictuel\u00a0\u00bb, l\u2019exposition s\u2019inscrit dans le sillage d\u2019un travail photographique et exp\u00e9rimental que l\u2019artiste d\u00e9veloppe depuis plusieurs ann\u00e9es en Ukraine. Le titre The Basilisk fait r\u00e9f\u00e9rence au serpent qui se faufile et s\u2019entrelace, symbole des sensations de l\u2019artiste face \u00e0 la guerre et \u00e0 son identit\u00e9 ukrainienne, un va-et-vient constant entre pass\u00e9 et pr\u00e9sent. Kononova s\u2019int\u00e9resse aux traces invisibles de la guerre, \u00e0 ces \u00ab radiations \u00bb qui impr\u00e8gnent sols, corps et objets bien au-del\u00e0 des zones de combat.<\/p>\n<p><img loading=\"lazy\" decoding=\"async\" width=\"792\" height=\"446\" src=\"https:\/\/www.europesays.com\/fr\/wp-content\/uploads\/2025\/11\/whatsapp-image-2025-10-20-at-1-58-16-pm-1-1-792x446.jpg\" alt=\"\" class=\"wp-image-365889\"  \/> Photo de Izyum Forest (2022), Yana Kononova, The Basilisk \u00e0 StimultaniaPhoto\u00a0: Talia Mikaelian<\/p>\n<p>Au c\u0153ur du parcours, la s\u00e9rie Izyum Forest (2022) donne le ton. Face \u00e0 une fresque panoramique retra\u00e7ant l\u2019exhumation de fosses communes \u00e0 Izyum la m\u00eame ann\u00e9e que la r\u00e9alisation de l\u2019\u0153uvre, les visiteurs deviennent t\u00e9moins d\u2019une sc\u00e8ne \u00e0 la fois documentaire et sacr\u00e9e. Les secouristes, rev\u00eatus de combinaisons blanches, apparaissent comme des figures liturgiques, officiant un rituel de r\u00e9paration silencieuse. La for\u00eat, quant \u00e0 elle, semble absorber la douleur du lieu : ses arbres deviennent les gardiens d\u2019une m\u00e9moire impossible \u00e0 effacer.<\/p>\n<p><img loading=\"lazy\" decoding=\"async\" width=\"792\" height=\"446\" data-id=\"365893\" src=\"https:\/\/www.europesays.com\/fr\/wp-content\/uploads\/2025\/11\/whatsapp-image-2025-10-20-at-1-58-16-pm-2-792x446.jpg\" alt=\"\" class=\"wp-image-365893\"  \/> Photo de Thresholds (2024), Yana Kononova, The Basilisk \u00e0 StimultaniaPhoto\u00a0: Talia Mikaelian<\/p>\n<p><img loading=\"lazy\" decoding=\"async\" width=\"792\" height=\"446\" data-id=\"365895\" src=\"https:\/\/www.europesays.com\/fr\/wp-content\/uploads\/2025\/11\/whatsapp-image-2025-10-20-at-1-58-17-pm-792x446.jpg\" alt=\"\" class=\"wp-image-365895\"  \/> Photo de Thresholds (2024), Yana Kononova, The Basilisk \u00e0 StimultaniaPhoto\u00a0: Talia Mikaelian<\/p>\n<p>L\u2019exposition se cl\u00f4t sur Thresholds (2024), une installation inspir\u00e9e de l\u2019<a href=\"https:\/\/fr.wikipedia.org\/wiki\/Iconostase\" target=\"_blank\" rel=\"noreferrer noopener\">iconostase<\/a> orthodoxe. Trois panneaux verticaux fragmentent l\u2019espace et exposent des photographies m\u00ealant paysages et traces de guerres. Au centre, une fente laisse passer le regard sur la seule image apais\u00e9e de tout le parcours\u00a0: un champ ouvert, un arbre solitaire, et une vache. Apr\u00e8s les visions de destruction et de douleur qui jalonnent l\u2019exposition, cette sc\u00e8ne suspendue agit comme un souffle, une respiration, un instant de calme inattendu. On per\u00e7oit \u00e0 travers cette fente une r\u00e9alit\u00e9 parall\u00e8le, o\u00f9 le temps semble suspendu et o\u00f9 la vie ordinaire reprend ses droits. L\u2019\u0153uvre traduit le sentiment de l\u2019artiste : la guerre cr\u00e9e un d\u00e9calage, une limite invisible qui s\u00e9pare le quotidien de l\u2019absurde et de la violence.<\/p>\n<p>Y <strong>aller<\/strong><\/p>\n<p><strong>Exposition The Basilisk <\/strong>de Yana Kononova, du 3 octobre 2025 au 10 janvier 2026, du mercredi au samedi de 14h \u00e0 18h30 \u00e0 Stimultania, 33 rue Kageneck \u00e0 Strasbourg \u2013 Gare. Entr\u00e9e libre. <\/p>\n","protected":false},"excerpt":{"rendered":"\u00c0 Stimultania, l\u2019exposition The Basilisk de l\u2019artiste ukrainienne Yana Kononova transforme les paysages ravag\u00e9s en lieux de m\u00e9moire.&hellip;\n","protected":false},"author":2,"featured_media":520217,"comment_status":"","ping_status":"","sticky":false,"template":"","format":"standard","meta":{"footnotes":""},"categories":[2820],"tags":[1111,11,1396,251,1777,674,1349,1011,27,775,12,25,640],"class_list":{"0":"post-520216","1":"post","2":"type-post","3":"status-publish","4":"format-standard","5":"has-post-thumbnail","7":"category-strasbourg","8":"tag-actu","9":"tag-actualites","10":"tag-art-contemporain","11":"tag-culture","12":"tag-eu","13":"tag-europe","14":"tag-expositions","15":"tag-fr","16":"tag-france","17":"tag-grand-est","18":"tag-news","19":"tag-republique-francaise","20":"tag-strasbourg"},"share_on_mastodon":{"url":"https:\/\/pubeurope.com\/@fr\/115513378497299131","error":""},"_links":{"self":[{"href":"https:\/\/www.europesays.com\/fr\/wp-json\/wp\/v2\/posts\/520216","targetHints":{"allow":["GET"]}}],"collection":[{"href":"https:\/\/www.europesays.com\/fr\/wp-json\/wp\/v2\/posts"}],"about":[{"href":"https:\/\/www.europesays.com\/fr\/wp-json\/wp\/v2\/types\/post"}],"author":[{"embeddable":true,"href":"https:\/\/www.europesays.com\/fr\/wp-json\/wp\/v2\/users\/2"}],"replies":[{"embeddable":true,"href":"https:\/\/www.europesays.com\/fr\/wp-json\/wp\/v2\/comments?post=520216"}],"version-history":[{"count":0,"href":"https:\/\/www.europesays.com\/fr\/wp-json\/wp\/v2\/posts\/520216\/revisions"}],"wp:featuredmedia":[{"embeddable":true,"href":"https:\/\/www.europesays.com\/fr\/wp-json\/wp\/v2\/media\/520217"}],"wp:attachment":[{"href":"https:\/\/www.europesays.com\/fr\/wp-json\/wp\/v2\/media?parent=520216"}],"wp:term":[{"taxonomy":"category","embeddable":true,"href":"https:\/\/www.europesays.com\/fr\/wp-json\/wp\/v2\/categories?post=520216"},{"taxonomy":"post_tag","embeddable":true,"href":"https:\/\/www.europesays.com\/fr\/wp-json\/wp\/v2\/tags?post=520216"}],"curies":[{"name":"wp","href":"https:\/\/api.w.org\/{rel}","templated":true}]}}