{"id":520218,"date":"2025-11-08T09:30:31","date_gmt":"2025-11-08T09:30:31","guid":{"rendered":"https:\/\/www.europesays.com\/fr\/520218\/"},"modified":"2025-11-08T09:30:31","modified_gmt":"2025-11-08T09:30:31","slug":"premiere-ligue-les-vertes-a-strasbourg-pour-confirmer-leur-nouvel-elan","status":"publish","type":"post","link":"https:\/\/www.europesays.com\/fr\/520218\/","title":{"rendered":"Premi\u00e8re Ligue. Les Vertes \u00e0 Strasbourg pour confirmer leur nouvel \u00e9lan"},"content":{"rendered":"<p>Strasbourg &#8211; ASSE<\/p>\n<p>Ce samedi\u00a017 heures, au Parc des sports de Molsheim<\/p>\n<p>Ce serait mentir de dire que le d\u00e9but de saison de l\u2019ASSE s\u2019est d\u00e9roul\u00e9 comme pr\u00e9vu, mais il semblerait que la patience des dirigeants et supporters porte ses fruits, car les Vertes restent sur deux matchs cons\u00e9cutifs sans d\u00e9faite, avec une premi\u00e8re victoire face au MHSC (4-2) pour couronner le tout.<\/p>\n<p>Les St\u00e9phanoises doivent&#8230;<\/p>\n","protected":false},"excerpt":{"rendered":"Strasbourg &#8211; ASSE Ce samedi\u00a017 heures, au Parc des sports de Molsheim Ce serait mentir de dire que&hellip;\n","protected":false},"author":2,"featured_media":520219,"comment_status":"","ping_status":"","sticky":false,"template":"","format":"standard","meta":{"footnotes":""},"categories":[2820],"tags":[1111,11,4000,26756,7539,1777,674,63,1011,27,775,3367,12,25,4001,7538,517,640],"class_list":{"0":"post-520218","1":"post","2":"type-post","3":"status-publish","4":"format-standard","5":"has-post-thumbnail","7":"category-strasbourg","8":"tag-actu","9":"tag-actualites","10":"tag-asse-as-saint-etienne-football","11":"tag-asse-feminine-as-saint-etienne-football","12":"tag-edition-loire-sud","13":"tag-eu","14":"tag-europe","15":"tag-football","16":"tag-fr","17":"tag-france","18":"tag-grand-est","19":"tag-loire","20":"tag-news","21":"tag-republique-francaise","22":"tag-saint-etienne","23":"tag-saint-etienne-ville","24":"tag-sport","25":"tag-strasbourg"},"share_on_mastodon":{"url":"https:\/\/pubeurope.com\/@fr\/115513381594769996","error":""},"_links":{"self":[{"href":"https:\/\/www.europesays.com\/fr\/wp-json\/wp\/v2\/posts\/520218","targetHints":{"allow":["GET"]}}],"collection":[{"href":"https:\/\/www.europesays.com\/fr\/wp-json\/wp\/v2\/posts"}],"about":[{"href":"https:\/\/www.europesays.com\/fr\/wp-json\/wp\/v2\/types\/post"}],"author":[{"embeddable":true,"href":"https:\/\/www.europesays.com\/fr\/wp-json\/wp\/v2\/users\/2"}],"replies":[{"embeddable":true,"href":"https:\/\/www.europesays.com\/fr\/wp-json\/wp\/v2\/comments?post=520218"}],"version-history":[{"count":0,"href":"https:\/\/www.europesays.com\/fr\/wp-json\/wp\/v2\/posts\/520218\/revisions"}],"wp:featuredmedia":[{"embeddable":true,"href":"https:\/\/www.europesays.com\/fr\/wp-json\/wp\/v2\/media\/520219"}],"wp:attachment":[{"href":"https:\/\/www.europesays.com\/fr\/wp-json\/wp\/v2\/media?parent=520218"}],"wp:term":[{"taxonomy":"category","embeddable":true,"href":"https:\/\/www.europesays.com\/fr\/wp-json\/wp\/v2\/categories?post=520218"},{"taxonomy":"post_tag","embeddable":true,"href":"https:\/\/www.europesays.com\/fr\/wp-json\/wp\/v2\/tags?post=520218"}],"curies":[{"name":"wp","href":"https:\/\/api.w.org\/{rel}","templated":true}]}}