{"id":520242,"date":"2025-11-08T09:42:16","date_gmt":"2025-11-08T09:42:16","guid":{"rendered":"https:\/\/www.europesays.com\/fr\/520242\/"},"modified":"2025-11-08T09:42:16","modified_gmt":"2025-11-08T09:42:16","slug":"aux-chutes-lavie-hmp-laisse-les-proprietaires-barricader-la-cite-jardin","status":"publish","type":"post","link":"https:\/\/www.europesays.com\/fr\/520242\/","title":{"rendered":"Aux Chutes-Lavie, HMP laisse les propri\u00e9taires barricader la cit\u00e9-jardin"},"content":{"rendered":"<p>Par communiqu\u00e9, le bailleur social Provence M\u00e9tropole logement (PML anciennement HMP) r\u00e9affirme ainsi sa volont\u00e9 de boucler cet ancien ensemble ouvrier, o\u00f9 cohabitent d\u00e9sormais propri\u00e9taires et logements sociaux. Alors que la cit\u00e9 abrite un Centre municipal d&rsquo;activit\u00e9s, une cr\u00e8che et un jardin public r\u00e9cemment r\u00e9nov\u00e9 par la Ville et que deux des trois acc\u00e8s au site sont d\u00e9j\u00e0 <a href=\"https:\/\/www.laprovence.com\/article\/societe\/62151376597533\/aux-chutes-lavie-a-marseille-la-cite-jardin-continue-de-se-barricader-malgre-la-fronde-des-habitants\" target=\"_blank\" rel=\"noopener\">totalement cloisonn\u00e9s<\/a>, PML annonce \u00ab\u00a0maintenir la d\u00e9cision de l&rsquo;Association syndicale libre\u00a0\u00bb qui a vot\u00e9, en juin dernier, la fermeture du dernier acc\u00e8s, boulevard Ribot, de 19\u00a0h \u00e0 6\u00a0h\u00a030, avec un syst\u00e8me de badge.<\/p>\n<p>Le bailleur avance \u00ab\u00a0une r\u00e9sidentialisation\u00a0\u00bb demand\u00e9e par ses locataires et justifie \u00ab\u00a0des actes de vandalisme, du stationnement sauvage et des intrusions\u00a0\u00bb. PML ne pr\u00e9cise pas qui pourra b\u00e9n\u00e9ficier du fameux badge et n&rsquo;\u00e9voque pas d&rsquo;avanc\u00e9es pour le collectif de riverains. Et ne semble pas faire cas de la position de la Ville et de la mairie de secteur, qui appuient la demande d&rsquo;ouverture des habitants.<\/p>\n","protected":false},"excerpt":{"rendered":"Par communiqu\u00e9, le bailleur social Provence M\u00e9tropole logement (PML anciennement HMP) r\u00e9affirme ainsi sa volont\u00e9 de boucler cet&hellip;\n","protected":false},"author":2,"featured_media":520243,"comment_status":"","ping_status":"","sticky":false,"template":"","format":"standard","meta":{"footnotes":""},"categories":[2814],"tags":[17,1111,11,1007,36196,2826,1777,674,1011,27,64124,1768,151,884,12,316,882,25],"class_list":{"0":"post-520242","1":"post","2":"type-post","3":"status-publish","4":"format-standard","5":"has-post-thumbnail","7":"category-marseille","8":"tag-17","9":"tag-actu","10":"tag-actualites","11":"tag-aux","12":"tag-chutes-lavie","13":"tag-confidentiels","14":"tag-eu","15":"tag-europe","16":"tag-fr","17":"tag-france","18":"tag-hmp","19":"tag-laisse","20":"tag-les","21":"tag-marseille","22":"tag-news","23":"tag-politique","24":"tag-provence-alpes-cote-dazur","25":"tag-republique-francaise"},"share_on_mastodon":{"url":"https:\/\/pubeurope.com\/@fr\/115513428964600030","error":""},"_links":{"self":[{"href":"https:\/\/www.europesays.com\/fr\/wp-json\/wp\/v2\/posts\/520242","targetHints":{"allow":["GET"]}}],"collection":[{"href":"https:\/\/www.europesays.com\/fr\/wp-json\/wp\/v2\/posts"}],"about":[{"href":"https:\/\/www.europesays.com\/fr\/wp-json\/wp\/v2\/types\/post"}],"author":[{"embeddable":true,"href":"https:\/\/www.europesays.com\/fr\/wp-json\/wp\/v2\/users\/2"}],"replies":[{"embeddable":true,"href":"https:\/\/www.europesays.com\/fr\/wp-json\/wp\/v2\/comments?post=520242"}],"version-history":[{"count":0,"href":"https:\/\/www.europesays.com\/fr\/wp-json\/wp\/v2\/posts\/520242\/revisions"}],"wp:featuredmedia":[{"embeddable":true,"href":"https:\/\/www.europesays.com\/fr\/wp-json\/wp\/v2\/media\/520243"}],"wp:attachment":[{"href":"https:\/\/www.europesays.com\/fr\/wp-json\/wp\/v2\/media?parent=520242"}],"wp:term":[{"taxonomy":"category","embeddable":true,"href":"https:\/\/www.europesays.com\/fr\/wp-json\/wp\/v2\/categories?post=520242"},{"taxonomy":"post_tag","embeddable":true,"href":"https:\/\/www.europesays.com\/fr\/wp-json\/wp\/v2\/tags?post=520242"}],"curies":[{"name":"wp","href":"https:\/\/api.w.org\/{rel}","templated":true}]}}