{"id":520268,"date":"2025-11-08T09:58:12","date_gmt":"2025-11-08T09:58:12","guid":{"rendered":"https:\/\/www.europesays.com\/fr\/520268\/"},"modified":"2025-11-08T09:58:12","modified_gmt":"2025-11-08T09:58:12","slug":"jai-eu-de-la-chance-la-comedienne-adeline-blondieau-hospitalisee-apres-un-impressionnant-accident-de-la-route","status":"publish","type":"post","link":"https:\/\/www.europesays.com\/fr\/520268\/","title":{"rendered":"\u00ab\u00a0J\u2019ai eu de la chance\u00a0\u00bb\u00a0: la com\u00e9dienne Adeline Blondieau hospitalis\u00e9e apr\u00e8s un impressionnant accident de la route"},"content":{"rendered":"<p class=\"paragraph text_align_left lp-f-body-02\">\u00ab Hier, j\u2019ai eu de la chance. \u00bb Ce jeudi 6 novembre, <a href=\"https:\/\/www.leparisien.fr\/sentinelles\/a-46-ans-on-a-decrete-que-je-navais-plus-besoin-duterus-adeline-blondieau-se-confie-sur-sa-menopause-27-01-2024-54OSYQY4TNH67BFMFTN4MIS2TI.php\" target=\"_blank\" rel=\"noreferrer nofollow noopener\">l\u2019ancienne com\u00e9dienne Adeline Blondieau<\/a> a \u00e9t\u00e9 hospitalis\u00e9e apr\u00e8s avoir \u00e9t\u00e9 victime d\u2019un accident de la route, pr\u00e8s de son domicile de Saintes-Maries-de-la-Mer (<a href=\"https:\/\/www.leparisien.fr\/bouches-du-rhone-13\/\" target=\"_blank\" rel=\"noreferrer nofollow noopener\">Bouches-du-Rh\u00f4ne<\/a>), a-t-elle annonc\u00e9 dans un long message post\u00e9 sur Instagram, ce vendredi, accompagn\u00e9 de plusieurs photos.<\/p>\n<p class=\"paragraph text_align_left lp-f-body-02\">L\u2019ancienne star de la s\u00e9rie <a href=\"https:\/\/www.leparisien.fr\/var-83\/sous-le-soleil-une-expo-a-saint-tropez-pour-les-nostalgiques-de-la-serie-culte-24-04-2023-AXLKGK5VWVHGNNXGZYAUR6ZATY.php\" rel=\"nofollow noopener\" target=\"_blank\">\u00ab Sous le soleil \u00bb<\/a> circulait sur une route d\u00e9partementale pr\u00e8s de son domicile camarguais quand elle a perdu le contr\u00f4le de son v\u00e9hicule en raison des fortes intemp\u00e9ries qui ont touch\u00e9 le d\u00e9partement ce jour-l\u00e0. \u00ab J\u2019ai fait un aquaplaning sous une pluie diluvienne et une d\u00e9partementale en mauvais \u00e9tat et j\u2019ai perdu le contr\u00f4le de ma voiture en roulant en dessous de la vitesse autoris\u00e9e \u00bb, a-t-elle expliqu\u00e9.<\/p>\n<p>\u00ab C\u2019\u00e9tait impressionnant, mais je m\u2019en sors bien \u00bb<\/p>\n<p class=\"paragraph text_align_left lp-f-body-02\">Apr\u00e8s avoir r\u00e9ussi \u00e0 redresser son v\u00e9hicule, la voiture de <a href=\"https:\/\/www.leparisien.fr\/culture-loisirs\/adeline-blondieau-vend-aux-encheres-des-biens-de-johnny-hallyday-14-09-2018-7888740.php\" target=\"_blank\" rel=\"noreferrer nofollow noopener\">l\u2019ancienne compagne de Johnny Hallyday<\/a> \u00ab est partie une seconde fois en travers \u00bb, poursuit Adeline Blondieau, qui n\u2019a \u00ab pas eu le temps d\u2019\u00e9viter la voiture qui arrivait en face \u00bb.<\/p>\n<p class=\"paragraph text_align_left lp-f-body-02\">\u00ab Le conducteur a eu le bon r\u00e9flexe d\u2019acc\u00e9l\u00e9rer et nous a \u00e9vit\u00e9 une collision frontale \u00bb, a-t-elle expliqu\u00e9, pr\u00e9cisant que l\u2019homme n\u2019avait rien eu. Mais avec le choc, Adeline Blondieau, elle, a \u00ab fait un 360 degr\u00e9s \u00bb et a \u00ab termin\u00e9 gar\u00e9e dans la roubine \u00bb, selon son r\u00e9cit. \u00ab Comme si une aide ext\u00e9rieure m\u2019avait permis d\u2019\u00e9viter de faire un tonneau \u00bb, a-t-elle ajout\u00e9.<\/p>\n<p class=\"lp-card-podcast-highlighting__title  lp-f-subtitle-05\">[2\/4] L\u2019assassinat du PDG de Renault : la sanglante \u00e9pop\u00e9e du groupe Action directe<\/p>\n<p class=\"lp-card-podcast-highlighting__description lp-f-ui-05\">Crime story raconte chaque semaine les grandes affaires criminelles.<\/p>\n<p><a class=\"lp-card-podcast-highlighting__call-to-action\" data-page-type=\"HP\" data-block-name=\"podcast-highlight\">\u00c9couter<\/a><\/p>\n<p class=\"paragraph text_align_left lp-f-body-02\">\u00ab C\u2019\u00e9tait impressionnant, mais je m\u2019en sors bien \u00bb, a t\u00e9moign\u00e9 l\u2019ancienne actrice de 54 ans. Imm\u00e9diatement, d\u2019autres automobilistes se sont arr\u00eat\u00e9s pour lui porter secours et appeler les pompiers. \u00ab Quand mon mari est arriv\u00e9, je lui ai dit que je n\u2019avais sans doute rien, malgr\u00e9 que ce fut impressionnant, que je devrais m\u2019en sortir avec les muscles fortement contract\u00e9s et une minerve \u00bb, a racont\u00e9 Adeline Blondieau, qui a \u00e9t\u00e9 transport\u00e9e \u00e0 l\u2019h\u00f4pital par les secours.<\/p>\n<p class=\"paragraph text_align_left lp-f-body-02\">\u00ab L\u2019homme que j\u2019ai percut\u00e9 a \u00e9t\u00e9 adorable \u00bb, a-t-elle poursuivi, avant de remercier les services de secours : \u00ab Les pompiers du Grau-du-Roi ont \u00e9t\u00e9 formidables, les gendarmes et l\u2019\u00e9quipe des urgences de N\u00eemes Car\u00e9meau d\u2019une grande d\u00e9licatesse. Je le souligne car c\u2019est important quand on a v\u00e9cu un choc de se sentir accompagn\u00e9e \u00bb. \u00ab Je ferai une pause r\u00e9seau ce week-end pour reprendre mes esprits, relativiser, savourer d\u2019\u00eatre l\u00e0 et bien entour\u00e9e \u00bb, a enfin fait savoir Adeline Blondieau.<\/p>\n","protected":false},"excerpt":{"rendered":"\u00ab Hier, j\u2019ai eu de la chance. \u00bb Ce jeudi 6 novembre, l\u2019ancienne com\u00e9dienne Adeline Blondieau a \u00e9t\u00e9&hellip;\n","protected":false},"author":2,"featured_media":520269,"comment_status":"","ping_status":"","sticky":false,"template":"","format":"standard","meta":{"footnotes":""},"categories":[1586],"tags":[11,872,1777,674,1779,118,1011,27,12,25,1778,364],"class_list":{"0":"post-520268","1":"post","2":"type-post","3":"status-publish","4":"format-standard","5":"has-post-thumbnail","7":"category-europe","8":"tag-actualites","9":"tag-culture-et-loisirs","10":"tag-eu","11":"tag-europe","12":"tag-european-union","13":"tag-faits-divers","14":"tag-fr","15":"tag-france","16":"tag-news","17":"tag-republique-francaise","18":"tag-ue","19":"tag-union-europeenne"},"share_on_mastodon":{"url":"https:\/\/pubeurope.com\/@fr\/115513491775731405","error":""},"_links":{"self":[{"href":"https:\/\/www.europesays.com\/fr\/wp-json\/wp\/v2\/posts\/520268","targetHints":{"allow":["GET"]}}],"collection":[{"href":"https:\/\/www.europesays.com\/fr\/wp-json\/wp\/v2\/posts"}],"about":[{"href":"https:\/\/www.europesays.com\/fr\/wp-json\/wp\/v2\/types\/post"}],"author":[{"embeddable":true,"href":"https:\/\/www.europesays.com\/fr\/wp-json\/wp\/v2\/users\/2"}],"replies":[{"embeddable":true,"href":"https:\/\/www.europesays.com\/fr\/wp-json\/wp\/v2\/comments?post=520268"}],"version-history":[{"count":0,"href":"https:\/\/www.europesays.com\/fr\/wp-json\/wp\/v2\/posts\/520268\/revisions"}],"wp:featuredmedia":[{"embeddable":true,"href":"https:\/\/www.europesays.com\/fr\/wp-json\/wp\/v2\/media\/520269"}],"wp:attachment":[{"href":"https:\/\/www.europesays.com\/fr\/wp-json\/wp\/v2\/media?parent=520268"}],"wp:term":[{"taxonomy":"category","embeddable":true,"href":"https:\/\/www.europesays.com\/fr\/wp-json\/wp\/v2\/categories?post=520268"},{"taxonomy":"post_tag","embeddable":true,"href":"https:\/\/www.europesays.com\/fr\/wp-json\/wp\/v2\/tags?post=520268"}],"curies":[{"name":"wp","href":"https:\/\/api.w.org\/{rel}","templated":true}]}}