{"id":520278,"date":"2025-11-08T10:04:14","date_gmt":"2025-11-08T10:04:14","guid":{"rendered":"https:\/\/www.europesays.com\/fr\/520278\/"},"modified":"2025-11-08T10:04:14","modified_gmt":"2025-11-08T10:04:14","slug":"un-grand-talent-du-club-aurait-ete-vu-a-clermont-son-depart-se-precise","status":"publish","type":"post","link":"https:\/\/www.europesays.com\/fr\/520278\/","title":{"rendered":"un grand talent du club aurait \u00e9t\u00e9 vu \u00e0 Clermont, son d\u00e9part se pr\u00e9cise"},"content":{"rendered":"<p>Sa trajectoire interpelle. En 2024, Paul Costes avait connu une ascension fulgurante avec le Stade Toulousain. Champion du monde U20\u00a0l\u2019\u00e9t\u00e9 d\u2019avant avec les Bleuets, le jeune centre avait profit\u00e9 des doublons et des blessures pour encha\u00eener les entr\u00e9es remarqu\u00e9es avec le groupe professionnel. A tel point qu\u2019il avait obtenu ses galons de titulaire pour la phase finale de Champions Cup victorieuse. Dans la foul\u00e9e, il avait r\u00e9alis\u00e9 le doubl\u00e9 en Top 14 avant de voir Fabien Galthi\u00e9 le convoquer avec les Bleus au d\u00e9but de la saison 2024\/2025.<\/p>\n<p>Un troisi\u00e8me Costes \u00e0 Clermont\u00a0?<\/p>\n<p>N\u00e9anmoins, les derniers mois ont \u00e9t\u00e9 plus d\u00e9licats pour Paul Costes. G\u00ean\u00e9 par des blessures, il a vu Pierre-Louis Barassi ou Santiago Chocobares monter en puissance.<a href=\"https:\/\/www.quinzemondial.com\/xv-de-france\/xv-de-france-la-liste-des-joueurs-retenus-pour-preparer-les-fidji-une-pepite-toulousaine-ecartee-820272\" target=\"_blank\" rel=\"noopener\"> L\u2019\u00e9closion de Kalvin Gourgues<\/a> assombrit encore un peu plus son avenir et le fils d\u2019Arnaud peine \u00e0 retrouver un temps de jeu cons\u00e9quent. Alors que Tommaso Menoncello va venir remplacer Pita Ahki l\u2019\u00e9t\u00e9 prochain selon toute vraisemblance, son avenir pourrait s\u2019\u00e9crire loin de Toulouse.<\/p>\n<p>Selon les derni\u00e8res rumeurs, Paul Costes aurait \u00e9t\u00e9 aper\u00e7u du c\u00f4t\u00e9 de Clermont ces derniers jours. <a href=\"https:\/\/www.quinzemondial.com\/stade-toulousain\/stade-toulousain-un-champion-du-monde-u20-dans-le-viseur-de-clermont-820058\" target=\"_blank\" rel=\"noopener\">Le centre est dans le viseur de l\u2019ASM<\/a>, qui doit faire face \u00e0 un gros turnover dans cette zone du terrain \u00e0 l\u2019issue de la saison. Les Auvergnats pourraient donc racheter les deux derni\u00e8res ann\u00e9es de son contrat pour accueillir le joueur. Un superbe clin d\u2019\u0153il du destin si cela se confirme puisque son p\u00e8re Arnaud et son grand-p\u00e8re G\u00e9rard ont port\u00e9 les couleurs du club, auquel il n\u2019a jamais cach\u00e9 son affection.<\/p>\n<p> Partagez cette info avec vos amis et vos proches en cliquant ici<br \/>Pour r\u00e9sumer<\/p>\n<p>Un jeune joueur du Stade Toulousain pourrait quitter le club \u00e0 l\u2019issue de la saison et a \u00e9t\u00e9 aper\u00e7u \u00e0 Clermont. L\u2019ASM serait pr\u00eate \u00e0 racheter ses deux derni\u00e8res ann\u00e9es de contrat pour le r\u00e9cup\u00e9rer en fin de saison. <\/p>\n<p> <img decoding=\"async\" width=\"76\" height=\"76\" loading=\"lazy\" src=\"https:\/\/www.europesays.com\/fr\/wp-content\/uploads\/2025\/04\/avatar-quinze.png\" alt=\"La r\u00e9daction\"\/><\/p>\n","protected":false},"excerpt":{"rendered":"Sa trajectoire interpelle. En 2024, Paul Costes avait connu une ascension fulgurante avec le Stade Toulousain. Champion du&hellip;\n","protected":false},"author":2,"featured_media":520279,"comment_status":"","ping_status":"","sticky":false,"template":"","format":"standard","meta":{"footnotes":""},"categories":[1416],"tags":[1011,27,479,1468,60,476,478],"class_list":{"0":"post-520278","1":"post","2":"type-post","3":"status-publish","4":"format-standard","5":"has-post-thumbnail","7":"category-rugby","8":"tag-fr","9":"tag-france","10":"tag-rugby","11":"tag-rugby-football","12":"tag-sports","13":"tag-stade-toulousain","14":"tag-top-14"},"share_on_mastodon":{"url":"https:\/\/pubeurope.com\/@fr\/115513516067613094","error":""},"_links":{"self":[{"href":"https:\/\/www.europesays.com\/fr\/wp-json\/wp\/v2\/posts\/520278","targetHints":{"allow":["GET"]}}],"collection":[{"href":"https:\/\/www.europesays.com\/fr\/wp-json\/wp\/v2\/posts"}],"about":[{"href":"https:\/\/www.europesays.com\/fr\/wp-json\/wp\/v2\/types\/post"}],"author":[{"embeddable":true,"href":"https:\/\/www.europesays.com\/fr\/wp-json\/wp\/v2\/users\/2"}],"replies":[{"embeddable":true,"href":"https:\/\/www.europesays.com\/fr\/wp-json\/wp\/v2\/comments?post=520278"}],"version-history":[{"count":0,"href":"https:\/\/www.europesays.com\/fr\/wp-json\/wp\/v2\/posts\/520278\/revisions"}],"wp:featuredmedia":[{"embeddable":true,"href":"https:\/\/www.europesays.com\/fr\/wp-json\/wp\/v2\/media\/520279"}],"wp:attachment":[{"href":"https:\/\/www.europesays.com\/fr\/wp-json\/wp\/v2\/media?parent=520278"}],"wp:term":[{"taxonomy":"category","embeddable":true,"href":"https:\/\/www.europesays.com\/fr\/wp-json\/wp\/v2\/categories?post=520278"},{"taxonomy":"post_tag","embeddable":true,"href":"https:\/\/www.europesays.com\/fr\/wp-json\/wp\/v2\/tags?post=520278"}],"curies":[{"name":"wp","href":"https:\/\/api.w.org\/{rel}","templated":true}]}}