{"id":520300,"date":"2025-11-08T10:19:10","date_gmt":"2025-11-08T10:19:10","guid":{"rendered":"https:\/\/www.europesays.com\/fr\/520300\/"},"modified":"2025-11-08T10:19:10","modified_gmt":"2025-11-08T10:19:10","slug":"marc-olivier-fogiel-papa-cette-plateforme-polemique-quil-interdit-formellement-a-ses-filles-et-beaucoup-seront-daccord","status":"publish","type":"post","link":"https:\/\/www.europesays.com\/fr\/520300\/","title":{"rendered":"Marc-Olivier Fogiel papa : cette plateforme pol\u00e9mique qu\u2019il interdit formellement \u00e0 ses filles et beaucoup seront d\u2019accord"},"content":{"rendered":"<p class=\"p1\">Un heureux papa. Dans l&rsquo;intimit\u00e9, <a href=\"https:\/\/www.closermag.fr\/vecu\/faits-divers\/marc-olivier-fogiel-tres-emu-moi-c-est-ce-qui-me-touche-le-plus-des-parents-602597\" target=\"_blank\" rel=\"noopener\"><br \/>\nMarc-Olivier Fogiel \u00e9l\u00e8ve deux filles<\/a>,<br \/>\n\u00a0<strong>Mila, n\u00e9e en avril 2011<br \/>\net\u00a0Lily, n\u00e9e en avril 2013<\/strong>.<br \/>\n\u00ab\u00a0Elles grandissent en sachant qu\u2019elles ont \u00e9norm\u00e9ment de<br \/>\nchance\u00a0\u00bb, expliquait l&rsquo;animateur dans les colonnes du magazine<br \/>\nParis Match en mars dernier apr\u00e8s avoir effectu\u00e9 un voyage<br \/>\nhumanitaire avec l&rsquo;Unicef au Bangladesh.<\/p>\n<p class=\"p1\">\u00ab\u00a0Avec Fran\u00e7ois, mon mari, <strong>on essaie<br \/>\nn\u00e9anmoins de ne pas les \u00e9lever dans la culpabilit\u00e9<\/strong>.<br \/>\nProfitons du bonheur qu\u2019on a tout en ayant conscience du monde<br \/>\ndifficile dans lequel nous vivons\u00a0\u00bb, poursuivait-il. L&rsquo;ancien<br \/>\ndirecteur de BFMTV <strong>n&rsquo;en surveille pas moins de pr\u00e8s<br \/>\nl&rsquo;\u00e9ducation de ses filles<\/strong>.<\/p>\n<p>Marc-Olivier Fogiel : cette plateforme pol\u00e9mique qu&rsquo;il interdit<br \/>\n\u00e0 ses filles<\/p>\n<p>Lors de son passage <strong>dans C \u00e0 vous<\/strong>, ce vendredi<br \/>\n7 novembre, <a href=\"https:\/\/www.closermag.fr\/people\/marc-olivier-fogiel-qui-est-son-mari-francois-roelants-878197\" target=\"_blank\" rel=\"noopener\"><br \/>\nle compagnon de Fran\u00e7ois Roelants<\/a> a r\u00e9v\u00e9l\u00e9 qu&rsquo;il<br \/>\ni<strong>nterdisait formellement \u00e0<\/strong> <a href=\"https:\/\/www.closermag.fr\/people\/marc-olivier-fogiel-a-53-ans-ses-filles-mila-et-lily-l-ont-gate-1609511\" target=\"_blank\" rel=\"noopener\"><br \/>\nMila et Lily<\/a> <strong>d&rsquo;avoir recours \u00e0 Shein<\/strong>,<br \/>\n<strong>plateforme pol\u00e9mique<\/strong> qui a ouvert sa premi\u00e8re<br \/>\nenseigne physique au BHV, en plein coeur de Paris, il y a<br \/>\npeu.<\/p>\n<p>\u00ab\u00a0J&rsquo;interdis \u00e0 mes filles d&rsquo;acheter sur Shein et<br \/>\n<strong>elles n&rsquo;ach\u00e8tent pas<\/strong> [&#8230;] Je pense que c&rsquo;est la<br \/>\nresponsabilit\u00e9 plut\u00f4t du consommateur et des parents qu&rsquo;on est,<br \/>\nplus que d&rsquo;un commer\u00e7ant qui fait du commerce\u00a0\u00bb, a expliqu\u00e9<br \/>\nl&rsquo;animateur, s&rsquo;interrogeant sur la pertinence de la strat\u00e9gie<br \/>\nadopt\u00e9e par la grande enseigne parisienne.<\/p>\n<p>Marc-Olivier Fogiel : ce rituel avec<br \/>\nses filles qu&rsquo;il regrette<\/p>\n<p class=\"p1\"><a href=\"https:\/\/www.closermag.fr\/tv_tele_realite\/exclu-marc-olivier-fogiel-quitte-bfmtv-date-de-depart-propositions-projet-personnel-nos-infos-sur-son-avenir-3472850\" target=\"_blank\" rel=\"noopener\"><br \/>\nLorsqu&rsquo;il menait le vaisseau-amiral BFMTV<\/a>, Marc-Olivier Fogiel<br \/>\navait pris l&rsquo;habitude de dormir du \u00ab\u00a0sommeil du gendarme\u00a0\u00bb.<br \/>\n\u00ab\u00a0On dort mal car on est toujours en alerte au cas o\u00f9. Depuis,<br \/>\nje continue \u00e0 me r\u00e9veiller tous les jours vers<br \/>\n5\u00a0heures\u00a0\u00bb,\u00a0d\u00e9crivait-il dans les colonnes du journal<br \/>\nLe Parisien au mois de mai dernier. Sa nouvelle vie<br \/>\nprofessionnelle l&#8217;emp\u00eache d\u00e9sormais de se plier \u00e0 <strong>un rituel<br \/>\navec sa plus jeune fille, Lily<\/strong>.<\/p>\n<p class=\"p1\">\u00ab\u00a0Ma seule d\u00e9ception, c&rsquo;est de <strong>ne plus<br \/>\naccompagner ma petite fille \u00e0 l&rsquo;\u00e9cole le matin<\/strong>,<br \/>\nd\u00e9plorait l&rsquo;ancien pr\u00e9sentateur d&rsquo;On ne peut pas plaire \u00e0 tout le<br \/>\nmonde. J&rsquo;en ai parl\u00e9 avec elle, <strong>elle m&rsquo;a dit que ce<br \/>\nn&rsquo;\u00e9tait pas grave<\/strong> si je promettais de venir la chercher le<br \/>\nsoir. Je profite, car mon a\u00een\u00e9e m&rsquo;a prouv\u00e9 que \u00e7a ne dure pas<br \/>\n\u00e9ternellement. <strong>Dans quelque temps, elle ne voudra plus du<br \/>\ntout que je vienne la chercher.<\/strong>\u00ab\u00a0<\/p>\n","protected":false},"excerpt":{"rendered":"Un heureux papa. Dans l&rsquo;intimit\u00e9, Marc-Olivier Fogiel \u00e9l\u00e8ve deux filles, \u00a0Mila, n\u00e9e en avril 2011 et\u00a0Lily, n\u00e9e en&hellip;\n","protected":false},"author":2,"featured_media":520301,"comment_status":"","ping_status":"","sticky":false,"template":"","format":"standard","meta":{"footnotes":""},"categories":[8],"tags":[58,59,1011,27,45887],"class_list":{"0":"post-520300","1":"post","2":"type-post","3":"status-publish","4":"format-standard","5":"has-post-thumbnail","7":"category-divertissement","8":"tag-divertissement","9":"tag-entertainment","10":"tag-fr","11":"tag-france","12":"tag-marc-olivier-fogiel"},"share_on_mastodon":{"url":"https:\/\/pubeurope.com\/@fr\/115513575364180480","error":""},"_links":{"self":[{"href":"https:\/\/www.europesays.com\/fr\/wp-json\/wp\/v2\/posts\/520300","targetHints":{"allow":["GET"]}}],"collection":[{"href":"https:\/\/www.europesays.com\/fr\/wp-json\/wp\/v2\/posts"}],"about":[{"href":"https:\/\/www.europesays.com\/fr\/wp-json\/wp\/v2\/types\/post"}],"author":[{"embeddable":true,"href":"https:\/\/www.europesays.com\/fr\/wp-json\/wp\/v2\/users\/2"}],"replies":[{"embeddable":true,"href":"https:\/\/www.europesays.com\/fr\/wp-json\/wp\/v2\/comments?post=520300"}],"version-history":[{"count":0,"href":"https:\/\/www.europesays.com\/fr\/wp-json\/wp\/v2\/posts\/520300\/revisions"}],"wp:featuredmedia":[{"embeddable":true,"href":"https:\/\/www.europesays.com\/fr\/wp-json\/wp\/v2\/media\/520301"}],"wp:attachment":[{"href":"https:\/\/www.europesays.com\/fr\/wp-json\/wp\/v2\/media?parent=520300"}],"wp:term":[{"taxonomy":"category","embeddable":true,"href":"https:\/\/www.europesays.com\/fr\/wp-json\/wp\/v2\/categories?post=520300"},{"taxonomy":"post_tag","embeddable":true,"href":"https:\/\/www.europesays.com\/fr\/wp-json\/wp\/v2\/tags?post=520300"}],"curies":[{"name":"wp","href":"https:\/\/api.w.org\/{rel}","templated":true}]}}