{"id":520315,"date":"2025-11-08T10:28:12","date_gmt":"2025-11-08T10:28:12","guid":{"rendered":"https:\/\/www.europesays.com\/fr\/520315\/"},"modified":"2025-11-08T10:28:12","modified_gmt":"2025-11-08T10:28:12","slug":"meurthe-et-moselle-deux-morts-dans-un-grave-accident-de-la-route-a-nancy","status":"publish","type":"post","link":"https:\/\/www.europesays.com\/fr\/520315\/","title":{"rendered":"Meurthe-et-Moselle. Deux morts dans un grave accident de la route \u00e0 Nancy"},"content":{"rendered":"<p>Dramatique accident de la route \u00e0 Nancy. Dans la nuit de vendredi \u00e0 samedi, le conducteur d\u2019une petite citadine a perdu le contr\u00f4le de son v\u00e9hicule apr\u00e8s avoir descendu l\u2019avenue de Boufflers, vraisemblablement \u00e0 vive allure. Le v\u00e9hicule, avec \u00e0 son bord quatre personnes, a percut\u00e9 de plein fouet la fa\u00e7ade d\u2019un immeuble au 1 rue Saint-Lambert. Quatre ambulances se sont rendues imm\u00e9diatement sur place ainsi qu\u2019un fourgon incendie de la caserne de Nancy Gentilly. Sous le commandement du lieutenant Guillaume Thi\u00e9bert, les pompiers ont d\u00fb d\u00e9sincarc\u00e9rer un des quatre passagers, mais le bilan est terrible. Les deux passagers arri\u00e8res, dont un avait une vingtaine d\u2019ann\u00e9es, sont d\u00e9c\u00e9d\u00e9s sur le coup, le conducteur et le passager avant, ag\u00e9s respectivement de 21 et 19 ans, ont \u00e9t\u00e9 transf\u00e9r\u00e9s \u00e0 l\u2019h\u00f4pital central. Le passager avant a d\u00fb \u00eatre op\u00e9r\u00e9 en urgence mais son pronostic vital ne serait pas engag\u00e9.<\/p>\n<p>  La vitesse en cause ?<\/p>\n<p>Alors que le moteur du v\u00e9hicule d\u00e9gageait une \u00e9paisse fum\u00e9e, les pompiers ont eu recours \u00e0 un extincteur pour ma\u00eetriser tout d\u00e9but d\u2019incendie. De nombreux fluides moteurs ont \u00e9galement \u00e9t\u00e9 projet\u00e9s au sol et sur le mur de l\u2019immeuble. Des pr\u00e9l\u00e8vements alcool et stup\u00e9fiants ont \u00e9t\u00e9 r\u00e9alis\u00e9s dans le cadre de l\u2019enqu\u00eate qui devra d\u00e9terminer les causes pr\u00e9cises de l\u2019accident m\u00eame si une vitesse excessive semble \u00eatre en cause d\u2019autant que l\u2019avenue de Boufflers a une forte pente. Il y a quelques semaines, la ville de Nancy avait plac\u00e9 <a href=\"https:\/\/www.estrepublicain.fr\/faits-divers-justice\/2025\/09\/28\/le-nouveau-radar-de-l-avenue-de-boufflers-deja-tague\" target=\"_blank\" rel=\"noopener\"> un radar mobile en haut de l\u2019avenue<\/a>, mais il a \u00e9t\u00e9 retir\u00e9 il y a quelques jours.<\/p>\n","protected":false},"excerpt":{"rendered":"Dramatique accident de la route \u00e0 Nancy. Dans la nuit de vendredi \u00e0 samedi, le conducteur d\u2019une petite&hellip;\n","protected":false},"author":2,"featured_media":520316,"comment_status":"","ping_status":"","sticky":false,"template":"","format":"standard","meta":{"footnotes":""},"categories":[9635],"tags":[119,1111,11,1704,1777,674,274,1011,27,775,3457,1702,1703,12,25],"class_list":{"0":"post-520315","1":"post","2":"type-post","3":"status-publish","4":"format-standard","5":"has-post-thumbnail","7":"category-nancy","8":"tag-accident","9":"tag-actu","10":"tag-actualites","11":"tag-edition-nancy-et-agglomeration","12":"tag-eu","13":"tag-europe","14":"tag-faits-divers-justice","15":"tag-fr","16":"tag-france","17":"tag-grand-est","18":"tag-meurthe-et-moselle","19":"tag-nancy","20":"tag-nancy-ville-54b","21":"tag-news","22":"tag-republique-francaise"},"share_on_mastodon":{"url":"https:\/\/pubeurope.com\/@fr\/115513609735264853","error":""},"_links":{"self":[{"href":"https:\/\/www.europesays.com\/fr\/wp-json\/wp\/v2\/posts\/520315","targetHints":{"allow":["GET"]}}],"collection":[{"href":"https:\/\/www.europesays.com\/fr\/wp-json\/wp\/v2\/posts"}],"about":[{"href":"https:\/\/www.europesays.com\/fr\/wp-json\/wp\/v2\/types\/post"}],"author":[{"embeddable":true,"href":"https:\/\/www.europesays.com\/fr\/wp-json\/wp\/v2\/users\/2"}],"replies":[{"embeddable":true,"href":"https:\/\/www.europesays.com\/fr\/wp-json\/wp\/v2\/comments?post=520315"}],"version-history":[{"count":0,"href":"https:\/\/www.europesays.com\/fr\/wp-json\/wp\/v2\/posts\/520315\/revisions"}],"wp:featuredmedia":[{"embeddable":true,"href":"https:\/\/www.europesays.com\/fr\/wp-json\/wp\/v2\/media\/520316"}],"wp:attachment":[{"href":"https:\/\/www.europesays.com\/fr\/wp-json\/wp\/v2\/media?parent=520315"}],"wp:term":[{"taxonomy":"category","embeddable":true,"href":"https:\/\/www.europesays.com\/fr\/wp-json\/wp\/v2\/categories?post=520315"},{"taxonomy":"post_tag","embeddable":true,"href":"https:\/\/www.europesays.com\/fr\/wp-json\/wp\/v2\/tags?post=520315"}],"curies":[{"name":"wp","href":"https:\/\/api.w.org\/{rel}","templated":true}]}}