{"id":520326,"date":"2025-11-08T10:35:10","date_gmt":"2025-11-08T10:35:10","guid":{"rendered":"https:\/\/www.europesays.com\/fr\/520326\/"},"modified":"2025-11-08T10:35:10","modified_gmt":"2025-11-08T10:35:10","slug":"un-livre-est-publie-pour-alerter","status":"publish","type":"post","link":"https:\/\/www.europesays.com\/fr\/520326\/","title":{"rendered":"un livre est publi\u00e9 pour alerter"},"content":{"rendered":"<p>            Par<br \/>\n        <strong><br \/>\n            <a href=\"https:\/\/actu.fr\/auteur\/isabellevilly\" title=\"Consulter tous les articles de Isabelle Villy\" target=\"_blank\" rel=\"noopener\">Isabelle Villy<\/a><br \/>\n        <\/strong><\/p>\n<p>        Publi\u00e9 le<\/p>\n<p>            8 nov. 2025 \u00e0 11h14        <\/p>\n<p>Un livre pour sauver l\u2019\u00e9glise <strong>Saint-Martin <\/strong>de <a href=\"https:\/\/actu.fr\/normandie\/cailly_76152\" target=\"_blank\" rel=\"noopener\">Cailly<\/a>, pr\u00e8s de Rouen : c\u2019est l\u2019initiative de l\u2019association Histoire et Patrimoine du Haut-Cailly, pour alerter <strong>sur l\u2019\u00e9tat de p\u00e9ril de l\u2019\u00e9difice<\/strong>, construit au XIIe si\u00e8cle et consid\u00e9r\u00e9 comme un joyau m\u00e9di\u00e9val du village.<\/p>\n<p class=\" wall-content\">Intitul\u00e9 L\u2019\u00e9glise Saint-Martin de Cailly et r\u00e9dig\u00e9 par Christian Ninot, l\u2019ouvrage sera pr\u00e9sent\u00e9 au public vendredi 7 novembre prochain (18 h) \u00e0 la salle polyvalente de Cailly, lors d\u2019une c\u00e9r\u00e9monie de lancement.<\/p>\n<p>F\u00e9d\u00e9rer le plus grand nombre<\/p>\n<p class=\" wall-content\">L\u2019\u00e9glise semble en tout cas au c\u0153ur de toutes les pr\u00e9occupations : la commune a lanc\u00e9 des \u00e9tudes et des recherches de financement pour sauvegarder ce patrimoine religieux, tandis que l\u2019association Cailly Patrimoine Vivant, se d\u00e9m\u00e8ne, elle aussi, de son c\u00f4t\u00e9 pour faire vivre l\u2019\u00e9glise, en organisant des concerts et diff\u00e9rents \u00e9v\u00e9nements, afin de sensibiliser les habitants et le public et r\u00e9colter des fonds.<\/p>\n<p class=\" wall-content\">Ce livre apporte ainsi un nouvel effort \u00e0 la mobilisation, dans le but de f\u00e9d\u00e9rer le plus grand nombre face \u00e0 l\u2019urgence.<\/p>\n<blockquote class=\"ac-article-quote wall-content\">\n<p>Cette \u00e9glise est le phare de ce village et l\u2019embl\u00e8me de notre histoire. Nous ne pouvons pas la laisser dispara\u00eetre faute de moyens.<\/p>\n<p>Jean-Claude Parenty<\/p><\/blockquote>\n<p>Vid\u00e9os : en ce moment sur Actu<\/p>\n<p class=\" wall-content\">Manque d\u2019entretien chronique, pignon qui menace de s\u2019\u00e9crouler, charpente en mauvais \u00e9tat : les interventions \u00e0 r\u00e9aliser sur l\u2019\u00e9glise sont importantes et surtout indispensables pour p\u00e9renniser l\u2019\u00e9difice. \u00ab Cette \u00e9glise est le phare de ce village et l\u2019embl\u00e8me de notre histoire. Nous ne pouvons pas la laisser dispara\u00eetre faute de moyens \u00bb, alerte le pr\u00e9sident de l\u2019association, Jean-Claude Parenty, qui fait valoir que le livre qui est consacr\u00e9 \u00e0 l\u2019\u00e9difice constitue le meilleur outil \u00ab pour d\u00e9montrer la valeur inestimable de ce patrimoine et l\u2019urgence absolue d\u2019y consacrer les fonds n\u00e9cessaires \u00bb.<\/p>\n<p>Des recherches exhaustives<\/p>\n<p class=\" wall-content\">Fruit d\u2019une recherche exhaustive visant \u00e0 retracer l\u2019histoire complexe \u00ab et les diff\u00e9rentes consolidations qui ont marqu\u00e9 l\u2019\u00e9difice roman \u00bb, l\u2019ouvrage confirme \u00ab l\u2019importance et le rayonnement pass\u00e9 de l\u2019\u00e9glise, offrant ainsi la preuve de son statut de patrimoine majeur \u00e0 pr\u00e9server \u00bb, plaide l\u2019association, qui esp\u00e8re que la pr\u00e9sentation du livre de Christian Ninot sera le point de d\u00e9part d\u2019un signal fort \u00ab envoy\u00e9 aux autorit\u00e9s r\u00e9gionales et nationales \u00bb, pour engager des moyens permettant de restaurer l\u2019\u00e9glise.<\/p>\n<p>Votre r\u00e9gion, votre actu !<\/p>\n<p>Recevez chaque jour les infos qui comptent pour vous.<\/p>\n<p>\t<a href=\"https:\/\/actu.fr\/newsletter\" class=\"ac-btn ac-btn--corner ac-btn--medium ac-btn--blue800\" target=\"_blank\" rel=\"noopener\">S&rsquo;incrire<\/a><\/p>\n<p>Pr\u00e9sentation officielle et lancement du livre de Christian Ninot, L\u2019\u00e9glise Saint-Martin de Cailly, vendredi 7\u00a0novembre, \u00e0 18 h, \u00e0 la salle polyvalente de Cailly.<\/p>\n<p class=\" wall-content\">Personnalisez votre actualit\u00e9 en ajoutant vos villes et m\u00e9dias en favori avec <a href=\"https:\/\/moncompte.actu.fr\" title=\"D\u00e9couvez Mon Actu\" rel=\"nofollow noopener\" data-trk=\"{&quot;cta&quot;:{&quot;action&quot;:&quot;https:\\\/\\\/moncompte.actu.fr&quot;,&quot;category&quot;:&quot;mon compte&quot;,&quot;from&quot;:&quot;article footer&quot;,&quot;name&quot;:&quot;Mon actu&quot;,&quot;type&quot;:&quot;cta&quot;}}\" target=\"_blank\">Mon Actu<\/a>.<\/p>\n","protected":false},"excerpt":{"rendered":"Par Isabelle Villy Publi\u00e9 le 8 nov. 2025 \u00e0 11h14 Un livre pour sauver l\u2019\u00e9glise Saint-Martin de Cailly,&hellip;\n","protected":false},"author":2,"featured_media":520327,"comment_status":"","ping_status":"","sticky":false,"template":"","format":"standard","meta":{"footnotes":""},"categories":[9587],"tags":[1111,11,1777,674,1011,27,937,58904,1380,12,5161,2551,25,9590],"class_list":{"0":"post-520326","1":"post","2":"type-post","3":"status-publish","4":"format-standard","5":"has-post-thumbnail","7":"category-rouen","8":"tag-actu","9":"tag-actualites","10":"tag-eu","11":"tag-europe","12":"tag-fr","13":"tag-france","14":"tag-histoire","15":"tag-histoire-patrimoine","16":"tag-livres","17":"tag-news","18":"tag-normandie","19":"tag-patrimoine","20":"tag-republique-francaise","21":"tag-rouen"},"share_on_mastodon":{"url":"https:\/\/pubeurope.com\/@fr\/115513637141699225","error":""},"_links":{"self":[{"href":"https:\/\/www.europesays.com\/fr\/wp-json\/wp\/v2\/posts\/520326","targetHints":{"allow":["GET"]}}],"collection":[{"href":"https:\/\/www.europesays.com\/fr\/wp-json\/wp\/v2\/posts"}],"about":[{"href":"https:\/\/www.europesays.com\/fr\/wp-json\/wp\/v2\/types\/post"}],"author":[{"embeddable":true,"href":"https:\/\/www.europesays.com\/fr\/wp-json\/wp\/v2\/users\/2"}],"replies":[{"embeddable":true,"href":"https:\/\/www.europesays.com\/fr\/wp-json\/wp\/v2\/comments?post=520326"}],"version-history":[{"count":0,"href":"https:\/\/www.europesays.com\/fr\/wp-json\/wp\/v2\/posts\/520326\/revisions"}],"wp:featuredmedia":[{"embeddable":true,"href":"https:\/\/www.europesays.com\/fr\/wp-json\/wp\/v2\/media\/520327"}],"wp:attachment":[{"href":"https:\/\/www.europesays.com\/fr\/wp-json\/wp\/v2\/media?parent=520326"}],"wp:term":[{"taxonomy":"category","embeddable":true,"href":"https:\/\/www.europesays.com\/fr\/wp-json\/wp\/v2\/categories?post=520326"},{"taxonomy":"post_tag","embeddable":true,"href":"https:\/\/www.europesays.com\/fr\/wp-json\/wp\/v2\/tags?post=520326"}],"curies":[{"name":"wp","href":"https:\/\/api.w.org\/{rel}","templated":true}]}}