{"id":520345,"date":"2025-11-08T10:45:26","date_gmt":"2025-11-08T10:45:26","guid":{"rendered":"https:\/\/www.europesays.com\/fr\/520345\/"},"modified":"2025-11-08T10:45:26","modified_gmt":"2025-11-08T10:45:26","slug":"au-nord-de-nantes-ce-jeune-homme-atteint-de-handicap-va-concourir-au-concours-mondial","status":"publish","type":"post","link":"https:\/\/www.europesays.com\/fr\/520345\/","title":{"rendered":"Au nord de Nantes, ce jeune homme atteint de handicap va concourir au concours mondial"},"content":{"rendered":"<p>\u00a0Ma surdit\u00e9 et mon trouble du langage ont un impact sur mon entourage, mais cela ne m\u2019emp\u00eache pas d\u2019exceller dans mon travail manuel, un m\u00e9tier que j\u2019adore. C\u2019est avec cette d\u00e9termination que Cl\u00e9ment Chevalier, habitant de <a href=\"https:\/\/nantes.maville.com\/pays-de-la-loire\/loire-atlantique\/petit-mars\/\" target=\"_blank\" rel=\"noopener\">Petit-Mars<\/a> (<a href=\"https:\/\/www.ouest-france.fr\/pays-de-la-loire\/loire-atlantique\/\" target=\"_blank\" rel=\"noopener\">Loire-Atlantique<\/a>) a repr\u00e9sent\u00e9 la r\u00e9gion Pays de la Loire au WorldSkills France, en octobre\u00a02025 \u00e0 Marseille.<\/p>\n<p><strong>Un sacr\u00e9 parcours<\/strong><\/p>\n<p>Commenc\u00e9 \u00e0 18\u00a0ans, son C.V d\u2019\u00e9tudiant n\u2019a eu, depuis, de cesse de s\u2019allonger. Lors de son stage de troisi\u00e8me, il trouve sa voie gr\u00e2ce \u00e0 sa rencontre avec G\u00e9rard Coiffard. Devenu son ma\u00eetre de stage, cet \u00e9b\u00e9niste tourneur ne le l\u00e2chera plus\u00a0: \u00a0Je le trouvais surprenant. Il arrivait \u00e0 s\u2019en sortir malgr\u00e9 son handicap.\u00a0 C\u2019est ainsi qu\u2019il obtient son CAP de menuiserie agencement, puis continue en bac pro au lyc\u00e9e Michelet.<\/p>\n<p><strong>Lire aussi\u00a0: <\/strong> <a href=\"https:\/\/rennes.maville.com\/actu\/actudet_-a-22-ans-ce-boucher-d-ille-et-vilaine-remporte-la-finale-des-worldskills-france-_7-7029043_actu.Htm\" target=\"_blank\" rel=\"noopener\">\u00c0 22\u00a0ans, ce boucher d\u2019Ille-et-Vilaine remporte la finale des WorldSkills France<\/a><\/p>\n<p>Toujours avide d\u2019apprendre, il obtient son brevet de m\u00e9tier d\u2019art (BMA) au lyc\u00e9e Rapha\u00ebl-Eliz\u00e9, \u00e0 Sabl\u00e9-sur-Sarthe, alors qu\u2019il passe et r\u00e9ussit, en parall\u00e8le, son CAP d\u2019\u00e9b\u00e9niste. Outre son handicap, le jeune Cl\u00e9ment a \u00e9galement d\u00fb se battre contre un cancer qui, pour l\u2019instant, le laisse tranquille.<\/p>\n<p><strong>La comp\u00e9tition<\/strong><\/p>\n<p>Malgr\u00e9 tous ses dipl\u00f4mes, Cl\u00e9ment a des difficult\u00e9s \u00e0 trouver du travail. Pour mettre le jeune homme en valeur, G\u00e9rard Coiffard lui a propos\u00e9 de participer \u00e0 la comp\u00e9tition Worldskills. Ce concours permet aux meilleurs ouvriers, quel que soit le handicap, de montrer l\u2019\u00e9tendue de leur talent\u00a0: \u00a0Avec la comp\u00e9tition, j\u2019ai pens\u00e9 que cela pouvait l\u2019aider pour son inclusion et lui permettre de trouver un travail.\u00a0<\/p>\n<p>\u00c0 force d\u2019entra\u00eenement, le jeune homme s\u2019affirme et remporte le r\u00e9gional, \u00e0 Angers, en mars\u00a02025\u00a0: \u00a0Je voulais montrer ce dont je suis capable.\u00a0 Pour le national de Marseille, le futur gagnant est accompagn\u00e9 de son mentor. Et il sait que la barre est haute\u00a0: \u00a0En face de lui, il y avait les douze meilleurs fran\u00e7ais\u00a0: il avait donc un double handicap\u00a0\u00bb, raconte G\u00e9rard Coiffard, fier de son \u00e9l\u00e8ve.<\/p>\n<p>La qualification pour l\u2019international est le Graal pour celui qui a r\u00e9ussi \u00e0 passer devant des concurrents sans handicap. Le comp\u00e9titeur devra d\u00e9sormais attendre deux\u00a0ans\u00a0: il lui faudra donc \u00ab<strong>\u00a0remettre<\/strong> <strong>\u00a0l\u2019ouvrage sur le m\u00e9tier\u00a0\u00bb,<\/strong> toujours aid\u00e9 par son mentor.<\/p>\n<p>Ce dernier l\u2019a aid\u00e9 \u00e0 trouver un poste en CDI, \u00e0 Vallet, chez ACA nautisme dans l\u2019agencement d\u2019int\u00e9rieur de bateau.<\/p>\n<p>\u00a0<\/p>\n","protected":false},"excerpt":{"rendered":"\u00a0Ma surdit\u00e9 et mon trouble du langage ont un impact sur mon entourage, mais cela ne m\u2019emp\u00eache pas&hellip;\n","protected":false},"author":2,"featured_media":520346,"comment_status":"","ping_status":"","sticky":false,"template":"","format":"standard","meta":{"footnotes":""},"categories":[2818],"tags":[1111,11,14647,35153,903,64131,1777,674,1011,27,1943,4933,3913,2181,766,12,1308,2636,25],"class_list":{"0":"post-520345","1":"post","2":"type-post","3":"status-publish","4":"format-standard","5":"has-post-thumbnail","7":"category-nantes","8":"tag-actu","9":"tag-actualites","10":"tag-atteint","11":"tag-concourir","12":"tag-concours","13":"tag-ebenisterie","14":"tag-eu","15":"tag-europe","16":"tag-fr","17":"tag-france","18":"tag-handicap","19":"tag-homme","20":"tag-jeune","21":"tag-mondial","22":"tag-nantes","23":"tag-news","24":"tag-nord","25":"tag-pays-de-la-loire","26":"tag-republique-francaise"},"share_on_mastodon":{"url":"https:\/\/pubeurope.com\/@fr\/115513676546831788","error":""},"_links":{"self":[{"href":"https:\/\/www.europesays.com\/fr\/wp-json\/wp\/v2\/posts\/520345","targetHints":{"allow":["GET"]}}],"collection":[{"href":"https:\/\/www.europesays.com\/fr\/wp-json\/wp\/v2\/posts"}],"about":[{"href":"https:\/\/www.europesays.com\/fr\/wp-json\/wp\/v2\/types\/post"}],"author":[{"embeddable":true,"href":"https:\/\/www.europesays.com\/fr\/wp-json\/wp\/v2\/users\/2"}],"replies":[{"embeddable":true,"href":"https:\/\/www.europesays.com\/fr\/wp-json\/wp\/v2\/comments?post=520345"}],"version-history":[{"count":0,"href":"https:\/\/www.europesays.com\/fr\/wp-json\/wp\/v2\/posts\/520345\/revisions"}],"wp:featuredmedia":[{"embeddable":true,"href":"https:\/\/www.europesays.com\/fr\/wp-json\/wp\/v2\/media\/520346"}],"wp:attachment":[{"href":"https:\/\/www.europesays.com\/fr\/wp-json\/wp\/v2\/media?parent=520345"}],"wp:term":[{"taxonomy":"category","embeddable":true,"href":"https:\/\/www.europesays.com\/fr\/wp-json\/wp\/v2\/categories?post=520345"},{"taxonomy":"post_tag","embeddable":true,"href":"https:\/\/www.europesays.com\/fr\/wp-json\/wp\/v2\/tags?post=520345"}],"curies":[{"name":"wp","href":"https:\/\/api.w.org\/{rel}","templated":true}]}}